{"id":21313,"date":"2015-05-16T05:33:16","date_gmt":"2015-05-16T03:33:16","guid":{"rendered":"http:\/\/www.invarena.cz\/?p=21313"},"modified":"2015-05-16T05:33:24","modified_gmt":"2015-05-16T03:33:24","slug":"podepsane-hokejove-dresy-podpori-centrum","status":"publish","type":"post","link":"https:\/\/www.invarena.cz\/?p=21313","title":{"rendered":"Podepsan\u00e9 hokejov\u00e9 dresy podpo\u0159\u00ed centrum"},"content":{"rendered":"<p><strong>Jen m\u00e1lokdo by si nev\u0161iml, \u017ee v posledn\u00edch dnech pohltila \u010ceskou republiku hokejov\u00e1 hore\u010dka. Ale v\u00edte, \u017ee hokej um\u00ed tak\u00e9 pom\u00e1hat? <\/strong><!--more--><\/p>\n<p>Proto budou do elektronick\u00e9 benefi\u010dn\u00ed aukce nab\u00eddnuty sady hokejov\u00fdch artefakt\u016f a dresy podepsan\u00e9 hr\u00e1\u010di v\u0161ech z\u00fa\u010dastn\u011bn\u00fdch t\u00fdm\u016f a v\u00fdt\u011b\u017eek aukce poputuje na podporu provozu terapeutick\u00e9ho centra Modr\u00e9 dve\u0159e. Nenechte si proto uj\u00edt jedine\u010dn\u00e9 trofeje a v duchu fair play podpo\u0159te z\u00e1rove\u0148 i dobrou v\u011bc! <\/p>\n<p>Pomozte dobr\u00e9 v\u011bci <\/p>\n<p>Unik\u00e1tn\u00ed aukce podepsan\u00fdch dres\u016f mu\u017estev Kanady, Slovenska a dal\u0161\u00edch t\u00fdm\u016f pr\u00e1v\u011b za\u010d\u00edn\u00e1 na internetov\u00e9m auk\u010dn\u00edm port\u00e1lu Aukro a pob\u011b\u017e\u00ed a\u017e do konce \u0161ampion\u00e1tu. Z\u00e1jemci o origin\u00e1ln\u00ed hokejov\u00e9 artefakty mohou p\u0159ihazovat na odkazu uveden\u00e9m n\u00ed\u017ee, kde se tak\u00e9 dozv\u011bd\u00ed podrobnosti o podm\u00ednk\u00e1ch a pr\u016fb\u011bhu jednotliv\u00fdch aukc\u00ed.<br \/>\nhttp:\/\/aukro.cz\/listing\/user\/ listing.php?us_idZ39973881 &#8222;Hokej a sport obecn\u011b je nejen z\u00e1le\u017eitost\u00ed fyzick\u00fdch v\u00fdkon\u016f, ale tak\u00e9 kolektivn\u00edho ducha a p\u0159edev\u0161\u00edm fair play. Tyto dv\u011b veli\u010diny na\u0161i klienti \u010dasto v \u017eivot\u011b poznamenan\u00e9m psychick\u00fdm onemocn\u011bn\u00edm postr\u00e1daj\u00ed,&#8220; \u0159\u00edk\u00e1 \u0159editelka Terapeutick\u00e9ho centra Modr\u00e9 dve\u0159e Kate\u0159ina Sivekov\u00e1 K\u0159i\u017e\u00e1kov\u00e1. &#8222;D\u011bkujeme, \u017ee n\u00e1m tato benefi\u010dn\u00ed aukce pom\u016f\u017ee d\u00e1t pot\u0159ebn\u00fdm \u0161anci na f\u00e9rov\u00fd p\u0159\u00edstup a kvalitn\u011bj\u0161\u00ed \u017eivot.&#8220; <\/p>\n<p>Pomoc lidem s du\u0161evn\u00edm onemocn\u011bn\u00edm <\/p>\n<p>Terapeutick\u00e9 centrum Modr\u00e9 dve\u0159e s\u00eddl\u00ed v Kostelci nad \u010cern\u00fdmi lesy a ro\u010dn\u011b pom\u00e1h\u00e1 stovk\u00e1m osob s du\u0161evn\u00edm onemocn\u011bn\u00edm, lidem v aktu\u00e1ln\u00ed krizi s psychick\u00fdmi obt\u00ed\u017eemi nebo ment\u00e1ln\u011b posti\u017een\u00fdm. Je jedn\u00edm z pr\u016fkopn\u00edk\u016f modern\u00ed komplexn\u00ed psychiatrick\u00e9 p\u00e9\u010de. Pomoc terapeutick\u00e9ho centra m\u016f\u017ee vyhledat kdokoli, kdo pot\u0159ebuje slu\u017ebu klinick\u00e9ho psychologa nebo psychoterapii. Centrum pom\u00e1h\u00e1 lidem, k nim\u017e se spole\u010dnost oto\u010dila z\u00e1dy, proto\u017ee du\u0161evn\u00ed onemocn\u011bn\u00ed s sebou \u010dasto nese spole\u010densk\u00e9 stigma. <\/p>\n<p>Ocen\u011bn\u00ed v neziskov\u00e9m sektoru <\/p>\n<p>Modr\u00e9 dve\u0159e ale maj\u00ed tak\u00e9 kvalitn\u00ed veden\u00ed. Ve \u010dtvrt\u00e9m dubnov\u00e9m t\u00fddnu byly ofici\u00e1ln\u011b vyhl\u00e1\u0161eny v\u00fdsledky 22. ro\u010dn\u00edku ankety Mana\u017eer roku 2014. Z bezm\u00e1la dvoustovky nominovan\u00fdch postoupilo do fin\u00e1ln\u00edho v\u00fdb\u011bru pouh\u00fdch 77 kandid\u00e1t\u016f, a pr\u00e1v\u011b doktorka Kate\u0159ina Sivekov\u00e1 K\u0159i\u017e\u00e1kov\u00e1 z\u00edskala 13. m\u00edsto.<br \/>\n&#8222;V\u00fdborn\u00e9 um\u00edst\u011bn\u00ed v presti\u017en\u00ed anket\u011b je zrcadlem pr\u00e1ce cel\u00e9ho na\u0161eho pracovn\u00edho t\u00fdmu. Jsem r\u00e1da, \u017ee jsem t\u00edmto zp\u016fsobem mohla pouk\u00e1zat na nelehkou mana\u017eerskou pr\u00e1ci neziskov\u00fdch organizac\u00ed,&#8220; \u0159\u00edk\u00e1 pan\u00ed K\u0159i\u017e\u00e1kov\u00e1. Ocen\u011bn\u00ed je d\u016fkazem, \u017ee elitn\u00ed mana\u017ee\u0159i nepracuj\u00ed pouze pro ekonomick\u00e9 obry s mili\u00f3nov\u00fdmi zisky. Naopak, mana\u017ee\u0159i v neziskov\u00e9m sektoru mus\u00ed \u010dasto prok\u00e1zat nesm\u00edrn\u00e9 kvality pr\u00e1v\u011b d\u00edky velmi specifick\u00fdm charakteristik\u00e1m tohoto segmentu. Vysok\u00e9 n\u00e1roky jsou kladeny p\u0159edev\u0161\u00edm v oblasti motivace zam\u011bstnanc\u016f, kter\u00e1 m\u016f\u017ee b\u00fdt jen v omezen\u00e9 m\u00ed\u0159e finan\u010dn\u00edho charakteru. Velk\u00e9 \u00fasil\u00ed stoj\u00ed i financov\u00e1n\u00ed organizace, kter\u00e9 je konstantn\u011b podm\u00edn\u011bno nejistotou.<\/p>\n<p>N\u00e1\u0161 region<\/p>\n","protected":false},"excerpt":{"rendered":"<div class=\"mh-excerpt\"><p>Jen m\u00e1lokdo by si nev\u0161iml, \u017ee v posledn\u00edch dnech pohltila \u010ceskou republiku hokejov\u00e1 hore\u010dka. Ale v\u00edte, \u017ee hokej um\u00ed tak\u00e9 pom\u00e1hat?<\/p>\n<\/div>","protected":false},"author":1,"featured_media":12371,"comment_status":"open","ping_status":"closed","sticky":false,"template":"","format":"standard","meta":{"footnotes":""},"categories":[9],"tags":[],"class_list":["post-21313","post","type-post","status-publish","format-standard","has-post-thumbnail","hentry","category-zpravy"],"_links":{"self":[{"href":"https:\/\/www.invarena.cz\/index.php?rest_route=\/wp\/v2\/posts\/21313","targetHints":{"allow":["GET"]}}],"collection":[{"href":"https:\/\/www.invarena.cz\/index.php?rest_route=\/wp\/v2\/posts"}],"about":[{"href":"https:\/\/www.invarena.cz\/index.php?rest_route=\/wp\/v2\/types\/post"}],"author":[{"embeddable":true,"href":"https:\/\/www.invarena.cz\/index.php?rest_route=\/wp\/v2\/users\/1"}],"replies":[{"embeddable":true,"href":"https:\/\/www.invarena.cz\/index.php?rest_route=%2Fwp%2Fv2%2Fcomments&post=21313"}],"version-history":[{"count":0,"href":"https:\/\/www.invarena.cz\/index.php?rest_route=\/wp\/v2\/posts\/21313\/revisions"}],"wp:featuredmedia":[{"embeddable":true,"href":"https:\/\/www.invarena.cz\/index.php?rest_route=\/wp\/v2\/media\/12371"}],"wp:attachment":[{"href":"https:\/\/www.invarena.cz\/index.php?rest_route=%2Fwp%2Fv2%2Fmedia&parent=21313"}],"wp:term":[{"taxonomy":"category","embeddable":true,"href":"https:\/\/www.invarena.cz\/index.php?rest_route=%2Fwp%2Fv2%2Fcategories&post=21313"},{"taxonomy":"post_tag","embeddable":true,"href":"https:\/\/www.invarena.cz\/index.php?rest_route=%2Fwp%2Fv2%2Ftags&post=21313"}],"curies":[{"name":"wp","href":"https:\/\/api.w.org\/{rel}","templated":true}]}}