{"id":21321,"date":"2015-05-28T08:13:07","date_gmt":"2015-05-28T06:13:07","guid":{"rendered":"http:\/\/www.invarena.cz\/?p=21321"},"modified":"2015-05-28T08:13:07","modified_gmt":"2015-05-28T06:13:07","slug":"dobry-den-kocianko-2015-festival-v-zahradach-lidskych-hodnot","status":"publish","type":"post","link":"https:\/\/www.invarena.cz\/?p=21321","title":{"rendered":"Dobr\u00fd den Koci\u00e1nko 2015 \u2013 Festival v zahrad\u00e1ch lidsk\u00fdch hodnot"},"content":{"rendered":"<p><strong>T\u00e9matem leto\u0161n\u00edho ro\u010dn\u00edku tradi\u010dn\u00edho open-air festivalu je hodnota u\u017eite\u010dn\u00e1 a blahod\u00e1rn\u00e1. D\u00edky spolupr\u00e1ci d\u00e1rc\u016f, dobrovoln\u00edk\u016f, um\u011blc\u016f, zam\u011bstnanc\u016f a nad\u0161en\u00fdch p\u00e1bitel\u016f se letos m\u016f\u017eete t\u011b\u0161it na 29. kv\u011btna, park Centra Koci\u00e1nka se ve\u0159ejnosti otev\u0159e od 9 do 22 hodin.<\/strong><!--more--><\/p>\n<p class=\"western\" align=\"justify\">Program je pestr\u00fd a ur\u010den\u00fd cel\u00e9 rodin\u011b. Koncert <b>Ivy Bittov\u00e9 a \u010cikori <\/b>V\u00e1s okouzl\u00ed, <b>Zuby Nehty<\/b> nenechaj\u00ed vydechnout a <b>Bombar\u010f\u00e1k<\/b> roztan\u010d\u00ed i Va\u0161i babi\u010dku! <b>Divadlo L\u00ed\u0161e\u0148<\/b> zahraje poh\u00e1dku O Chytr\u00e9m hloup\u00e9m Romovi, <b>Cirkus LeGrando<\/b> <b>a Japka<\/b> zvou na p\u0159edstaven\u00ed Dal\u0161\u00ed, pros\u00edm&#8230;<\/p>\n<p class=\"western\" align=\"justify\">Nachyst\u00e1no pro V\u00e1s bude lahodn\u00e9 ob\u010derstven\u00ed z\u00a0brn\u011bnsk\u00fdch zdroj\u016f. Zahrada o\u017eije <b>jarmarkem neziskov\u00fdch organizac\u00ed<\/b> a <b>tv\u016fr\u010d\u00edmi d\u00edlnami<\/b> b\u00e1sn\u00edk\u016f, hudebn\u00edk\u016f, v\u00fdtvarn\u00edk\u016f.<\/p>\n<p class=\"western\" align=\"justify\">P\u0159ij\u010fte <b>Nechat zmizet ze\u010f<\/b>, p\u016fj\u010d\u00edme V\u00e1m sprej i \u0161ablonu, poslouchejte k\u00a0tomu <b>hip-hop<\/b>, MC\u00b4s i Dj\u00b4s a u\u017eijte si voln\u00fd mikrofon. <b>Spanil\u00e1 j\u00edzda Koci\u00e1nky<\/b> V\u00e1m odhal\u00ed nov\u00e9 obzory. Zam\u011bstnanci CK V\u00e1s sezn\u00e1m\u00ed s\u00a0<b>nab\u00eddkou slu\u017eeb<\/b>. Za\u010d\u00edn\u00e1me u\u017e hrav\u00fdm dopolednem a voz\u00ed\u010dk\u00e1\u0159i budou l\u00edtat vzduchem!<\/p>\n<p class=\"western\" align=\"justify\">V\u00a0pr\u016fb\u011bhu kv\u011btna jsou pro V\u00e1s p\u0159ichystan\u00e9 interaktivn\u00ed <b>tv\u016fr\u010d\u00ed d\u00edlny<\/b> v\u00a0brn\u011bnsk\u00fdch parc\u00edch. Pro jinak hrav\u00e9 m\u00e1me p\u0159ichystanou <b>sout\u011b\u017e o be\u010dku<\/b>! Hledejte hodnoty, pokvetou Brnem.<\/p>\n<p class=\"western\" align=\"justify\">Sledujte aktu\u00e1ln\u00ed informace na <b>FB<\/b> a webov\u00fdch str\u00e1nk\u00e1ch <span style=\"color: #0000ff;\"><span style=\"text-decoration: underline;\"><a href=\"http:\/\/www.dobrydenkocianko.cz\/\"><b>www.dobrydenkocianko.cz<\/b><\/a><\/span><\/span>.<\/p>\n<p class=\"western\" align=\"justify\">ilustra\u010dn\u00ed foto: Flickr.com<\/p>\n","protected":false},"excerpt":{"rendered":"<div class=\"mh-excerpt\"><p>T\u00e9matem leto\u0161n\u00edho ro\u010dn\u00edku tradi\u010dn\u00edho open-air festivalu je hodnota u\u017eite\u010dn\u00e1 a blahod\u00e1rn\u00e1. D\u00edky spolupr\u00e1ci d\u00e1rc\u016f, dobrovoln\u00edk\u016f, um\u011blc\u016f, zam\u011bstnanc\u016f a nad\u0161en\u00fdch p\u00e1bitel\u016f se letos m\u016f\u017eete t\u011b\u0161it na <a class=\"mh-excerpt-more\" href=\"https:\/\/www.invarena.cz\/?p=21321\" title=\"Dobr\u00fd den Koci\u00e1nko 2015 \u2013 Festival v zahrad\u00e1ch lidsk\u00fdch hodnot\">[&#8230;]<\/a><\/p>\n<\/div>","protected":false},"author":1,"featured_media":8962,"comment_status":"open","ping_status":"closed","sticky":false,"template":"","format":"standard","meta":{"footnotes":""},"categories":[17],"tags":[],"class_list":["post-21321","post","type-post","status-publish","format-standard","has-post-thumbnail","hentry","category-kultura"],"_links":{"self":[{"href":"https:\/\/www.invarena.cz\/index.php?rest_route=\/wp\/v2\/posts\/21321","targetHints":{"allow":["GET"]}}],"collection":[{"href":"https:\/\/www.invarena.cz\/index.php?rest_route=\/wp\/v2\/posts"}],"about":[{"href":"https:\/\/www.invarena.cz\/index.php?rest_route=\/wp\/v2\/types\/post"}],"author":[{"embeddable":true,"href":"https:\/\/www.invarena.cz\/index.php?rest_route=\/wp\/v2\/users\/1"}],"replies":[{"embeddable":true,"href":"https:\/\/www.invarena.cz\/index.php?rest_route=%2Fwp%2Fv2%2Fcomments&post=21321"}],"version-history":[{"count":0,"href":"https:\/\/www.invarena.cz\/index.php?rest_route=\/wp\/v2\/posts\/21321\/revisions"}],"wp:featuredmedia":[{"embeddable":true,"href":"https:\/\/www.invarena.cz\/index.php?rest_route=\/wp\/v2\/media\/8962"}],"wp:attachment":[{"href":"https:\/\/www.invarena.cz\/index.php?rest_route=%2Fwp%2Fv2%2Fmedia&parent=21321"}],"wp:term":[{"taxonomy":"category","embeddable":true,"href":"https:\/\/www.invarena.cz\/index.php?rest_route=%2Fwp%2Fv2%2Fcategories&post=21321"},{"taxonomy":"post_tag","embeddable":true,"href":"https:\/\/www.invarena.cz\/index.php?rest_route=%2Fwp%2Fv2%2Ftags&post=21321"}],"curies":[{"name":"wp","href":"https:\/\/api.w.org\/{rel}","templated":true}]}}