{"id":21324,"date":"2015-05-15T07:40:19","date_gmt":"2015-05-15T05:40:19","guid":{"rendered":"http:\/\/www.invarena.cz\/?p=21324"},"modified":"2015-05-15T07:40:19","modified_gmt":"2015-05-15T05:40:19","slug":"chilska-divka-ktera-zadala-o-eutanazii-podlehla-smrtelne-nemoci","status":"publish","type":"post","link":"https:\/\/www.invarena.cz\/?p=21324","title":{"rendered":"Chilsk\u00e1 d\u00edvka, kter\u00e1 \u017e\u00e1dala o eutanazii, podlehla smrteln\u00e9 nemoci"},"content":{"rendered":"<p><strong>Chilsk\u00e1 d\u00edvka, kter\u00e1 p\u0159ed n\u011bkolika m\u011bs\u00edci \u017e\u00e1dost\u00ed o eutanazii kv\u016fli smrteln\u00e9 nemoci vyvolala emoce po cel\u00e9m sv\u011bt\u011b, ve \u010dtvrtek zem\u0159ela. \u010ctrn\u00e1ctilet\u00e1 Valentina Maureiraov\u00e1 trp\u011bla cystickou fibr\u00f3zou, kter\u00e9 v \u0161esti letech podlehl tak\u00e9 jej\u00ed bratr.<\/strong> <!--more--><br \/>\nMaureiraov\u00e1 se videovzkazem na serveru YouTube obr\u00e1tila na prezidentku Michelle Bacheletovou s t\u00edm, aby j\u00ed v zemi, kde z\u00e1kony eutanazii nepovoluj\u00ed, povolila asistovanou sebevra\u017edu. Bacheletov\u00e1, kter\u00e1 je p\u016fvodn\u00edm povol\u00e1n\u00edm d\u011btsk\u00e1 l\u00e9ka\u0159ka, d\u00edvku v nemocnici nav\u0161t\u00edvila a dobrovoln\u00fd odchod ze \u017eivota j\u00ed rozmlouvala. To n\u00e1sledn\u011b \u010dinili i dal\u0161\u00ed lid\u00e9, tak\u017ee Maureiraov\u00e1 nakonec zm\u011bnila n\u00e1zor.<br \/>\nCystick\u00e1 fibr\u00f3za je smrteln\u00e1 d\u011bdi\u010dn\u00e1 nemoc postihuj\u00edc\u00ed hlavn\u011b d\u00fdchac\u00ed a tr\u00e1vic\u00ed soustavu. Onemocn\u011bn\u00ed, kter\u00e9 je prozat\u00edm nevyl\u00e9\u010diteln\u00e9, zp\u016fsobuje mutace genu.<\/p>\n","protected":false},"excerpt":{"rendered":"<div class=\"mh-excerpt\"><p>Chilsk\u00e1 d\u00edvka, kter\u00e1 p\u0159ed n\u011bkolika m\u011bs\u00edci \u017e\u00e1dost\u00ed o eutanazii kv\u016fli smrteln\u00e9 nemoci vyvolala emoce po cel\u00e9m sv\u011bt\u011b, ve \u010dtvrtek zem\u0159ela. \u010ctrn\u00e1ctilet\u00e1 Valentina Maureiraov\u00e1 trp\u011bla cystickou <a class=\"mh-excerpt-more\" href=\"https:\/\/www.invarena.cz\/?p=21324\" title=\"Chilsk\u00e1 d\u00edvka, kter\u00e1 \u017e\u00e1dala o eutanazii, podlehla smrteln\u00e9 nemoci\">[&#8230;]<\/a><\/p>\n<\/div>","protected":false},"author":1,"featured_media":0,"comment_status":"open","ping_status":"closed","sticky":false,"template":"","format":"standard","meta":{"footnotes":""},"categories":[9],"tags":[],"class_list":["post-21324","post","type-post","status-publish","format-standard","hentry","category-zpravy"],"_links":{"self":[{"href":"https:\/\/www.invarena.cz\/index.php?rest_route=\/wp\/v2\/posts\/21324","targetHints":{"allow":["GET"]}}],"collection":[{"href":"https:\/\/www.invarena.cz\/index.php?rest_route=\/wp\/v2\/posts"}],"about":[{"href":"https:\/\/www.invarena.cz\/index.php?rest_route=\/wp\/v2\/types\/post"}],"author":[{"embeddable":true,"href":"https:\/\/www.invarena.cz\/index.php?rest_route=\/wp\/v2\/users\/1"}],"replies":[{"embeddable":true,"href":"https:\/\/www.invarena.cz\/index.php?rest_route=%2Fwp%2Fv2%2Fcomments&post=21324"}],"version-history":[{"count":0,"href":"https:\/\/www.invarena.cz\/index.php?rest_route=\/wp\/v2\/posts\/21324\/revisions"}],"wp:attachment":[{"href":"https:\/\/www.invarena.cz\/index.php?rest_route=%2Fwp%2Fv2%2Fmedia&parent=21324"}],"wp:term":[{"taxonomy":"category","embeddable":true,"href":"https:\/\/www.invarena.cz\/index.php?rest_route=%2Fwp%2Fv2%2Fcategories&post=21324"},{"taxonomy":"post_tag","embeddable":true,"href":"https:\/\/www.invarena.cz\/index.php?rest_route=%2Fwp%2Fv2%2Ftags&post=21324"}],"curies":[{"name":"wp","href":"https:\/\/api.w.org\/{rel}","templated":true}]}}