{"id":21326,"date":"2015-05-15T08:32:38","date_gmt":"2015-05-15T06:32:38","guid":{"rendered":"http:\/\/www.invarena.cz\/?p=21326"},"modified":"2015-05-15T08:37:54","modified_gmt":"2015-05-15T06:37:54","slug":"zlinsky-primator-ocenil-propagatorku-darcovstvi-kostni-drene","status":"publish","type":"post","link":"https:\/\/www.invarena.cz\/?p=21326","title":{"rendered":"Zl\u00ednsk\u00fd prim\u00e1tor ocenil propag\u00e1torku d\u00e1rcovstv\u00ed kostn\u00ed d\u0159en\u011b"},"content":{"rendered":"<p><strong>Ocen\u011bn\u00ed prim\u00e1tora m\u011bsta Zl\u00edna v\u010dera p\u0159evzala propag\u00e1torka d\u00e1rcovstv\u00ed kostn\u00ed d\u0159en\u011b Zdena Wasserbauerov\u00e1 (foto) ze sdru\u017een\u00ed \u0160ance. Prim\u00e1tor Miroslav Ad\u00e1mek (STAN) j\u00ed t\u00edmto zp\u016fsobem pod\u011bkoval za dlouholetou ne\u00fanavnou a nezi\u0161tnou pomoc p\u0159i hled\u00e1n\u00ed nov\u00fdch d\u00e1rc\u016f kostn\u00ed d\u0159en\u011b.<\/strong><!--more--><\/p>\n<p>Ocen\u011bn\u00ed ud\u011bluje prim\u00e1tor nepravideln\u011b, v minulosti jej z\u00edskal nap\u0159\u00edklad divadeln\u00ed re\u017eis\u00e9r Jan Anton\u00edn Pit\u00ednsk\u00fd.<\/p>\n<p>V \u010desk\u00e9m registru d\u00e1rc\u016f bylo na konci lo\u0148sk\u00e9ho roku t\u00e9m\u011b\u0159 24.000 lid\u00ed, za rok 2014 v n\u011bm p\u0159ibylo 1730 nov\u00fdch d\u00e1rc\u016f. V \u010cesku trp\u00ed podle l\u00e9ka\u0159\u016f leukemi\u00ed do 10.000 obyvatel. Zhruba t\u0159etina z nich trp\u00ed agresivn\u00edm typem, kter\u00fd ohro\u017euje \u017eivot.<\/p>\n<p>Prim\u00e1tor p\u0159ipomn\u011bl, \u017ee bez d\u00e1rc\u016f by mnoho lid\u00ed p\u0159i\u0161lo o \u017eivot. &#8222;U t\u00e9to nemoci je rozhoduj\u00edc\u00ed v\u010dasn\u00e1 transplantace kostn\u00ed d\u0159en\u011b, a ta se z\u00edsk\u00e1v\u00e1 od vhodn\u00fdch d\u00e1rc\u016f z registru. T\u011bch mus\u00ed b\u00fdt co nejv\u00edce, proto\u017ee darovat m\u016f\u017ee jen p\u0159ibli\u017en\u011b ka\u017ed\u00fd st\u00fd. D\u00edky pan\u00ed Zde\u0148ce Wasserbauerov\u00e9 se tento registr \u00fasp\u011b\u0161n\u011b rozr\u016fst\u00e1,&#8220; uvedl Ad\u00e1mek.<\/p>\n<p>Wasserbauerov\u00e1 u\u017e p\u0159ivedla do \u010desk\u00e9ho registr d\u00e1rc\u016f kostn\u00ed d\u0159en\u011b t\u00e9m\u011b\u0159 6000 lid\u00ed, pom\u00e1h\u00e1 tak\u00e9 v kampan\u00edch za z\u00e1chranu konkr\u00e9tn\u00edch nemocn\u00fdch. &#8222;Moc si tohoto ocen\u011bn\u00ed v\u00e1\u017e\u00edm, stejn\u011b jako dlouholet\u00e9 spolupr\u00e1ce s panem Ad\u00e1mkem a m\u011bstem Zl\u00ednem,&#8220; podotkla Wasserbauerov\u00e1.<\/p>\n<p>M\u011bsto s n\u00ed propaguje d\u00e1rcovstv\u00ed kostn\u00ed d\u0159en\u011b i krve dlouhodob\u011b, nap\u0159\u00edklad v r\u00e1mci charitativn\u00ed cyklotour Na kole d\u011btem jezdce na velocipedu Josefa Zimov\u010d\u00e1ka. &#8222;Letos se tato akce uskute\u010dn\u00ed 12. \u010dervna, darov\u00e1n\u00ed bude v prostor\u00e1ch transfuzn\u00edho odd\u011blen\u00ed Krajsk\u00e9 nemocnice Tom\u00e1\u0161e Bati, program na n\u00e1m\u011bst\u00ed M\u00edru. Aktu\u00e1ln\u011b tak\u00e9 Zdena Wasserbauerov\u00e1 s veden\u00edm m\u011bsta vyz\u00fdvaj\u00ed Zl\u00ed\u0148any k z\u00e1pisu do registru d\u00e1rc\u016f kostn\u00ed d\u0159en\u011b, hled\u00e1 se toti\u017e d\u00e1rce pro mladou maminku ze Zl\u00ednsk\u00e9ho kraje,&#8220; uvedl Dvo\u0159\u00e1k.<\/p>\n","protected":false},"excerpt":{"rendered":"<div class=\"mh-excerpt\"><p>Ocen\u011bn\u00ed prim\u00e1tora m\u011bsta Zl\u00edna v\u010dera p\u0159evzala propag\u00e1torka d\u00e1rcovstv\u00ed kostn\u00ed d\u0159en\u011b Zdena Wasserbauerov\u00e1 (foto) ze sdru\u017een\u00ed \u0160ance. Prim\u00e1tor Miroslav Ad\u00e1mek (STAN) j\u00ed t\u00edmto zp\u016fsobem pod\u011bkoval za <a class=\"mh-excerpt-more\" href=\"https:\/\/www.invarena.cz\/?p=21326\" title=\"Zl\u00ednsk\u00fd prim\u00e1tor ocenil propag\u00e1torku d\u00e1rcovstv\u00ed kostn\u00ed d\u0159en\u011b\">[&#8230;]<\/a><\/p>\n<\/div>","protected":false},"author":1,"featured_media":21327,"comment_status":"open","ping_status":"closed","sticky":false,"template":"","format":"standard","meta":{"footnotes":""},"categories":[7],"tags":[],"class_list":["post-21326","post","type-post","status-publish","format-standard","has-post-thumbnail","hentry","category-spolecnost"],"_links":{"self":[{"href":"https:\/\/www.invarena.cz\/index.php?rest_route=\/wp\/v2\/posts\/21326","targetHints":{"allow":["GET"]}}],"collection":[{"href":"https:\/\/www.invarena.cz\/index.php?rest_route=\/wp\/v2\/posts"}],"about":[{"href":"https:\/\/www.invarena.cz\/index.php?rest_route=\/wp\/v2\/types\/post"}],"author":[{"embeddable":true,"href":"https:\/\/www.invarena.cz\/index.php?rest_route=\/wp\/v2\/users\/1"}],"replies":[{"embeddable":true,"href":"https:\/\/www.invarena.cz\/index.php?rest_route=%2Fwp%2Fv2%2Fcomments&post=21326"}],"version-history":[{"count":0,"href":"https:\/\/www.invarena.cz\/index.php?rest_route=\/wp\/v2\/posts\/21326\/revisions"}],"wp:featuredmedia":[{"embeddable":true,"href":"https:\/\/www.invarena.cz\/index.php?rest_route=\/wp\/v2\/media\/21327"}],"wp:attachment":[{"href":"https:\/\/www.invarena.cz\/index.php?rest_route=%2Fwp%2Fv2%2Fmedia&parent=21326"}],"wp:term":[{"taxonomy":"category","embeddable":true,"href":"https:\/\/www.invarena.cz\/index.php?rest_route=%2Fwp%2Fv2%2Fcategories&post=21326"},{"taxonomy":"post_tag","embeddable":true,"href":"https:\/\/www.invarena.cz\/index.php?rest_route=%2Fwp%2Fv2%2Ftags&post=21326"}],"curies":[{"name":"wp","href":"https:\/\/api.w.org\/{rel}","templated":true}]}}