{"id":21329,"date":"2015-05-15T08:34:50","date_gmt":"2015-05-15T06:34:50","guid":{"rendered":"http:\/\/www.invarena.cz\/?p=21329"},"modified":"2015-05-15T08:37:31","modified_gmt":"2015-05-15T06:37:31","slug":"cesky-cerveny-kriz-do-nepalu-posle-ctyri-tuny-materialu","status":"publish","type":"post","link":"https:\/\/www.invarena.cz\/?p=21329","title":{"rendered":"\u010cesk\u00fd \u010derven\u00fd k\u0159\u00ed\u017e do Nep\u00e1lu po\u0161le \u010dty\u0159i tuny materi\u00e1lu"},"content":{"rendered":"<p><strong>\u010cesk\u00fd \u010derven\u00fd k\u0159\u00ed\u017e (\u010c\u010cK) do Nep\u00e1lu na palub\u011b vojensk\u00e9ho speci\u00e1lu po\u0161le \u010dty\u0159i tuny zdravotnick\u00e9ho materi\u00e1lu. Obvazov\u00fd a dal\u0161\u00ed chirurgick\u00fd materi\u00e1l je ur\u010den pro sedm nemocnic a poln\u00edch nemocnic, uvedl dnes v tiskov\u00e9 zpr\u00e1v\u011b \u010cesk\u00fd \u010derven\u00fd k\u0159\u00ed\u017e. Letadlo m\u00e1 odstartovat v p\u00e1tek z Prahy.<\/strong><!--more--><\/p>\n<p>    V Nep\u00e1lu u\u017e p\u00e1r t\u00fddn\u016f p\u016fsob\u00ed \u010de\u0161t\u00ed zdravotn\u00edci a hasi\u010di. Vl\u00e1da ve st\u0159edu schv\u00e1lila prodlou\u017een\u00ed jejich mise o dal\u0161\u00edch 15 dn\u016f. Vojensk\u00fd speci\u00e1l doveze vedle z\u00e1sob a pot\u0159ebn\u00e9ho materi\u00e1lu tak\u00e9 deset hasi\u010d\u016f a \u010dty\u0159i zdravotn\u00edky, kte\u0159\u00ed \u010d\u00e1st t\u00fdmu vyst\u0159\u00eddaj\u00ed.<\/p>\n<p>    T\u00fdm 36 l\u00e9ka\u0159\u016f, zdravotn\u00edch sester a hasi\u010d\u016f je v Nep\u00e1lu od konce dubna. D\u00e9lka jeho mise byla p\u016fvodn\u011b pl\u00e1nov\u00e1na minim\u00e1ln\u011b na dva t\u00fddny, po\u010d\u00edtalo se ale s p\u0159\u00edpadn\u00fdm prodlou\u017een\u00edm a\u017e na m\u011bs\u00edc. Po ni\u010div\u00e9m zem\u011bt\u0159esen\u00ed z 25. dubna, p\u0159i n\u011bm\u017e zahynulo p\u0159es 8000 lid\u00ed a zranilo se dal\u0161\u00edch v\u00edce ne\u017e 18.000, postihlo Nep\u00e1l v \u00fater\u00fd dal\u0161\u00ed siln\u00e9 zem\u011bt\u0159esen\u00ed, kter\u00e9 si vy\u017e\u00e1dalo des\u00edtky ob\u011bt\u00ed.<\/p>\n<p>    Sou\u010d\u00e1st\u00ed humanit\u00e1rn\u00ed z\u00e1silky \u010cesk\u00e9ho \u010derven\u00e9ho k\u0159\u00ed\u017ee budou obvazy, chirurgick\u00fd materi\u00e1l, injek\u010dn\u00ed jehly a st\u0159\u00edka\u010dky, analgetika, antibiotika a dal\u0161\u00ed zdravotnick\u00e9 pot\u0159eby. Z\u00e1silku \u010c\u010cK po\u0159\u00eddil s pou\u017eit\u00edm prost\u0159edk\u016f z ve\u0159ejn\u00e9 finan\u010dn\u00ed sb\u00edrky. <\/p>\n","protected":false},"excerpt":{"rendered":"<div class=\"mh-excerpt\"><p>\u010cesk\u00fd \u010derven\u00fd k\u0159\u00ed\u017e (\u010c\u010cK) do Nep\u00e1lu na palub\u011b vojensk\u00e9ho speci\u00e1lu po\u0161le \u010dty\u0159i tuny zdravotnick\u00e9ho materi\u00e1lu. Obvazov\u00fd a dal\u0161\u00ed chirurgick\u00fd materi\u00e1l je ur\u010den pro sedm nemocnic <a class=\"mh-excerpt-more\" href=\"https:\/\/www.invarena.cz\/?p=21329\" title=\"\u010cesk\u00fd \u010derven\u00fd k\u0159\u00ed\u017e do Nep\u00e1lu po\u0161le \u010dty\u0159i tuny materi\u00e1lu\">[&#8230;]<\/a><\/p>\n<\/div>","protected":false},"author":1,"featured_media":0,"comment_status":"open","ping_status":"closed","sticky":false,"template":"","format":"standard","meta":{"footnotes":""},"categories":[9],"tags":[],"class_list":["post-21329","post","type-post","status-publish","format-standard","hentry","category-zpravy"],"_links":{"self":[{"href":"https:\/\/www.invarena.cz\/index.php?rest_route=\/wp\/v2\/posts\/21329","targetHints":{"allow":["GET"]}}],"collection":[{"href":"https:\/\/www.invarena.cz\/index.php?rest_route=\/wp\/v2\/posts"}],"about":[{"href":"https:\/\/www.invarena.cz\/index.php?rest_route=\/wp\/v2\/types\/post"}],"author":[{"embeddable":true,"href":"https:\/\/www.invarena.cz\/index.php?rest_route=\/wp\/v2\/users\/1"}],"replies":[{"embeddable":true,"href":"https:\/\/www.invarena.cz\/index.php?rest_route=%2Fwp%2Fv2%2Fcomments&post=21329"}],"version-history":[{"count":0,"href":"https:\/\/www.invarena.cz\/index.php?rest_route=\/wp\/v2\/posts\/21329\/revisions"}],"wp:attachment":[{"href":"https:\/\/www.invarena.cz\/index.php?rest_route=%2Fwp%2Fv2%2Fmedia&parent=21329"}],"wp:term":[{"taxonomy":"category","embeddable":true,"href":"https:\/\/www.invarena.cz\/index.php?rest_route=%2Fwp%2Fv2%2Fcategories&post=21329"},{"taxonomy":"post_tag","embeddable":true,"href":"https:\/\/www.invarena.cz\/index.php?rest_route=%2Fwp%2Fv2%2Ftags&post=21329"}],"curies":[{"name":"wp","href":"https:\/\/api.w.org\/{rel}","templated":true}]}}