{"id":21360,"date":"2015-05-18T10:26:26","date_gmt":"2015-05-18T08:26:26","guid":{"rendered":"http:\/\/www.invarena.cz\/?p=21360"},"modified":"2015-05-18T10:26:26","modified_gmt":"2015-05-18T08:26:26","slug":"staci-prukaz-ztp-pro-priznani-prispevku-na-auto","status":"publish","type":"post","link":"https:\/\/www.invarena.cz\/?p=21360","title":{"rendered":"Sta\u010d\u00ed pr\u016fkaz ZTP pro p\u0159izn\u00e1n\u00ed p\u0159\u00edsp\u011bvku na auto?"},"content":{"rendered":"<p><strong>Dotaz: Kdo m\u016f\u017ee po\u017e\u00e1dat o p\u0159\u00edsp\u011bvek na auto? Sta\u010d\u00ed m\u00edt pr\u016fkaz ZTP a nebo p\u0159\u00edsp\u011bvek na mobilitu? A kde si m\u00e1m o p\u0159\u00edsp\u011bvek za\u017e\u00e1dat?<\/strong><br \/>\n<!--more--><br \/>\nilustra\u010dn\u00ed foto: Nathan Eal Photography \/ Flickr.com<\/p>\n<p><strong>Odpov\u011b\u010f:<\/strong><br \/>\nMo\u017enost z\u00edsk\u00e1n\u00ed p\u0159\u00edsp\u011bvku na osobn\u00ed automobil se nev\u00e1\u017ee na pr\u016fkaz ZTP pota\u017emo p\u0159\u00edsp\u011bvek na mobilitu. U p\u0159\u00edsp\u011bvku na auto posuzuje L\u00e9ka\u0159sk\u00e1 posudkov\u00e1 slu\u017eba \u010cSSZ V\u00e1\u0161 zdravotn\u00ed stav.<\/p>\n<p>\u201cN\u00e1rok na p\u0159\u00edsp\u011bvek na zvl\u00e1\u0161tn\u00ed pom\u016fcku poskytovan\u00fd na po\u0159\u00edzen\u00ed motorov\u00e9ho vozidla m\u00e1 osoba, kter\u00e1 m\u00e1 t\u011b\u017ekou vadu nosn\u00e9ho nebo pohybov\u00e9ho \u00fastroj\u00ed anebo t\u011b\u017ekou nebo hlubokou ment\u00e1ln\u00ed retardaci charakteru dlouhodob\u011b nep\u0159\u00edzniv\u00e9ho zdravotn\u00edho stavu, a jej\u00ed zdravotn\u00ed stav nevylu\u010duje p\u0159izn\u00e1n\u00ed tohoto p\u0159\u00edsp\u011bvku.\u201d<\/p>\n<p>Za\u017e\u00e1dat si o p\u0159\u00edsp\u011bvek m\u016f\u017ee samoz\u0159ejm\u011b ka\u017ed\u00fd a to na sv\u00e9 pobo\u010dce \u00da\u0159adu pr\u00e1ce.<\/p>\n<p>Ji\u0159\u00ed Marek<br \/>\ninvArena<\/p>\n","protected":false},"excerpt":{"rendered":"<div class=\"mh-excerpt\"><p>Dotaz: Kdo m\u016f\u017ee po\u017e\u00e1dat o p\u0159\u00edsp\u011bvek na auto? Sta\u010d\u00ed m\u00edt pr\u016fkaz ZTP a nebo p\u0159\u00edsp\u011bvek na mobilitu? A kde si m\u00e1m o p\u0159\u00edsp\u011bvek za\u017e\u00e1dat?<\/p>\n<\/div>","protected":false},"author":3,"featured_media":16377,"comment_status":"open","ping_status":"closed","sticky":false,"template":"","format":"standard","meta":{"footnotes":""},"categories":[18],"tags":[],"class_list":["post-21360","post","type-post","status-publish","format-standard","has-post-thumbnail","hentry","category-poradna"],"_links":{"self":[{"href":"https:\/\/www.invarena.cz\/index.php?rest_route=\/wp\/v2\/posts\/21360","targetHints":{"allow":["GET"]}}],"collection":[{"href":"https:\/\/www.invarena.cz\/index.php?rest_route=\/wp\/v2\/posts"}],"about":[{"href":"https:\/\/www.invarena.cz\/index.php?rest_route=\/wp\/v2\/types\/post"}],"author":[{"embeddable":true,"href":"https:\/\/www.invarena.cz\/index.php?rest_route=\/wp\/v2\/users\/3"}],"replies":[{"embeddable":true,"href":"https:\/\/www.invarena.cz\/index.php?rest_route=%2Fwp%2Fv2%2Fcomments&post=21360"}],"version-history":[{"count":0,"href":"https:\/\/www.invarena.cz\/index.php?rest_route=\/wp\/v2\/posts\/21360\/revisions"}],"wp:featuredmedia":[{"embeddable":true,"href":"https:\/\/www.invarena.cz\/index.php?rest_route=\/wp\/v2\/media\/16377"}],"wp:attachment":[{"href":"https:\/\/www.invarena.cz\/index.php?rest_route=%2Fwp%2Fv2%2Fmedia&parent=21360"}],"wp:term":[{"taxonomy":"category","embeddable":true,"href":"https:\/\/www.invarena.cz\/index.php?rest_route=%2Fwp%2Fv2%2Fcategories&post=21360"},{"taxonomy":"post_tag","embeddable":true,"href":"https:\/\/www.invarena.cz\/index.php?rest_route=%2Fwp%2Fv2%2Ftags&post=21360"}],"curies":[{"name":"wp","href":"https:\/\/api.w.org\/{rel}","templated":true}]}}