{"id":21385,"date":"2015-05-19T10:27:34","date_gmt":"2015-05-19T08:27:34","guid":{"rendered":"http:\/\/www.invarena.cz\/?p=21385"},"modified":"2015-05-19T11:07:43","modified_gmt":"2015-05-19T09:07:43","slug":"splni-prani-postizenym-detem","status":"publish","type":"post","link":"https:\/\/www.invarena.cz\/?p=21385","title":{"rendered":"Spln\u00ed p\u0159\u00e1n\u00ed posti\u017een\u00fdm d\u011btem"},"content":{"rendered":"<p><strong>You Dream We Run. Tak se jmenuje charitativn\u00ed akce, kter\u00e1 pom\u00e1h\u00e1 plnit p\u0159\u00e1n\u00ed posti\u017een\u00fdm d\u011btem z Blanenska. Letos se bude konat u\u017e pot\u0159et\u00ed, a to dvan\u00e1ct\u00e9ho a t\u0159in\u00e1ct\u00e9ho \u010dervna v are\u00e1lu h\u0159i\u0161t\u011b ASK na Ml\u00fdnsk\u00e9 ulici v Blansku. Tentokr\u00e1t pom\u016f\u017ee splnit p\u0159\u00e1n\u00ed ment\u00e1ln\u011b posti\u017een\u00e9 Em\u011b z Kn\u00ednic u Boskovic. P\u0159isp\u011bt m\u016f\u017ee ka\u017ed\u00fd.<\/strong><!--more--><\/p>\n<p>Blansko \u2013 Hlavn\u00edm programem akce je \u010dty\u0159iadvacetihodinov\u00fd \u0161tafetov\u00fd b\u011bh. &#8222;Z\u00fa\u010dastnit se ho m\u016f\u017ee neomezen\u00fd po\u010det dru\u017estev s libovoln\u00fdm po\u010dtem \u010dlen\u016f, kte\u0159\u00ed si koup\u00ed \u00fa\u010dastnick\u00e9 tri\u010dko s logem akce. V\u0161echna dru\u017estva dohromady mus\u00ed po dobu dvacet \u010dty\u0159i hodin udr\u017eet \u0161tafetov\u00fd kol\u00edk na atletick\u00e9m ov\u00e1le. Ka\u017ed\u00fd si ale m\u016f\u017ee tempo i po\u010det okruh\u016f p\u0159izp\u016fsobit sv\u00fdm mo\u017enostem,&#8220; vysv\u011btlil hlavn\u00ed po\u0159adatel Roman Jan\u010diar s t\u00edm, \u017ee b\u011bh nem\u00e1 stanoven\u00e1 \u017e\u00e1dn\u00e1 pevn\u00e1 pravidla.<\/p>\n<p>V\u00fdt\u011b\u017eek z prodeje \u00fa\u010dastnick\u00fdch tri\u010dek potom poslou\u017e\u00ed ke spln\u011bn\u00ed snu posti\u017een\u00e9ho d\u00edt\u011bte. &#8222;Tento rok se p\u0159ihl\u00e1silo p\u011bt d\u011bt\u00ed ze \u010dty\u0159 rodin. Starosta Blanska Ivo Pol\u00e1k vylosoval na prvn\u00edm m\u00edst\u011b spln\u011bn\u00ed snu Emi\u010dce z Kn\u00ednic. Ta si p\u0159eje rodinn\u00fd pobyt v term\u00e1ln\u00edch l\u00e1zn\u00edch. To v\u0161ak neznamen\u00e1, \u017ee ostatn\u00edm p\u0159ihl\u00e1\u0161en\u00fdm d\u011btem se sen nespln\u00ed, vylosovan\u00e9 je toti\u017e i dal\u0161\u00ed po\u0159ad\u00ed p\u0159\u00edpadn\u00e9ho pln\u011bn\u00ed jejich p\u0159\u00e1n\u00ed,&#8220; vysv\u011btlil Jan\u010diar.<\/p>\n<p>Krom\u011b samotn\u00e9ho b\u011bhu si \u00fa\u010dastn\u00edci u\u017eij\u00ed i doprovodn\u00fd kulturn\u00ed program. &#8222;Jeho leto\u0161n\u00edm vrcholem bude p\u00e1te\u010dn\u00ed vystoupen\u00ed zp\u011bv\u00e1ka a dr\u017eitele leto\u0161n\u00ed Ceny And\u011bl Michala Hr\u016fzy. Na sobotu pl\u00e1nujeme p\u0159ekvapen\u00ed v podob\u011b vystoupen\u00ed dal\u0161\u00ed v\u00fdznamn\u00e9 osobnosti na\u0161eho showbyznysu. T\u011b\u0161it se ale p\u0159\u00edchoz\u00ed mohou i na vystoupen\u00ed Pavla Helana, Jakuba Nesn\u00eddala nebo skupin \u0160nek, Rockf\u00f3r, Max a Poem \u010di Evy a Va\u0161ka,&#8220; vyjmenoval Jan\u010diar.<\/p>\n<p>Za uplynul\u00e9 dva ro\u010dn\u00edky se d\u00edky akci v Blansku a v Brn\u011b poda\u0159ilo posti\u017een\u00fdm d\u011btem splnit sny za bezm\u00e1la \u010dtvrt milionu korun.<\/p>\n<p>EVA ONDR\u00c1\u010cKOV\u00c1<br \/>\nBlanensk\u00fd den\u00edk<br \/>\n<a href=\"http:\/\/blanensky.denik.cz\/\"><\/a><\/p>\n","protected":false},"excerpt":{"rendered":"<div class=\"mh-excerpt\"><p>You Dream We Run. Tak se jmenuje charitativn\u00ed akce, kter\u00e1 pom\u00e1h\u00e1 plnit p\u0159\u00e1n\u00ed posti\u017een\u00fdm d\u011btem z Blanenska. Letos se bude konat u\u017e pot\u0159et\u00ed, a to <a class=\"mh-excerpt-more\" href=\"https:\/\/www.invarena.cz\/?p=21385\" title=\"Spln\u00ed p\u0159\u00e1n\u00ed posti\u017een\u00fdm d\u011btem\">[&#8230;]<\/a><\/p>\n<\/div>","protected":false},"author":1,"featured_media":0,"comment_status":"open","ping_status":"closed","sticky":false,"template":"","format":"standard","meta":{"footnotes":""},"categories":[9],"tags":[],"class_list":["post-21385","post","type-post","status-publish","format-standard","hentry","category-zpravy"],"_links":{"self":[{"href":"https:\/\/www.invarena.cz\/index.php?rest_route=\/wp\/v2\/posts\/21385","targetHints":{"allow":["GET"]}}],"collection":[{"href":"https:\/\/www.invarena.cz\/index.php?rest_route=\/wp\/v2\/posts"}],"about":[{"href":"https:\/\/www.invarena.cz\/index.php?rest_route=\/wp\/v2\/types\/post"}],"author":[{"embeddable":true,"href":"https:\/\/www.invarena.cz\/index.php?rest_route=\/wp\/v2\/users\/1"}],"replies":[{"embeddable":true,"href":"https:\/\/www.invarena.cz\/index.php?rest_route=%2Fwp%2Fv2%2Fcomments&post=21385"}],"version-history":[{"count":0,"href":"https:\/\/www.invarena.cz\/index.php?rest_route=\/wp\/v2\/posts\/21385\/revisions"}],"wp:attachment":[{"href":"https:\/\/www.invarena.cz\/index.php?rest_route=%2Fwp%2Fv2%2Fmedia&parent=21385"}],"wp:term":[{"taxonomy":"category","embeddable":true,"href":"https:\/\/www.invarena.cz\/index.php?rest_route=%2Fwp%2Fv2%2Fcategories&post=21385"},{"taxonomy":"post_tag","embeddable":true,"href":"https:\/\/www.invarena.cz\/index.php?rest_route=%2Fwp%2Fv2%2Ftags&post=21385"}],"curies":[{"name":"wp","href":"https:\/\/api.w.org\/{rel}","templated":true}]}}