{"id":21401,"date":"2015-05-22T09:33:49","date_gmt":"2015-05-22T07:33:49","guid":{"rendered":"http:\/\/www.invarena.cz\/?p=21401"},"modified":"2015-05-22T09:33:49","modified_gmt":"2015-05-22T07:33:49","slug":"koulime-to-spolu-uz-20-let-sdruzeni-pomaha-postizenym-detem","status":"publish","type":"post","link":"https:\/\/www.invarena.cz\/?p=21401","title":{"rendered":"Koul\u00edme to SPOLU u\u017e 20 let. Sdru\u017een\u00ed pom\u00e1h\u00e1 posti\u017een\u00fdm d\u011btem"},"content":{"rendered":"<p><strong>V roce 1995 vznikla ve m\u011bst\u011b neziskov\u00e1 organizace s n\u00e1zvem SPOLU Olomouc, jej\u00edm\u017e prvotn\u00edm c\u00edlem bylo pomoci d\u011btem s ment\u00e1ln\u00edm posti\u017een\u00edm pro\u017e\u00edt spokojen\u00fd a d\u016fstojn\u00fd \u017eivot spolu s ostatn\u00edmi lidmi.<\/strong><!--more--><\/p>\n<p>&#8222;Dnes, po dvaceti letech, poskytuje 15 st\u00e1l\u00fdch zam\u011bstnanc\u016f a asi 80 ter\u00e9nn\u00edch pracovn\u00edk\u016f spolupracuj\u00edc\u00edch formou DPP a DP\u010c odbornou soci\u00e1ln\u00ed podporu v\u00edce jak osmdes\u00e1ti lidem s ment\u00e1ln\u00edm posti\u017een\u00edm (d\u011btem, ml\u00e1de\u017ei i dosp\u011bl\u00fdm). Podpora SPOLU Olomouc sm\u011b\u0159uje za pot\u0159ebn\u00fdmi lidmi do jejich p\u0159irozen\u00e9ho prost\u0159ed\u00ed a pom\u00e1h\u00e1 jim i jejich rodin\u00e1m zejm\u00e9na prost\u0159ednictv\u00edm t\u0159\u00ed registrovan\u00fdch soci\u00e1ln\u00edch slu\u017eeb,&#8220; p\u0159ibli\u017euje \u0159editelka sdru\u017een\u00ed Zde\u0148ka Posp\u00ed\u0161ilov\u00e1.<br \/>\nOsobn\u00ed asistence je ter\u00e9nn\u00ed slu\u017eba, kter\u00e1 pom\u00e1h\u00e1 \u010dlov\u011bku s ment\u00e1ln\u00edm posti\u017een\u00edm s podporou osobn\u00edho asistenta d\u011blat v\u0161e to, co v d\u016fsledku sv\u00e9ho posti\u017een\u00ed s\u00e1m d\u011blat nem\u016f\u017ee (nap\u0159\u00edklad cestovat, nakupovat, obl\u00e9knout se, obstarat hygienu atp.).<br \/>\nSoci\u00e1ln\u00ed rehabilitace metodou podporovan\u00e9ho zam\u011bstn\u00e1v\u00e1n\u00ed pom\u00e1h\u00e1 lidem se zdravotn\u00edm posti\u017een\u00edm ter\u00e9nn\u00ed i ambulantn\u00ed formou z\u00edsk\u00e1vat a udr\u017eet si takov\u00e9 znalosti a dovednosti, kter\u00e9 usnadn\u00ed vstup nebo n\u00e1vrat do pr\u00e1ce, poskytuje tak\u00e9 c\u00edlenou podporu p\u0159\u00edmo u zam\u011bstnavatele na otev\u0159en\u00e9m trhu pr\u00e1ce nebo v r\u00e1mci prax\u00ed na b\u011b\u017en\u00fdch pracovi\u0161t\u00edch.<br \/>\nAktiviza\u010dn\u00ed a rozvojov\u00e9 programy maj\u00ed ambici, jak je patrn\u00e9 u\u017e z n\u00e1zvu t\u00e9to soci\u00e1ln\u00ed slu\u017eby, p\u016fsobit preventivn\u011b a pom\u00e1hat lidem s ment\u00e1ln\u00edm posti\u017een\u00edm z\u00edsk\u00e1vat, udr\u017eovat nebo rozv\u00edjet \u0161k\u00e1lu schopnost\u00ed a dovednost\u00ed zp\u016fsobem, kter\u00fd nejl\u00e9pe vyhovuje individu\u00e1ln\u00edm mo\u017enostem a pot\u0159eb\u00e1m konkr\u00e9tn\u00edho \u010dlov\u011bka.<\/p>\n<p>AKTUALITY SPOLU OLOMOUC<\/p>\n<p>SPOLU NA GOLF 6. \u010dervna 2015 V are\u00e1lu golfov\u00e9ho klubu ve V\u00e9sce u Olomouce po\u0159\u00e1d\u00e1 ji\u017e \u0161est\u00fdm rokem Golf Resort Olomouc dobro\u010dinn\u00fd golfov\u00fd turnaj, jeho\u017e v\u00fdt\u011b\u017eek bude v\u011bnov\u00e1n neziskov\u00e9 organizaci SPOLU Olomouc. Turnaj svou \u00fa\u010dast\u00ed podpo\u0159\u00ed nejlep\u0161\u00ed \u010desk\u00e1 golfistka Kl\u00e1ra Spilkov\u00e1. Hr\u00e1\u010di golfu se mohou na turnaj registrovat na www.cgf.cz nebo osobn\u011b v recepci GCO.<br \/>\nTr\u00e9ninkov\u00e9 h\u0159i\u0161t\u011b ve V\u00e9sce se otev\u0159e tak\u00e9 klient\u016fm SPOLU Olomouc, kte\u0159\u00ed si vyzkou\u0161\u00ed golfov\u00e9 odpaly pod veden\u00edm profesion\u00e1ln\u00edho tren\u00e9ra i Kl\u00e1ry Spilkov\u00e9.<br \/>\nTradi\u010dn\u00ed te\u010dkou za turnajem bude od 16 hodin dobro\u010dinn\u00e1 dra\u017eba dar\u016f v\u011bnovan\u00fdch zn\u00e1m\u00fdmi osobnostmi, firmami i jednotlivci. Dra\u017eby se mohou z\u00fa\u010dastnit nejen hr\u00e1\u010di golfu, v\u00edt\u00e1ni budou i dal\u0161\u00ed n\u00e1v\u0161t\u011bvn\u00edci golfov\u00e9ho are\u00e1lu.<br \/>\nKOULEN\u00cd V PARKU 11. \u010dervna 2015 15:00\u201318:00 hod SPOLU Olomouc zve olomouckou ve\u0159ejnost na neform\u00e1ln\u00ed p\u0159\u00e1telsk\u00e9 setk\u00e1n\u00ed s hudbou a &#8222;kulat\u00fdmi&#8220; hr\u00e1tkami do Smetanov\u00fdch sad\u016f v Olomouci u restaurace Font\u00e1na. Setk\u00e1n\u00ed bude i p\u0159\u00edle\u017eitost\u00ed p\u0159ipomenout si a zavzpom\u00ednat, co se ve SPOLU Olomouc na poli integrace a podpory lid\u00ed s ment\u00e1ln\u00edm posti\u017een\u00edm za dlouh\u00fdch dvacet let urodilo a kolik dobr\u00fdch lid\u00ed n\u00e1m pom\u00e1h\u00e1 pom\u00e1hat.<\/p>\n<p>Radni\u010dn\u00ed listy<\/p>\n","protected":false},"excerpt":{"rendered":"<div class=\"mh-excerpt\"><p>V roce 1995 vznikla ve m\u011bst\u011b neziskov\u00e1 organizace s n\u00e1zvem SPOLU Olomouc, jej\u00edm\u017e prvotn\u00edm c\u00edlem bylo pomoci d\u011btem s ment\u00e1ln\u00edm posti\u017een\u00edm pro\u017e\u00edt spokojen\u00fd a d\u016fstojn\u00fd <a class=\"mh-excerpt-more\" href=\"https:\/\/www.invarena.cz\/?p=21401\" title=\"Koul\u00edme to SPOLU u\u017e 20 let. Sdru\u017een\u00ed pom\u00e1h\u00e1 posti\u017een\u00fdm d\u011btem\">[&#8230;]<\/a><\/p>\n<\/div>","protected":false},"author":1,"featured_media":0,"comment_status":"open","ping_status":"closed","sticky":false,"template":"","format":"standard","meta":{"footnotes":""},"categories":[9],"tags":[],"class_list":["post-21401","post","type-post","status-publish","format-standard","hentry","category-zpravy"],"_links":{"self":[{"href":"https:\/\/www.invarena.cz\/index.php?rest_route=\/wp\/v2\/posts\/21401","targetHints":{"allow":["GET"]}}],"collection":[{"href":"https:\/\/www.invarena.cz\/index.php?rest_route=\/wp\/v2\/posts"}],"about":[{"href":"https:\/\/www.invarena.cz\/index.php?rest_route=\/wp\/v2\/types\/post"}],"author":[{"embeddable":true,"href":"https:\/\/www.invarena.cz\/index.php?rest_route=\/wp\/v2\/users\/1"}],"replies":[{"embeddable":true,"href":"https:\/\/www.invarena.cz\/index.php?rest_route=%2Fwp%2Fv2%2Fcomments&post=21401"}],"version-history":[{"count":0,"href":"https:\/\/www.invarena.cz\/index.php?rest_route=\/wp\/v2\/posts\/21401\/revisions"}],"wp:attachment":[{"href":"https:\/\/www.invarena.cz\/index.php?rest_route=%2Fwp%2Fv2%2Fmedia&parent=21401"}],"wp:term":[{"taxonomy":"category","embeddable":true,"href":"https:\/\/www.invarena.cz\/index.php?rest_route=%2Fwp%2Fv2%2Fcategories&post=21401"},{"taxonomy":"post_tag","embeddable":true,"href":"https:\/\/www.invarena.cz\/index.php?rest_route=%2Fwp%2Fv2%2Ftags&post=21401"}],"curies":[{"name":"wp","href":"https:\/\/api.w.org\/{rel}","templated":true}]}}