{"id":21413,"date":"2015-05-21T10:40:49","date_gmt":"2015-05-21T08:40:49","guid":{"rendered":"http:\/\/www.invarena.cz\/?p=21413"},"modified":"2015-05-21T10:40:49","modified_gmt":"2015-05-21T08:40:49","slug":"nevidoma-mirka-sedlackova-si-ze-soulu-privezla-dva-cenne-kovy","status":"publish","type":"post","link":"https:\/\/www.invarena.cz\/?p=21413","title":{"rendered":"Nevidom\u00e1 Mirka Sedl\u00e1\u010dkov\u00e1 si ze Soulu p\u0159ivezla dva cenn\u00e9 kovy"},"content":{"rendered":"<p><strong>Celkem 5 medail\u00ed a z toho 3 zlat\u00e9 p\u0159ivezli \u010ce\u0161i ze Soulu ze Sv\u011btov\u00fdch her <span class=\"highlight\">nevidom\u00fdch<\/span>. Nej\u00fasp\u011b\u0161n\u011bj\u0161\u00ed byla atletka Mirka Sedl\u00e1\u010dkov\u00e1, kter\u00e1 dos\u00e1hla na 2 b\u011b\u017eeck\u00e1 prvenstv\u00ed.<\/strong> <!--more--><\/p>\n<p>\u010cesk\u00e1 b\u011b\u017ekyn\u011b se vr\u00e1tila po v\u00e1\u017en\u00e9m zran\u011bn\u00ed pa\u017ee na z\u00e1vodn\u00ed dr\u00e1hu ve v\u00fdborn\u00e9 form\u011b. V jihokorejsk\u00e9 metropoli dok\u00e1zala obh\u00e1jit 4 roky star\u00e1 v\u00edt\u011bzstv\u00ed z her v Turecku.<\/p>\n<p>Miroslava SEDL\u00c1\u010cKOV\u00c1, dvojn\u00e1sobn\u00e1 v\u00edt\u011bzka Sv\u011btov\u00fdch her <span class=\"highlight\">nevidom\u00fdch<\/span> v Soulu: \u010clov\u011bk nev\u011bd\u011bl, jestli ten n\u00e1por ka\u017edodenn\u00edho z\u00e1vodu vydr\u017e\u00ed, m\u011bl z toho respekt a pravda je, \u017ee pak u\u017e s p\u0159ib\u00fdvaj\u00edc\u00edmi z\u00e1vody si \u010dlov\u011bk p\u0159\u00e1l, aby to skon\u010dilo. A pokud mo\u017eno co nejl\u00edp.<\/p>\n<p>Pro \u010deskou dvojici to byl u\u017e des\u00e1t\u00fd spole\u010dn\u00fd cenn\u00fd kov. Te\u010f ji \u010dek\u00e1 obdob\u00ed p\u0159\u00edprav, kter\u00e9 vyvrchol\u00ed \u0159\u00edjnov\u00fdm mistrovstv\u00ed sv\u011bta v Dauh\u00e1.<\/p>\n","protected":false},"excerpt":{"rendered":"<div class=\"mh-excerpt\"><p>Celkem 5 medail\u00ed a z toho 3 zlat\u00e9 p\u0159ivezli \u010ce\u0161i ze Soulu ze Sv\u011btov\u00fdch her nevidom\u00fdch. Nej\u00fasp\u011b\u0161n\u011bj\u0161\u00ed byla atletka Mirka Sedl\u00e1\u010dkov\u00e1, kter\u00e1 dos\u00e1hla na 2 <a class=\"mh-excerpt-more\" href=\"https:\/\/www.invarena.cz\/?p=21413\" title=\"Nevidom\u00e1 Mirka Sedl\u00e1\u010dkov\u00e1 si ze Soulu p\u0159ivezla dva cenn\u00e9 kovy\">[&#8230;]<\/a><\/p>\n<\/div>","protected":false},"author":1,"featured_media":0,"comment_status":"open","ping_status":"closed","sticky":false,"template":"","format":"standard","meta":{"footnotes":""},"categories":[9],"tags":[],"class_list":["post-21413","post","type-post","status-publish","format-standard","hentry","category-zpravy"],"_links":{"self":[{"href":"https:\/\/www.invarena.cz\/index.php?rest_route=\/wp\/v2\/posts\/21413","targetHints":{"allow":["GET"]}}],"collection":[{"href":"https:\/\/www.invarena.cz\/index.php?rest_route=\/wp\/v2\/posts"}],"about":[{"href":"https:\/\/www.invarena.cz\/index.php?rest_route=\/wp\/v2\/types\/post"}],"author":[{"embeddable":true,"href":"https:\/\/www.invarena.cz\/index.php?rest_route=\/wp\/v2\/users\/1"}],"replies":[{"embeddable":true,"href":"https:\/\/www.invarena.cz\/index.php?rest_route=%2Fwp%2Fv2%2Fcomments&post=21413"}],"version-history":[{"count":0,"href":"https:\/\/www.invarena.cz\/index.php?rest_route=\/wp\/v2\/posts\/21413\/revisions"}],"wp:attachment":[{"href":"https:\/\/www.invarena.cz\/index.php?rest_route=%2Fwp%2Fv2%2Fmedia&parent=21413"}],"wp:term":[{"taxonomy":"category","embeddable":true,"href":"https:\/\/www.invarena.cz\/index.php?rest_route=%2Fwp%2Fv2%2Fcategories&post=21413"},{"taxonomy":"post_tag","embeddable":true,"href":"https:\/\/www.invarena.cz\/index.php?rest_route=%2Fwp%2Fv2%2Ftags&post=21413"}],"curies":[{"name":"wp","href":"https:\/\/api.w.org\/{rel}","templated":true}]}}