{"id":21414,"date":"2015-05-21T10:45:46","date_gmt":"2015-05-21T08:45:46","guid":{"rendered":"http:\/\/www.invarena.cz\/?p=21414"},"modified":"2015-05-21T10:45:46","modified_gmt":"2015-05-21T08:45:46","slug":"matka-prosi-o-eutanazii-sveho-syna","status":"publish","type":"post","link":"https:\/\/www.invarena.cz\/?p=21414","title":{"rendered":"Matka pros\u00ed o eutanazii sv\u00e9ho syna"},"content":{"rendered":"<p><strong>Zoufal\u00e1 matka se rozhodla pro zoufal\u00fd \u010din. Pros\u00ed o eutanazii pro sv\u00e9ho syna.Ve v\u011bzen\u00ed, kde si m\u00e1 t\u011b\u017ece posti\u017een\u00fd mu\u017e odpykat dva a p\u016fl roku za zp\u016fsoben\u00ed smrteln\u00e9 dopravn\u00ed nehody, nem\u00e1 podle l\u00e9ka\u0159\u016f \u0161anci p\u0159e\u017e\u00edt.<\/strong><!--more--><\/p>\n<p>ilustra\u010dn\u00ed foto: Joyseph \/ Flickr.com<\/p>\n<p><strong>TV Barrandov<\/strong><em><\/p>\n<p>Matka chce proto jeho tr\u00e1pen\u00ed zkr\u00e1tit a obr\u00e1tila se na gener\u00e1ln\u00ed prokuraturu.<\/p>\n<p>matka odsouzen\u00e9ho:Bu\u010f mi ho vr\u00e1t\u00ed mrtv\u00e9ho, nebo mi ho vr\u00e1t\u00ed ochrnut\u00e9ho.<\/p>\n<p>P\u0159i tragick\u00e9 dopravn\u00ed nehod\u011b nedaleko \u010desk\u00fdch Pardubic zahynuli dva lid\u00e9 a p\u0159esto\u017ee Milo\u0161 \u010deln\u00ed sr\u00e1\u017eku dvou osobn\u00edch aut p\u0159e\u017eil, \u0159\u00edkal, \u017ee tam v ten den zahynul t\u00e9\u017e.<\/p>\n<p>Milo\u0161, :To se ned\u00e1 popsat, ten kdo to neza\u017eije, anebo ten kdo takhle ne\u017eije, tak to nev\u00ed a v \u017eivot\u011b takov\u00e9 lidi, jako jsme my, nepochop\u00ed.<\/p>\n<p>Kdysi siln\u00fd mlad\u00fd mu\u017e dnes pou\u017e\u00edv\u00e1 pl\u00ednky a s\u00e1m se nedok\u00e1\u017ee ani osprchovat. Kost, kter\u00e1 Milo\u0161i tla\u010d\u00ed na m\u00edchu, mu nejd\u0159\u00edve sebrala nohy a co nevid\u011bt mu m\u016f\u017ee ochrnout i vrchn\u00ed \u010d\u00e1st t\u011bla.<\/p>\n<p>matka odsouzen\u00e9ho:J\u00e1 si mysl\u00edm, \u017ee to je \u010dlov\u011bk potrestan\u00fd do konce \u017eivota. Co tam je\u0161t\u011b potrest\u00e1me?<\/p>\n<p>Zoufal\u00e1 matka dr\u017e\u00ed v rukou n\u011bkolik let tr\u00e1pen\u00ed, napsan\u00fdch na t\u0159ech \u010dit\u011b b\u00edl\u00fdch stran\u00e1ch a se slzami v o\u010d\u00edch n\u00e1m \u0159\u00edk\u00e1, \u017ee je to jejich posledn\u00ed nad\u011bje. \u00da\u0159ady se k nim oto\u010dily z\u00e1dy a ani b\u00fdval\u00fd prezident na listy nereagoval. Proto se rozhodla obr\u00e1tit se na gener\u00e1ln\u00edho prokur\u00e1tora. Milo\u0161 podle n\u011bkter\u00fdch l\u00e9ka\u0159\u016f nemus\u00ed pobyt vev\u011bzen\u00ed p\u0159e\u017e\u00edt a proto ze zoufalstv\u00ed pros\u00ed o jeho milosrdnou smrt.<\/p>\n<p>matka odsouzen\u00e9ho:Kdy\u017e ho tam m\u00e1m d\u00e1t, aby ochrnul, tak to rovnou m\u016f\u017ee b\u00fdt n\u011bjak\u00e1 eutanazie a nebude se tr\u00e1pit a budou spokojen\u00ed, \u017ee je potrestan\u00fd, proto\u017ee nev\u00edm co.<\/p>\n<p>Zoufal\u00e1 slova zoufal\u00e9 matky se dotkly i gener\u00e1ln\u00edho prokur\u00e1tora. Hned po p\u0159ijet\u00ed listu pr\u00fd za\u010dal jednat a p\u0159esto\u017ee jsou jeho mo\u017enosti v p\u0159\u00edpad\u011b, kdy\u017e je rozsudek pr\u00e1voplatn\u00fd t\u00e9m\u011b\u0159 nulov\u00e9, Milo\u0161ovou budoucnost\u00ed se bude osobn\u011b zab\u00fdvat. <\/p>\n","protected":false},"excerpt":{"rendered":"<div class=\"mh-excerpt\"><p>Zoufal\u00e1 matka se rozhodla pro zoufal\u00fd \u010din. Pros\u00ed o eutanazii pro sv\u00e9ho syna.Ve v\u011bzen\u00ed, kde si m\u00e1 t\u011b\u017ece posti\u017een\u00fd mu\u017e odpykat dva a p\u016fl roku <a class=\"mh-excerpt-more\" href=\"https:\/\/www.invarena.cz\/?p=21414\" title=\"Matka pros\u00ed o eutanazii sv\u00e9ho syna\">[&#8230;]<\/a><\/p>\n<\/div>","protected":false},"author":1,"featured_media":14702,"comment_status":"open","ping_status":"closed","sticky":false,"template":"","format":"standard","meta":{"footnotes":""},"categories":[7],"tags":[],"class_list":["post-21414","post","type-post","status-publish","format-standard","has-post-thumbnail","hentry","category-spolecnost"],"_links":{"self":[{"href":"https:\/\/www.invarena.cz\/index.php?rest_route=\/wp\/v2\/posts\/21414","targetHints":{"allow":["GET"]}}],"collection":[{"href":"https:\/\/www.invarena.cz\/index.php?rest_route=\/wp\/v2\/posts"}],"about":[{"href":"https:\/\/www.invarena.cz\/index.php?rest_route=\/wp\/v2\/types\/post"}],"author":[{"embeddable":true,"href":"https:\/\/www.invarena.cz\/index.php?rest_route=\/wp\/v2\/users\/1"}],"replies":[{"embeddable":true,"href":"https:\/\/www.invarena.cz\/index.php?rest_route=%2Fwp%2Fv2%2Fcomments&post=21414"}],"version-history":[{"count":0,"href":"https:\/\/www.invarena.cz\/index.php?rest_route=\/wp\/v2\/posts\/21414\/revisions"}],"wp:featuredmedia":[{"embeddable":true,"href":"https:\/\/www.invarena.cz\/index.php?rest_route=\/wp\/v2\/media\/14702"}],"wp:attachment":[{"href":"https:\/\/www.invarena.cz\/index.php?rest_route=%2Fwp%2Fv2%2Fmedia&parent=21414"}],"wp:term":[{"taxonomy":"category","embeddable":true,"href":"https:\/\/www.invarena.cz\/index.php?rest_route=%2Fwp%2Fv2%2Fcategories&post=21414"},{"taxonomy":"post_tag","embeddable":true,"href":"https:\/\/www.invarena.cz\/index.php?rest_route=%2Fwp%2Fv2%2Ftags&post=21414"}],"curies":[{"name":"wp","href":"https:\/\/api.w.org\/{rel}","templated":true}]}}