{"id":21462,"date":"2015-05-28T12:08:13","date_gmt":"2015-05-28T10:08:13","guid":{"rendered":"http:\/\/www.invarena.cz\/?p=21462"},"modified":"2015-05-28T13:24:33","modified_gmt":"2015-05-28T11:24:33","slug":"asistencni-psy-bude-mozna-stat-hradit-mpsv-na-to-pripravuje-zakon","status":"publish","type":"post","link":"https:\/\/www.invarena.cz\/?p=21462","title":{"rendered":"Asisten\u010dn\u00ed psy bude mo\u017en\u00e1 st\u00e1t hradit. MPSV na to p\u0159ipravuje z\u00e1kon"},"content":{"rendered":"<p><strong>Vod\u00edc\u00ed psi jsou n\u00e1hradn\u00edma o\u010dima nevidom\u00fdm. Pom\u00e1haj\u00ed jim p\u0159ekon\u00e1vat p\u0159ek\u00e1\u017eky doma i venku a o asisten\u010dn\u00edch psech se zase \u0159\u00edk\u00e1, \u017ee jsou prodlou\u017eenou rukou nemohouc\u00edch.<\/strong><br \/>\n<!--more--><\/p>\n<p>ilustra\u010dn\u00ed foto: bookwrmbry \/ sxc.hu<\/p>\n<p>A \u010dasto se bez nich nemohou obej\u00edt \u00fapln\u011b stejn\u011b jako nevidom\u00ed. Jen\u017ee zat\u00edmco vod\u00edc\u00edho psa hrad\u00ed v pln\u00e9 v\u00fd\u0161i st\u00e1t, a to a\u017e do 350 tis\u00edc, asisten\u010dn\u00edho psa pot\u0159ebn\u00fdm nepropl\u00e1c\u00ed.<\/p>\n<p>Otev\u00edr\u00e1n\u00edm dve\u0159\u00ed a rozsv\u011bcen\u00edm to nekon\u010d\u00ed. Asisten\u010dn\u00ed psi um\u00ed rozep\u00ednat a sundavat oble\u010den\u00ed, a to dokonce i rukavice. Aby se tohle v\u0161echno pes nau\u010dil, mus\u00ed se mu cvi\u010ditel v\u011bnovat minim\u00e1ln\u011b p\u016fl roku, n\u011bkdy i rok. Tedy \u00fapln\u011b stejn\u011b jako psovi vod\u00edc\u00edmu a mnohdy je v\u00fdcvik psa asisten\u010dn\u00edho je\u0161t\u011b t\u011b\u017e\u0161\u00ed.<\/p>\n<p>Tom\u00e1\u0161 KADLE\u010cEK, cvi\u010ditel asisten\u010dn\u00edch a vod\u00edc\u00edch ps\u016f Iris:Je probl\u00e9m v tom, \u017ee ka\u017edej m\u00e1 tro\u0161i\u010dku jinou variantu toho handicapu a ten pes mus\u00ed bejt p\u0159izp\u016fsobenej p\u0159esn\u011b na m\u00edru tomu kter\u00fdmu \u017eadateli.<\/p>\n<p>Tom\u00e1\u0161 Kadle\u010dek se sv\u00fdm otcem \u00fadajn\u011b p\u0159ed 15 lety vycvi\u010dili prvn\u00edho asisten\u010dn\u00edho psa v Evrop\u011b.<\/p>\n<p>Tom\u00e1\u0161 KADLE\u010cEK,:Jestli se n\u00e1m poda\u0159ilo z\u00edskat n\u011bjak\u00e9 materi\u00e1ly ze Spojenejch st\u00e1t\u016f a na z\u00e1klad\u011b toho jsem kdysi s m\u00fdm otcem vymyslel metodiku v\u00fdcviku asisten\u010dn\u00edch ps\u016f.<\/p>\n<p>Zat\u00edmco vod\u00edc\u00ed psy st\u00e1t hrad\u00ed a\u017e do v\u00fd\u0161e p\u0159esahuj\u00edc\u00ed 300 tis\u00edc korun, asisten\u010dn\u00ed psy nehrad\u00ed nikdy. P\u0159ed 5 lety existovala pracovn\u00ed skupina, jej\u00ed\u017e n\u011bkte\u0159\u00ed \u010dlenov\u00e9 se propl\u00e1cen\u00ed asisten\u010dn\u00edch ps\u016f sna\u017eili dos\u00e1hnout.<\/p>\n<p>Petr HAB\u00c1\u0147, mluv\u010d\u00ed ministerstva pr\u00e1ce a soci\u00e1ln\u00edch v\u011bc\u00ed:  Bohu\u017eel \u010dlenov\u00e9 t\u00e9 skupiny m\u011bli do t\u00e9 m\u00edry pestr\u00e9 n\u00e1zorov\u00e9 spektrum, \u017ee se nedok\u00e1zali shodnout na tom, jak\u00fd typ handicapu a vlastn\u011b tedy kte\u0159\u00ed lid\u00e9 by na tuto d\u00e1vku m\u011bli dos\u00e1hnout. Jejich po\u017eadavky byly \u010dasto \u00fapln\u011b protich\u016fdn\u00e9.<\/p>\n<p>T\u011blesn\u011b posti\u017een\u00ed, kte\u0159\u00ed se bez asisten\u010dn\u00edho psa neobejdou, maj\u00ed zat\u00edm sm\u016flu. Mus\u00ed hledat sponzory nebo se obracet na neziskovky.<\/p>\n<p>Zuzana DAU\u0160OV\u00c1, \u0159editel Helppes:  Nejv\u011bt\u0161\u00edm probl\u00e9mem je to, \u017ee neexistuje status asisten\u010dn\u00edho ani vod\u00edc\u00edho psa. Ur\u010dit\u011b ten status mus\u00ed obsahovat to, kdo m\u00e1 opr\u00e1vn\u011bn\u00ed ty psy cvi\u010dit a p\u0159ed\u00e1vat lidem s posti\u017een\u00edm. Jak\u00fd jsou pr\u00e1va a povinnosti toho subjektu, ale i jak\u00fd jsou pr\u00e1va a povinnosti toho budouc\u00edho majitele.<\/p>\n<p>Ministerstvo pr\u00e1ce a soci\u00e1ln\u00edch v\u011bc\u00ed p\u0159ipravuje na rok 2017 novelu. D\u00edky t\u00e9 by mohly b\u00fdt kone\u010dn\u011b definov\u00e1ny jednotliv\u00e9 kategorie handicapovan\u00fdch a tedy i t\u011bch, kte\u0159\u00ed maj\u00ed na asisten\u010dn\u00ed psy n\u00e1rok. <\/p>\n<p>tv Barrandov <\/p>\n","protected":false},"excerpt":{"rendered":"<div class=\"mh-excerpt\"><p>Vod\u00edc\u00ed psi jsou n\u00e1hradn\u00edma o\u010dima nevidom\u00fdm. Pom\u00e1haj\u00ed jim p\u0159ekon\u00e1vat p\u0159ek\u00e1\u017eky doma i venku a o asisten\u010dn\u00edch psech se zase \u0159\u00edk\u00e1, \u017ee jsou prodlou\u017eenou rukou nemohouc\u00edch.<\/p>\n<\/div>","protected":false},"author":1,"featured_media":14242,"comment_status":"open","ping_status":"closed","sticky":false,"template":"","format":"standard","meta":{"footnotes":""},"categories":[6],"tags":[],"class_list":["post-21462","post","type-post","status-publish","format-standard","has-post-thumbnail","hentry","category-politika"],"_links":{"self":[{"href":"https:\/\/www.invarena.cz\/index.php?rest_route=\/wp\/v2\/posts\/21462","targetHints":{"allow":["GET"]}}],"collection":[{"href":"https:\/\/www.invarena.cz\/index.php?rest_route=\/wp\/v2\/posts"}],"about":[{"href":"https:\/\/www.invarena.cz\/index.php?rest_route=\/wp\/v2\/types\/post"}],"author":[{"embeddable":true,"href":"https:\/\/www.invarena.cz\/index.php?rest_route=\/wp\/v2\/users\/1"}],"replies":[{"embeddable":true,"href":"https:\/\/www.invarena.cz\/index.php?rest_route=%2Fwp%2Fv2%2Fcomments&post=21462"}],"version-history":[{"count":0,"href":"https:\/\/www.invarena.cz\/index.php?rest_route=\/wp\/v2\/posts\/21462\/revisions"}],"wp:featuredmedia":[{"embeddable":true,"href":"https:\/\/www.invarena.cz\/index.php?rest_route=\/wp\/v2\/media\/14242"}],"wp:attachment":[{"href":"https:\/\/www.invarena.cz\/index.php?rest_route=%2Fwp%2Fv2%2Fmedia&parent=21462"}],"wp:term":[{"taxonomy":"category","embeddable":true,"href":"https:\/\/www.invarena.cz\/index.php?rest_route=%2Fwp%2Fv2%2Fcategories&post=21462"},{"taxonomy":"post_tag","embeddable":true,"href":"https:\/\/www.invarena.cz\/index.php?rest_route=%2Fwp%2Fv2%2Ftags&post=21462"}],"curies":[{"name":"wp","href":"https:\/\/api.w.org\/{rel}","templated":true}]}}