{"id":2148,"date":"2013-03-11T10:34:18","date_gmt":"2013-03-11T09:34:18","guid":{"rendered":"http:\/\/www.invarena.cz\/?p=2148"},"modified":"2013-03-12T22:49:42","modified_gmt":"2013-03-12T21:49:42","slug":"miss-neslysicich","status":"publish","type":"post","link":"https:\/\/www.invarena.cz\/?p=2148","title":{"rendered":"Korunky nesly\u0161\u00edc\u00edch missek skon\u010dily v aukci"},"content":{"rendered":"<p>Korunky, kter\u00e9 trojice v\u00edt\u011bzn\u00fdch d\u00edvek sout\u011b\u017ee Miss a Mister nesly\u0161\u00edc\u00ed a nedosl\u00fdchav\u00fd, z\u00edskaly, jim p\u0159\u00edli\u0161 dlouho hlavu nezdobily. Po ceremoni\u00e1lu vyhla\u0161ov\u00e1n\u00ed v\u00edt\u011bz\u016f se jich vzdaly ve prosp\u011bch aukce. Na n\u00ed se koruny vydra\u017eily za skoro t\u0159icet tis\u00edc korun, kter\u00e9 \u0161ly na dobro\u010dinn\u00e9 \u00fa\u010dely. Letos se miss stala Lucie \u017digov\u00e1 (na sn\u00edmku uprost\u0159ed).<!--more--><\/p>\n<p>S\u00e1l pro akci Miss a Mistr nesly\u0161\u00edc\u00ed a nedosl\u00fdchav\u00fd zaplnily \u010dty\u0159i stovky lid\u00ed, polovina z nich hudbu a koment\u00e1\u0159e sly\u0161ela, druh\u00e1 polovina vn\u00edmala gesta, sledovala tlumo\u010dn\u00edka. &#8222;Tahle sout\u011b\u017e je pro z\u00fa\u010dastn\u011bn\u00e9 daleko slo\u017eit\u011bj\u0161\u00ed. Mus\u00edme po\u010d\u00edtat s t\u00edm, \u017ee maj\u00ed dost v\u00fdrazn\u00fd handicap, kter\u00fd si m\u00e1lo kdo z n\u00e1s uv\u011bdomuje, jak\u00fd je. Proto si mysl\u00edm, \u017ee je mnohem slo\u017eit\u011bj\u0161\u00ed jak ta voln\u00e1 discipl\u00edna, tak v\u0161echno ostatn\u00ed,&#8220; p\u0159ibl\u00ed\u017eil p\u0159edseda poroty, Ota Sch\u00fctz.<\/p>\n<p>Korunky pro ocen\u011bn\u00e9 se po skon\u010den\u00ed sout\u011b\u017ee dra\u017eily.&#8220;Maj\u00ed mo\u017enost si to vyzkou\u0161et. V p\u0159\u00edpad\u011b, \u017ee by ten sluch nebyl probl\u00e9mem, tak by se mohli prosadit do sv\u011bta modelingu, focen\u00ed. Tato akce je pro n\u011b p\u0159\u00edle\u017eitost\u00ed k tomu, \u017ee si jich v\u0161imne n\u011bkdo z bran\u017ee,&#8220; \u0159ekla prezidentka svazu nesly\u0161\u00edc\u00edch, \u0160\u00e1rka Prokopiusov\u00e1. Na sout\u011b\u017e\u00edc\u00ed \u010dekaly v podstat\u011b stejn\u00e9 discipl\u00edny kter\u00e9 za\u017e\u00edvaj\u00ed akt\u00e9rky klasick\u00e9 miss.<\/p>\n<p>Sout\u011b\u017e\u00edc\u00ed absolvovali promen\u00e1du ve spole\u010densk\u00fdch \u0161atech, v koktejlk\u00e1ch, v plavk\u00e1ch. Missky se p\u0159edvedly ve voln\u00e9 discipl\u00edn\u011b s tancem, nebo pantomimou. Na mu\u017ee \u010dekal rozhovor na t\u011blo, p\u0159i kter\u00e9m museli prozradit, zda jsou zadan\u00ed, nebo kter\u00e1 z missek se jim l\u00edb\u00ed.<\/p>\n<p>&#8222;Sout\u011b\u017e mister je letos poprv\u00e9. Ty chlapce jsme za\u010dali d\u011blat hlavn\u011b proto, \u017ee byl obrovsk\u00fd tlak ze sv\u011bta. Ve sv\u011bt\u011b se vol\u00ed miss a mister u\u017e p\u011bt let. Jinak co m\u011b ka\u017edoro\u010dn\u011b t\u011b\u0161\u00ed je, Jinak co m\u011b ka\u017edoro\u010dn\u011b t\u011b\u0161\u00ed je, \u017ee se \u00fa\u010dastn\u00edci nehl\u00e1s\u00ed do sout\u011b\u017ee kv\u016fli cen\u00e1m, ale kv\u016fli tomu, \u017ee se n\u00e1m cht\u011bj\u00ed uk\u00e1zat, \u017ee cht\u011bj\u00ed m\u00edt stejn\u00e1 pr\u00e1va jako m\u00e1me my sly\u0161\u00edc\u00ed lid\u00e9. Jsme agentura, kter\u00e1 po\u0159\u00e1dala i sly\u0161\u00edc\u00ed miss a v\u017edycky, kdy\u017e se hl\u00e1sily sly\u0161\u00edc\u00ed miss, tak se prvn\u00ed ptaly, co je za ceny. Nesly\u0161\u00edc\u00ed d\u00edvky n\u011bco podobn\u00e9ho ned\u011blaj\u00ed. Nav\u00edc kdy\u017e vyhla\u0161ujeme v\u00edt\u011bze a pod\u00edv\u00e1me se na d\u00edvky, kter\u00e9 nevyhr\u00e1ly, tak sk\u00e1\u010dou radost\u00ed. Cel\u00e9 je to o srd\u00ed\u010dku,&#8220; uvedl po\u0159adatel Josef Uhl\u00ed\u0159.<\/p>\n<p>Potlesk pro v\u00edt\u011bzku si div\u00e1ci pe\u010dliv\u011b natr\u00e9novali. P\u0159i vyhl\u00e1\u0161en\u00ed missek byla reakce z publika takov\u00e1, \u017ee div\u00e1ci t\u0159epetali rukama nad hlavou. Rozhodn\u011b to neznamenalo, \u017ee s v\u00fdb\u011brem v\u00edt\u011bzky nesouhlas\u00ed. \u0160lo o potlesk pro nesly\u0161\u00edc\u00ed, kter\u00fd si p\u0159\u00edtomn\u00ed v pr\u016fb\u011bhu akce poctiv\u011b natr\u00e9novali. &#8222;Porotc\u016fm bych cht\u011bla pod\u011bkovat, ale mysl\u00edm si, \u017ee jsou tady lep\u0161\u00ed holky, kter\u00e9 m\u011bly vyhr\u00e1t,&#8220; \u0159ekla znakovou \u0159e\u010d\u00ed skromn\u00e1 devaten\u00e1ctilet\u00e1 Lucie \u017digov\u00e1 z \u010cesk\u00fdch Bud\u011bjovic.<\/p>\n<p>Na nejkr\u00e1sn\u011bj\u0161\u00edho mu\u017ee \u010dekala m\u00edsto korunky \u0161\u00e1la. &#8222;V\u016fbec jsem to ne\u010dekal. \u010cekal jsem, \u017ee to vyhraje n\u011bkdo jin\u00fd,&#8220; okomentoval sv\u00e9 v\u00edt\u011bzstv\u00ed devaten\u00e1ctilet\u00fd Bohu\u0161 Vla\u010duh, kter\u00e9ho spolu s misskou \u010dek\u00e1 v \u010dervenci, op\u011bt v Praze, miss a mister world.<\/p>\n<p>V\u0161echny t\u0159i korunky se po skon\u010den\u00ed sout\u011b\u017ee dra\u017eily. Z licitace po\u0159adatel\u00e9 z\u00edskali skoro t\u0159icet tis\u00edc korun, kter\u00e9 p\u016fjdou na dobro\u010dinn\u00e9 \u00fa\u010dely.<\/p>\n<p>T\u00fdden<\/p>\n","protected":false},"excerpt":{"rendered":"<div class=\"mh-excerpt\"><p>Korunky, kter\u00e9 trojice v\u00edt\u011bzn\u00fdch d\u00edvek sout\u011b\u017ee Miss a Mister nesly\u0161\u00edc\u00ed a nedosl\u00fdchav\u00fd, z\u00edskaly, jim p\u0159\u00edli\u0161 dlouho hlavu nezdobily. Po ceremoni\u00e1lu vyhla\u0161ov\u00e1n\u00ed v\u00edt\u011bz\u016f se jich vzdaly <a class=\"mh-excerpt-more\" href=\"https:\/\/www.invarena.cz\/?p=2148\" title=\"Korunky nesly\u0161\u00edc\u00edch missek skon\u010dily v aukci\">[&#8230;]<\/a><\/p>\n<\/div>","protected":false},"author":1,"featured_media":2149,"comment_status":"open","ping_status":"open","sticky":false,"template":"","format":"standard","meta":{"footnotes":""},"categories":[17,9],"tags":[],"class_list":["post-2148","post","type-post","status-publish","format-standard","has-post-thumbnail","hentry","category-kultura","category-zpravy"],"_links":{"self":[{"href":"https:\/\/www.invarena.cz\/index.php?rest_route=\/wp\/v2\/posts\/2148","targetHints":{"allow":["GET"]}}],"collection":[{"href":"https:\/\/www.invarena.cz\/index.php?rest_route=\/wp\/v2\/posts"}],"about":[{"href":"https:\/\/www.invarena.cz\/index.php?rest_route=\/wp\/v2\/types\/post"}],"author":[{"embeddable":true,"href":"https:\/\/www.invarena.cz\/index.php?rest_route=\/wp\/v2\/users\/1"}],"replies":[{"embeddable":true,"href":"https:\/\/www.invarena.cz\/index.php?rest_route=%2Fwp%2Fv2%2Fcomments&post=2148"}],"version-history":[{"count":0,"href":"https:\/\/www.invarena.cz\/index.php?rest_route=\/wp\/v2\/posts\/2148\/revisions"}],"wp:featuredmedia":[{"embeddable":true,"href":"https:\/\/www.invarena.cz\/index.php?rest_route=\/wp\/v2\/media\/2149"}],"wp:attachment":[{"href":"https:\/\/www.invarena.cz\/index.php?rest_route=%2Fwp%2Fv2%2Fmedia&parent=2148"}],"wp:term":[{"taxonomy":"category","embeddable":true,"href":"https:\/\/www.invarena.cz\/index.php?rest_route=%2Fwp%2Fv2%2Fcategories&post=2148"},{"taxonomy":"post_tag","embeddable":true,"href":"https:\/\/www.invarena.cz\/index.php?rest_route=%2Fwp%2Fv2%2Ftags&post=2148"}],"curies":[{"name":"wp","href":"https:\/\/api.w.org\/{rel}","templated":true}]}}