{"id":21486,"date":"2015-05-26T09:56:03","date_gmt":"2015-05-26T07:56:03","guid":{"rendered":"http:\/\/www.invarena.cz\/?p=21486"},"modified":"2015-05-27T10:29:39","modified_gmt":"2015-05-27T08:29:39","slug":"nejsem-vedena-na-up-mam-narok-na-prispevek-na-bydleni","status":"publish","type":"post","link":"https:\/\/www.invarena.cz\/?p=21486","title":{"rendered":"Nejsem vedena na \u00daP. M\u00e1m n\u00e1rok na p\u0159\u00edsp\u011bvek na bydlen\u00ed?"},"content":{"rendered":"<p><strong>Dotaz: Nejsem vedena na \u00fa\u0159adu pr\u00e1ce a plat\u00edm si sama soci\u00e1ln\u00ed a zdravotn\u00ed. Chci se zeptat jestli m\u00e1m n\u00e1rok na p\u0159\u00edsp\u011bvek na bydlen\u00ed, kdy\u017e nejsem vedena na \u00daP? Bydl\u00edm sama ve vlastn\u00edm byt\u011b a nepob\u00edr\u00e1m \u017e\u00e1dn\u00e9 pen\u00edze.<\/strong><br \/>\n<!--more--><br \/>\n<strong>Odpov\u011b\u010f:<\/strong><br \/>\nPro z\u00edsk\u00e1n\u00ed p\u0159\u00edsp\u011bvku na bydlen\u00ed nemus\u00edte b\u00fdt vedena na \u00da\u0159ad\u011b pr\u00e1ce v evidenci uchaze\u010d\u016f o zam\u011bstn\u00e1n\u00ed.<br \/>\nZ\u00e1kladn\u00ed podm\u00ednkou je, \u017ee mus\u00edte m\u00edt trval\u00e9 bydli\u0161t\u011b ve vlastn\u00edm \u010di pronajat\u00e9m byt\u011b, co\u017e jak p\u00ed\u0161ete spl\u0148ujete.<\/p>\n<p>Pro z\u00edsk\u00e1n\u00ed p\u0159\u00edsp\u011bvku na bydlen\u00ed bude \u00daP testovat Va\u0161e p\u0159\u00edjmy za p\u0159edchoz\u00ed \u010dtvrtlet\u00ed.<br \/>\nPodrobn\u00e9 informace o p\u0159\u00edsp\u011bvku na bydlen\u00ed naleznete na webu MPSV:<br \/>\n<a href=\"https:\/\/portal.mpsv.cz\/soc\/ssp\/obcane\/prisp_na_bydleni\">P\u0159\u00edsp\u011bvek na bydlen\u00ed<\/a><\/p>\n<p>Ji\u0159\u00ed Marek<br \/>\ninvArena<\/p>\n","protected":false},"excerpt":{"rendered":"<div class=\"mh-excerpt\"><p>Dotaz: Nejsem vedena na \u00fa\u0159adu pr\u00e1ce a plat\u00edm si sama soci\u00e1ln\u00ed a zdravotn\u00ed. Chci se zeptat jestli m\u00e1m n\u00e1rok na p\u0159\u00edsp\u011bvek na bydlen\u00ed, kdy\u017e nejsem <a class=\"mh-excerpt-more\" href=\"https:\/\/www.invarena.cz\/?p=21486\" title=\"Nejsem vedena na \u00daP. M\u00e1m n\u00e1rok na p\u0159\u00edsp\u011bvek na bydlen\u00ed?\">[&#8230;]<\/a><\/p>\n<\/div>","protected":false},"author":3,"featured_media":5533,"comment_status":"open","ping_status":"closed","sticky":false,"template":"","format":"standard","meta":{"footnotes":""},"categories":[18],"tags":[],"class_list":["post-21486","post","type-post","status-publish","format-standard","has-post-thumbnail","hentry","category-poradna"],"_links":{"self":[{"href":"https:\/\/www.invarena.cz\/index.php?rest_route=\/wp\/v2\/posts\/21486","targetHints":{"allow":["GET"]}}],"collection":[{"href":"https:\/\/www.invarena.cz\/index.php?rest_route=\/wp\/v2\/posts"}],"about":[{"href":"https:\/\/www.invarena.cz\/index.php?rest_route=\/wp\/v2\/types\/post"}],"author":[{"embeddable":true,"href":"https:\/\/www.invarena.cz\/index.php?rest_route=\/wp\/v2\/users\/3"}],"replies":[{"embeddable":true,"href":"https:\/\/www.invarena.cz\/index.php?rest_route=%2Fwp%2Fv2%2Fcomments&post=21486"}],"version-history":[{"count":0,"href":"https:\/\/www.invarena.cz\/index.php?rest_route=\/wp\/v2\/posts\/21486\/revisions"}],"wp:featuredmedia":[{"embeddable":true,"href":"https:\/\/www.invarena.cz\/index.php?rest_route=\/wp\/v2\/media\/5533"}],"wp:attachment":[{"href":"https:\/\/www.invarena.cz\/index.php?rest_route=%2Fwp%2Fv2%2Fmedia&parent=21486"}],"wp:term":[{"taxonomy":"category","embeddable":true,"href":"https:\/\/www.invarena.cz\/index.php?rest_route=%2Fwp%2Fv2%2Fcategories&post=21486"},{"taxonomy":"post_tag","embeddable":true,"href":"https:\/\/www.invarena.cz\/index.php?rest_route=%2Fwp%2Fv2%2Ftags&post=21486"}],"curies":[{"name":"wp","href":"https:\/\/api.w.org\/{rel}","templated":true}]}}