{"id":21494,"date":"2015-05-27T08:00:55","date_gmt":"2015-05-27T06:00:55","guid":{"rendered":"http:\/\/www.invarena.cz\/?p=21494"},"modified":"2015-05-28T10:20:13","modified_gmt":"2015-05-28T08:20:13","slug":"mam-potize-s-pateri-mam-narok-na-snizeni-pracovni-schopnosti","status":"publish","type":"post","link":"https:\/\/www.invarena.cz\/?p=21494","title":{"rendered":"M\u00e1m pot\u00ed\u017ee s p\u00e1te\u0159\u00ed. M\u00e1m n\u00e1rok na sn\u00ed\u017een\u00ed pracovn\u00ed schopnosti?"},"content":{"rendered":"<p><strong>Dotaz: M\u00e1m n\u00e1rok na sn\u00ed\u017een\u00ed pracovn\u00ed schopnosti, kdy\u017e se n\u011bkolik let l\u00e9\u010d\u00edm s p\u00e1te\u0159\u00ed?<\/strong><br \/>\n<!--more--><\/p>\n<p>ilustra\u010dn\u00ed foto: machold \/ sxc.hu<\/p>\n<p><strong>Odpov\u011b\u010f:<\/strong><br \/>\nJeliko\u017e popisujete sv\u00e9 zdravotn\u00ed pot\u00ed\u017ee jen velmi obecn\u011b, nelze \u0159\u00edci, zda m\u00e1te n\u00e1rok na p\u0159izn\u00e1n\u00ed jednoho ze t\u0159\u00ed stup\u0148\u016f invalidn\u00edho d\u016fchodu \u010di zda m\u016f\u017eete b\u00fdt uzn\u00e1na osobou zdravotn\u011b znev\u00fdhodn\u011bnou.<\/p>\n<p>Jak o invalidn\u00edm d\u016fchodu tak o OZZ rozhoduje Va\u0161e pobo\u010dka \u010cesk\u00e9 spr\u00e1vy soci\u00e1ln\u00edho zabezpe\u010den\u00ed na z\u00e1klad\u011b Va\u0161eho zdravotn\u00edho stavu. O n\u00e1roku konkr\u00e9tn\u011b rozhodne L\u00e9ka\u0159sk\u00e1 posudkov\u00e1 slu\u017eba \u010cSSZ, kter\u00e1 si od Va\u0161eho o\u0161et\u0159uj\u00edc\u00edho l\u00e9ka\u0159e vy\u017e\u00e1d\u00e1 Va\u0161i zdravotn\u00ed dokumentaci. D\u00e1 se proto doporu\u010dit, abyste sv\u00e9mu l\u00e9ka\u0159i dodala v\u0161echny zdravotn\u00ed spr\u00e1vy od specializovan\u00fdch l\u00e9ka\u0159\u016f, kter\u00e9 budou jasn\u011b prokazovat Va\u0161e pot\u00ed\u017ee s p\u00e1te\u0159\u00ed.<\/p>\n<p>Poji\u0161t\u011bnec je invalidn\u00ed, jestli\u017ee z d\u016fvodu dlouhodob\u011b nep\u0159\u00edzniv\u00e9ho zdravotn\u00edho stavu nastal pokles jeho pracovn\u00ed schopnosti nejm\u00e9n\u011b o 35 %.<\/p>\n<p>Jestli\u017ee pracovn\u00ed schopnost poji\u0161t\u011bnce poklesla<br \/>\na. nejm\u00e9n\u011b o 35 %, av\u0161ak nejv\u00edce o 49 %, jedn\u00e1 se o invaliditu prvn\u00edho stupn\u011b,<br \/>\nb. nejm\u00e9n\u011b o 50 %, av\u0161ak nejv\u00edce o 69 %, jedn\u00e1 se o invaliditu druh\u00e9ho stupn\u011b,<br \/>\nc. nejm\u00e9n\u011b o 70 %, jedn\u00e1 se o invaliditu t\u0159et\u00edho stupn\u011b.<\/p>\n<p>Status Osoby zdravotn\u011b znev\u00fdhodn\u011bn\u00e9 uplatn\u00edte p\u0159edev\u0161\u00edm ve sv\u00e9m zam\u011bstn\u00e1n\u00ed, kde by m\u011bl zam\u011bstnavatel br\u00e1t v\u00edce ohled na Va\u0161e zdravotn\u00ed pot\u00ed\u017ee a p\u0159edev\u0161\u00edm m\u016f\u017ee z\u00edskat od \u00daP m\u011bs\u00ed\u010dn\u011b a\u017e p\u011bt tis\u00edc korun jako p\u0159\u00edsp\u011bvek za to, \u017ee zam\u011bstn\u00e1v\u00e1 zdravotn\u011b posti\u017eenou osobu. To plat\u00ed pouze v p\u0159\u00edpad\u011b, \u017ee zam\u011bstnavatel zam\u011bstn\u00e1v\u00e1 minim\u00e1ln\u011b 50% zam\u011bstnanc\u016f se zdravotn\u00edm posti\u017een\u00edm. V p\u0159\u00edpad\u011b, \u017ee budete uzn\u00e1na osobou invalidn\u00ed v prvn\u00edm a\u017e t\u0159et\u00edm stupni, m\u016f\u017ee zam\u011bstnavatel od \u00daP z\u00edskat m\u011bs\u00ed\u010dn\u011b a\u017e osm tis\u00edc korun.<\/p>\n<p>Ji\u0159\u00ed Marek<br \/>\ninvArena<\/p>\n","protected":false},"excerpt":{"rendered":"<div class=\"mh-excerpt\"><p>Dotaz: M\u00e1m n\u00e1rok na sn\u00ed\u017een\u00ed pracovn\u00ed schopnosti, kdy\u017e se n\u011bkolik let l\u00e9\u010d\u00edm s p\u00e1te\u0159\u00ed?<\/p>\n<\/div>","protected":false},"author":3,"featured_media":12092,"comment_status":"open","ping_status":"closed","sticky":false,"template":"","format":"standard","meta":{"footnotes":""},"categories":[18],"tags":[],"class_list":["post-21494","post","type-post","status-publish","format-standard","has-post-thumbnail","hentry","category-poradna"],"_links":{"self":[{"href":"https:\/\/www.invarena.cz\/index.php?rest_route=\/wp\/v2\/posts\/21494","targetHints":{"allow":["GET"]}}],"collection":[{"href":"https:\/\/www.invarena.cz\/index.php?rest_route=\/wp\/v2\/posts"}],"about":[{"href":"https:\/\/www.invarena.cz\/index.php?rest_route=\/wp\/v2\/types\/post"}],"author":[{"embeddable":true,"href":"https:\/\/www.invarena.cz\/index.php?rest_route=\/wp\/v2\/users\/3"}],"replies":[{"embeddable":true,"href":"https:\/\/www.invarena.cz\/index.php?rest_route=%2Fwp%2Fv2%2Fcomments&post=21494"}],"version-history":[{"count":0,"href":"https:\/\/www.invarena.cz\/index.php?rest_route=\/wp\/v2\/posts\/21494\/revisions"}],"wp:featuredmedia":[{"embeddable":true,"href":"https:\/\/www.invarena.cz\/index.php?rest_route=\/wp\/v2\/media\/12092"}],"wp:attachment":[{"href":"https:\/\/www.invarena.cz\/index.php?rest_route=%2Fwp%2Fv2%2Fmedia&parent=21494"}],"wp:term":[{"taxonomy":"category","embeddable":true,"href":"https:\/\/www.invarena.cz\/index.php?rest_route=%2Fwp%2Fv2%2Fcategories&post=21494"},{"taxonomy":"post_tag","embeddable":true,"href":"https:\/\/www.invarena.cz\/index.php?rest_route=%2Fwp%2Fv2%2Ftags&post=21494"}],"curies":[{"name":"wp","href":"https:\/\/api.w.org\/{rel}","templated":true}]}}