{"id":21495,"date":"2015-05-26T16:17:34","date_gmt":"2015-05-26T14:17:34","guid":{"rendered":"http:\/\/www.invarena.cz\/?p=21495"},"modified":"2015-05-26T16:28:32","modified_gmt":"2015-05-26T14:28:32","slug":"pvk-da-lidem-kteri-byli-u-lekare-se-strevnimi-potizemi-5000-kc","status":"publish","type":"post","link":"https:\/\/www.invarena.cz\/?p=21495","title":{"rendered":"PVK d\u00e1 lidem, kte\u0159\u00ed byli u l\u00e9ka\u0159e se st\u0159evn\u00edmi pot\u00ed\u017eemi, 5000 K\u010d"},"content":{"rendered":"<p><strong>Pra\u017esk\u00e9 vodovody a kanalizace (PVK) od\u0161kodn\u00ed lidi, kte\u0159\u00ed kv\u016fli st\u0159evn\u00edm pot\u00ed\u017e\u00edm zp\u016fsoben\u00fdm zne\u010di\u0161t\u011bnou vodou v pra\u017esk\u00fdch Dejvic\u00edch a Buben\u010di vyhledali l\u00e9ka\u0159e, 5000 korunami. Hospitalizovan\u00ed dostanou \u0159\u00e1dov\u011b v\u00edce. Vodohospod\u00e1\u0159i nav\u00edc nebudou odb\u011bratel\u016fm v dob\u011b odst\u00e1vky vody v Praze 6 \u00fa\u010dtovat vodn\u00e9 a sto\u010dn\u00e9. Po dne\u0161n\u00edm jedn\u00e1n\u00ed rady hlavn\u00edho m\u011bsta to \u0159ekl \u0159editel Pra\u017esk\u00fdch vodovod\u016f a kanalizac\u00ed (PVK) Petr Mrkos.<\/strong><!--more--><\/p>\n<p>ilustra\u010dn\u00ed foto: LeoSynapse \/ sxc.hu<\/p>\n<p>    &#8222;Od\u0161kodn\u011bn\u00ed m\u00e1 n\u011bkolik forem. V pr\u016fb\u011bhu odst\u00e1vky nebudeme \u00fa\u010dtovat vodn\u00e9 a sto\u010dn\u00e9 a ka\u017ed\u00fd, kdo za n\u00e1mi p\u0159ijde s l\u00e9ka\u0159skou zpr\u00e1vou, tak jej od\u0161kodn\u00edme. V p\u0159\u00edpad\u011b lid\u00ed, kte\u0159\u00ed nebyli hospitalizov\u00e1ni, to bude 5000 korun. U hospitalizovan\u00fdch \u0159\u00e1dov\u011b v\u00edce,&#8220; \u0159ekl Mrkos. Podle Zde\u0148ky J\u00e1grov\u00e9 z pra\u017esk\u00e9 hygienick\u00e9 stanice l\u00e9ka\u0159kou pomoc dosud vyhledalo 160 a\u017e 200 lid\u00ed.<br \/>\n    Mrkos sou\u010dasn\u011b uvedl, \u017ee voda byla ve zm\u00edn\u011bn\u00e9 oblasti kontaminov\u00e1na bakteriemi v p\u00e1tek, nikoliv ve \u010dtvrtek, jak se psalo na soci\u00e1ln\u00edch s\u00edt\u00edch a v m\u00e9di\u00edch. Prvn\u00ed p\u0159\u00edznaky st\u0159evn\u00edch pot\u00ed\u017e\u00ed se u lid\u00ed objevily v sobotu odpoledne, uvedl dnes Mrkos. Vodohospod\u00e1\u0159i nyn\u00ed prozkoum\u00e1vaj\u00ed a proplachuj\u00ed vodovodn\u00ed \u0159ad. Pitn\u00e1 voda by v oblasti mohla za\u010d\u00edt t\u00e9ct z kohoutk\u016f ve st\u0159edu.<br \/>\n    Vodohospod\u00e1\u0159i dnes r\u00e1no za\u010dali s kamerov\u00fdm pr\u016fzkumem potrub\u00ed v Dejvic\u00edch a vodovodn\u00ed \u0159ad sou\u010dasn\u011b proplachuj\u00ed vodou. &#8222;V\u00fdsledky odb\u011br\u016f jsou \u0159\u00e1dov\u011b lep\u0161\u00ed, ne\u017e byly v p\u00e1tek. St\u00e1le v\u0161ak je\u0161t\u011b nen\u00ed voda pro koncov\u00e9 u\u017eivatele pitn\u00e1,&#8220; \u0159ekla J\u00e1grov\u00e1.<br \/>\n    PVK zat\u00edm vy\u0161la opat\u0159en\u00ed a ztr\u00e1ty zisku kv\u016fli hav\u00e1rii na des\u00edtky milion\u016f korun.<br \/>\n    Hled\u00e1n\u00ed slep\u00e9ho ramene, kter\u00fdm se bakterie do vody nejsp\u00ed\u0161 dostaly, zabere vodohospod\u00e1\u0159\u016fm dva dny. V\u00fdsledky hled\u00e1n\u00ed nebudou m\u00edt vliv na to, kdy budou moci obyvatel\u00e9 Dejvic a Buben\u010de znovu p\u00edt vodu z kohoutku, to z\u00e1le\u017e\u00ed na hygienic\u00edch a v\u00fdsledc\u00edch rozbor\u016f vody. O\u010dek\u00e1v\u00e1 se, \u017ee hygiena povol\u00ed vodu p\u00edt ve st\u0159edu. Ve vod\u011b byly v ned\u011bli zji\u0161t\u011bny koliformn\u00ed bakterie, kter\u00e9 zp\u016fsobuj\u00ed st\u0159evn\u00ed pot\u00ed\u017ee. Na 32.000 lid\u00ed je tak bez pitn\u00e9 vody z vodovodn\u00edho \u0159adu.<br \/>\n    Kv\u016fli kontaminovan\u00e9 vod\u011b se v pond\u011bl\u00ed se\u0161el i krizov\u00fd \u0161t\u00e1b Prahy 6, kter\u00fd rozhodl, \u017ee nap\u0159\u00edklad \u0161koly \u010di l\u00e9\u010debny bude z\u00e1sobovat ve spolupr\u00e1ci s hlavn\u00edm m\u011bstem balenou vodou. Svol\u00e1n\u00ed krizov\u00e9ho \u0161t\u00e1bu na pond\u011bl\u00ed kritizuje opozice. Podle p\u0159edsedy pra\u017esk\u00e9 ODS Filipa Humpl\u00edka m\u011bl b\u00fdt \u0161t\u00e1b svol\u00e1n ji\u017e v ned\u011bli, kdy se radnice o zne\u010di\u0161t\u011bn\u00ed vody dozv\u011bd\u011bla.<br \/>\n    Oblast se \u0161patnou kvalitou vody je ohrani\u010den\u00e1 ulicemi Milady Hor\u00e1kov\u00e9, U Vorl\u00edk\u016f, Na Z\u00e1torce, N\u00e1m\u011bst\u00ed pod Ka\u0161tany, Wolkerova, Gotthardsk\u00e1, Goetheho, Za C\u00edsa\u0159sk\u00fdm ml\u00fdnem, Pap\u00edrensk\u00e1, Jedno\u0159ad\u00e1, \u0160estidom\u00ed, Ve Struh\u00e1ch, \u010c\u00ednsk\u00e1, Terronsk\u00e1, Pod Juliskou, Na Kvintusce, Na \u0160\u0165\u00e1hlavce, B\u00edl\u00e1, Bo\u017ekova, Na Koc\u00ednce, Na Kotl\u00e1\u0159ce, Kolejn\u00ed, Na Vl\u010dovce, Evropsk\u00e1, Gymnasijn\u00ed, Pevnostn\u00ed, Gener\u00e1la P\u00edky, Svatov\u00edtsk\u00e1, V\u00e1clavkova a Dejvick\u00e1. <\/p>\n","protected":false},"excerpt":{"rendered":"<div class=\"mh-excerpt\"><p>Pra\u017esk\u00e9 vodovody a kanalizace (PVK) od\u0161kodn\u00ed lidi, kte\u0159\u00ed kv\u016fli st\u0159evn\u00edm pot\u00ed\u017e\u00edm zp\u016fsoben\u00fdm zne\u010di\u0161t\u011bnou vodou v pra\u017esk\u00fdch Dejvic\u00edch a Buben\u010di vyhledali l\u00e9ka\u0159e, 5000 korunami. Hospitalizovan\u00ed dostanou <a class=\"mh-excerpt-more\" href=\"https:\/\/www.invarena.cz\/?p=21495\" title=\"PVK d\u00e1 lidem, kte\u0159\u00ed byli u l\u00e9ka\u0159e se st\u0159evn\u00edmi pot\u00ed\u017eemi, 5000 K\u010d\">[&#8230;]<\/a><\/p>\n<\/div>","protected":false},"author":1,"featured_media":14424,"comment_status":"open","ping_status":"closed","sticky":false,"template":"","format":"standard","meta":{"footnotes":""},"categories":[1],"tags":[],"class_list":["post-21495","post","type-post","status-publish","format-standard","has-post-thumbnail","hentry","category-nezarazene"],"_links":{"self":[{"href":"https:\/\/www.invarena.cz\/index.php?rest_route=\/wp\/v2\/posts\/21495","targetHints":{"allow":["GET"]}}],"collection":[{"href":"https:\/\/www.invarena.cz\/index.php?rest_route=\/wp\/v2\/posts"}],"about":[{"href":"https:\/\/www.invarena.cz\/index.php?rest_route=\/wp\/v2\/types\/post"}],"author":[{"embeddable":true,"href":"https:\/\/www.invarena.cz\/index.php?rest_route=\/wp\/v2\/users\/1"}],"replies":[{"embeddable":true,"href":"https:\/\/www.invarena.cz\/index.php?rest_route=%2Fwp%2Fv2%2Fcomments&post=21495"}],"version-history":[{"count":0,"href":"https:\/\/www.invarena.cz\/index.php?rest_route=\/wp\/v2\/posts\/21495\/revisions"}],"wp:featuredmedia":[{"embeddable":true,"href":"https:\/\/www.invarena.cz\/index.php?rest_route=\/wp\/v2\/media\/14424"}],"wp:attachment":[{"href":"https:\/\/www.invarena.cz\/index.php?rest_route=%2Fwp%2Fv2%2Fmedia&parent=21495"}],"wp:term":[{"taxonomy":"category","embeddable":true,"href":"https:\/\/www.invarena.cz\/index.php?rest_route=%2Fwp%2Fv2%2Fcategories&post=21495"},{"taxonomy":"post_tag","embeddable":true,"href":"https:\/\/www.invarena.cz\/index.php?rest_route=%2Fwp%2Fv2%2Ftags&post=21495"}],"curies":[{"name":"wp","href":"https:\/\/api.w.org\/{rel}","templated":true}]}}