{"id":21497,"date":"2015-05-26T22:35:59","date_gmt":"2015-05-26T20:35:59","guid":{"rendered":"http:\/\/www.invarena.cz\/?p=21497"},"modified":"2015-05-27T14:23:23","modified_gmt":"2015-05-27T12:23:23","slug":"mz-zkoumalo-postup-lecebny-dobrany-kvuli-vrahovi-knihovnice","status":"publish","type":"post","link":"https:\/\/www.invarena.cz\/?p=21497","title":{"rendered":"MZ zkoumalo postup l\u00e9\u010debny Dob\u0159any kv\u016fli vrahovi knihovnice"},"content":{"rendered":"<p><strong>Postup psychiatrick\u00e9 nemocnice v Dob\u0159anech, kter\u00e1 letos propustila mu\u017ee, jen\u017e v pond\u011bl\u00ed na Plze\u0148sku ubodal \u017eenu, dnes prov\u011b\u0159ovala d\u00e9le ne\u017e t\u0159i hodiny v l\u00e9\u010debn\u011b speci\u00e1ln\u00ed komise ministerstva zdravotnictv\u00ed, \u0159ekl \u0159editel nemocnice Vladislav \u017di\u017eka.<\/strong><!--more--><\/p>\n<p>Ministr zdravotnictv\u00ed Svatopluk N\u011bme\u010dek (\u010cSSD) chce m\u00edt prvn\u00ed v\u00fdsledky \u0161et\u0159en\u00ed ve st\u0159edu dopoledne. Postup v p\u0159\u00edpadu v n\u011bm vyvol\u00e1v\u00e1 sm\u00ed\u0161en\u00e9 pocity. Prim\u00e1\u0159 l\u00e9\u010debny V\u00e1clav Fait dnes podal v\u00fdpov\u011b\u010f, ud\u00e1lost\u00ed je zdrcen.<br \/>\n&#8222;Vzali si ve\u0161kerou dokumentaci. D\u011blali si, co cht\u011bli. Ministerstvo te\u010f mus\u00ed rozhodnout a pot\u00e9 vyd\u00e1 tiskovou zpr\u00e1vu,&#8220; \u0159ekl \u010cTK po kontrole \u017di\u017eka. Nemocnice vypracovala p\u00edsemn\u00fd popis n\u011bkolika hospitalizac\u00ed pacienta. Nic v n\u011bm nehodnotila a odeslala ho p\u0159ed 19:00 ministerstvu. P\u0159\u00edpad by m\u011bl podle \u017di\u017eky zhodnotit n\u011bkdo nez\u00e1visl\u00fd.<\/p>\n<p>Ministersk\u00fd t\u00fdm pracoval samostatn\u011b, na n\u011bkter\u00e9 v\u011bci se dotazoval veden\u00ed nemocnice. \u0160et\u0159en\u00ed bylo podle \u017di\u017eky podrobn\u00e9, nemocnice p\u0159ipravila komisi ve\u0161kerou p\u0159\u00edslu\u0161nou zdravotnickou dokumentaci. &#8222;Nav\u00edc je v po\u010d\u00edta\u010di, kam m\u011bli p\u0159\u00edstup. V po\u010d\u00edta\u010di nem\u016f\u017eete nic m\u011bnit. Tam je to p\u0159esn\u011b s minutami, kdy co l\u00e9ka\u0159i napsali,&#8220; uvedl. T\u00fdm si ofotil pot\u0159ebn\u00e9 dokumenty. \u0158editel \u017di\u017eka nev\u00ed, zda bude kontrola pokra\u010dovat v dal\u0161\u00edch dnech. Podle n\u011bj by mohla komise vyvodit prvn\u00ed z\u00e1v\u011bry z dne\u0161n\u00edho \u0161et\u0159en\u00ed.<\/p>\n<p>Mladou \u017eenu v knihovn\u011b v Horn\u00ed B\u0159\u00edze na Plze\u0148sku zabil v pond\u011bl\u00ed dev\u011btadvacetilet\u00fd mu\u017e z Plzn\u011b, kter\u00fd se podle m\u00e9di\u00ed v minulosti l\u00e9\u010dil na psychiatrii a trp\u011bl bludy. V l\u00e9\u010debn\u011b v Dob\u0159anech ho hospitalizovali bez jeho souhlasu za\u010d\u00e1tkem roku a propustili p\u0159ed t\u00edm, ne\u017e o jeho dal\u0161\u00edm setrv\u00e1n\u00ed v instituci rozhodl soud, kter\u00fd \u010dekal na znaleck\u00fd posudek.<br \/>\n&#8222;Nerad bych hodnotil p\u0159edsedu okresn\u00edho soudu. \u010cetl jsem jeho vyj\u00e1d\u0159en\u00ed. Na znaleck\u00fd posudek se ale \u010dek\u00e1 jen tehdy, pokud je to jak\u00e1koliv ochrann\u00e1 l\u00e9\u010dba. Toto ale byla oby\u010dejn\u00e1 l\u00e9\u010dba, tam se na znaleck\u00fd posudek ne\u010dek\u00e1,&#8220; \u0159ekl \u017di\u017eka.<\/p>\n<p>Prim\u00e1\u0159 Fait podle \u017di\u017eky uvedl, \u017ee nechce d\u011blat pot\u00ed\u017ee nemocnici ani \u0159editeli. &#8222;Ale dodal, \u017ee je p\u0159esv\u011bd\u010den\u00fd o tom, \u017ee rozhodnut\u00ed (o propu\u0161t\u011bn\u00ed pacienta) ud\u011blal spr\u00e1vn\u011b,&#8220; uvedl \u017di\u017eka. Podle n\u011bj se ho p\u0159\u00edpad velmi dotkl a v\u00fdpov\u011b\u010f pod\u00e1. &#8222;Je to dlouholet\u00fd pracovn\u00edk a nepamatuji si, \u017ee by s n\u00edm byl n\u011bjak\u00fd probl\u00e9m nebo na n\u011bj byly n\u011bjak\u00e9 st\u00ed\u017enosti,&#8220; \u0159ekl.<\/p>\n<p>Mluv\u010d\u00ed ministerstva zdravotnictv\u00ed \u0160t\u011bp\u00e1nka \u010cechov\u00e1 uvedla, \u017ee vy\u0161et\u0159ovac\u00ed t\u00fdm vede n\u00e1m\u011bstek pro ekonomiku a p\u0159\u00edmo \u0159\u00edzen\u00e9 organizace David Kotris. \u010clenem je tak\u00e9 p\u0159edseda Psychiatrick\u00e9 spole\u010dnosti \u010cesk\u00e9 l\u00e9ka\u0159sk\u00e9 spole\u010dnosti Jana Evangelisty Purkyn\u011b Martin Holl\u00fd. &#8222;O v\u00fdsledc\u00edch pr\u00e1ce komise a dal\u0161\u00edm postupu budeme ve\u0159ejnost informovat,&#8220; dodala.<\/p>\n<p>&#8222;M\u00e1m z toho sm\u00ed\u0161en\u00e9 pocity, prost\u011b \u010dlov\u011bk, kter\u00fd byl l\u00e9\u010den s t\u00edm, \u017ee bylo podez\u0159en\u00ed, \u017ee je nebezpe\u010dn\u00fd, se dostal ven a ud\u011blal to, co ud\u011blal. To ve mn\u011b nevyvol\u00e1v\u00e1 a priori \u00fapln\u011b dobr\u00e9 pocity,&#8220; odpov\u011bd\u011bl ministr na ot\u00e1zku, jestli m\u00e1 podez\u0159en\u00ed, \u017ee v\u0161echno nebylo v po\u0159\u00e1dku.<br \/>\nPo lo\u0148sk\u00e9 vra\u017ed\u011b ve \u0161kole ve \u017d\u010f\u00e1ru nad S\u00e1zavou jde o druh\u00fd p\u0159\u00edpad v kr\u00e1tk\u00e9 dob\u011b, kdy zab\u00edjel \u010dlov\u011bk propu\u0161t\u011bn\u00e1 z psychiatrick\u00e9 l\u00e9\u010debny.<\/p>\n","protected":false},"excerpt":{"rendered":"<div class=\"mh-excerpt\"><p>Postup psychiatrick\u00e9 nemocnice v Dob\u0159anech, kter\u00e1 letos propustila mu\u017ee, jen\u017e v pond\u011bl\u00ed na Plze\u0148sku ubodal \u017eenu, dnes prov\u011b\u0159ovala d\u00e9le ne\u017e t\u0159i hodiny v l\u00e9\u010debn\u011b speci\u00e1ln\u00ed <a class=\"mh-excerpt-more\" href=\"https:\/\/www.invarena.cz\/?p=21497\" title=\"MZ zkoumalo postup l\u00e9\u010debny Dob\u0159any kv\u016fli vrahovi knihovnice\">[&#8230;]<\/a><\/p>\n<\/div>","protected":false},"author":1,"featured_media":21521,"comment_status":"open","ping_status":"closed","sticky":false,"template":"","format":"standard","meta":{"footnotes":""},"categories":[7],"tags":[],"class_list":["post-21497","post","type-post","status-publish","format-standard","has-post-thumbnail","hentry","category-spolecnost"],"_links":{"self":[{"href":"https:\/\/www.invarena.cz\/index.php?rest_route=\/wp\/v2\/posts\/21497","targetHints":{"allow":["GET"]}}],"collection":[{"href":"https:\/\/www.invarena.cz\/index.php?rest_route=\/wp\/v2\/posts"}],"about":[{"href":"https:\/\/www.invarena.cz\/index.php?rest_route=\/wp\/v2\/types\/post"}],"author":[{"embeddable":true,"href":"https:\/\/www.invarena.cz\/index.php?rest_route=\/wp\/v2\/users\/1"}],"replies":[{"embeddable":true,"href":"https:\/\/www.invarena.cz\/index.php?rest_route=%2Fwp%2Fv2%2Fcomments&post=21497"}],"version-history":[{"count":0,"href":"https:\/\/www.invarena.cz\/index.php?rest_route=\/wp\/v2\/posts\/21497\/revisions"}],"wp:featuredmedia":[{"embeddable":true,"href":"https:\/\/www.invarena.cz\/index.php?rest_route=\/wp\/v2\/media\/21521"}],"wp:attachment":[{"href":"https:\/\/www.invarena.cz\/index.php?rest_route=%2Fwp%2Fv2%2Fmedia&parent=21497"}],"wp:term":[{"taxonomy":"category","embeddable":true,"href":"https:\/\/www.invarena.cz\/index.php?rest_route=%2Fwp%2Fv2%2Fcategories&post=21497"},{"taxonomy":"post_tag","embeddable":true,"href":"https:\/\/www.invarena.cz\/index.php?rest_route=%2Fwp%2Fv2%2Ftags&post=21497"}],"curies":[{"name":"wp","href":"https:\/\/api.w.org\/{rel}","templated":true}]}}