{"id":21503,"date":"2015-05-27T10:19:40","date_gmt":"2015-05-27T08:19:40","guid":{"rendered":"http:\/\/www.invarena.cz\/?p=21503"},"modified":"2015-05-27T10:19:40","modified_gmt":"2015-05-27T08:19:40","slug":"terapie-na-hrbetu-kone-pomaha-nemocnym","status":"publish","type":"post","link":"https:\/\/www.invarena.cz\/?p=21503","title":{"rendered":"Terapie na h\u0159betu kon\u011b pom\u00e1h\u00e1 nemocn\u00fdm"},"content":{"rendered":"<p><strong>Ob\u010dansk\u00e9 sdru\u017een\u00ed Ryz\u00e1\u010dek p\u016fsob\u00ed ji\u017e deset let v mal\u00e9 vesnici Vy\u0161ehorky na Mohelnicku. Na 20. \u010dervna pl\u00e1nuje den otev\u0159en\u00fdch dve\u0159\u00ed<\/strong> <!--more--><\/p>\n<p>L\u00ed\u0161nice \u2013 U\u017e deset let p\u016fsob\u00ed v mal\u00e9 vesnici Vy\u0161ehorky u L\u00ed\u0161nice na Mohelnicku ob\u010dansk\u00e9 sdru\u017een\u00ed Ryz\u00e1\u010dek. Od jeho vzniku bylo prvo\u0159ad\u00fdm posl\u00e1n\u00edm poskytov\u00e1n\u00ed odborn\u00e9 hiporehabilitace d\u011btem i dosp\u011bl\u00fdm. Hiporehabilitace vyu\u017e\u00edv\u00e1 kon\u011b a zahrnuje jak terapie, tak dal\u0161\u00ed aktivity s ko\u0148mi. Hipoterapie vyu\u017e\u00edv\u00e1 pohyb h\u0159betu kon\u011b ke zm\u00edrn\u011bn\u00ed nebo odstran\u011bn\u00ed p\u0159\u00edznak\u016f onemocn\u011bn\u00ed pohybov\u00e9ho apar\u00e1tu. Pohyb h\u0159betu v kroku p\u0159ed\u00e1v\u00e1 t\u011blu impulsy, kter\u00e9 pom\u00e1haj\u00ed zm\u00edrnit patologick\u00e9 probl\u00e9my i stavy po \u00farazech.<\/p>\n<p>&#8222;Hipoterapie pom\u00e1h\u00e1 p\u0159i \u0161irok\u00e9m spektru probl\u00e9m\u016f, p\u0159edev\u0161\u00edm u onemocn\u011bn\u00ed neurologick\u00e9ho \u010di ortopedick\u00e9ho p\u016fvodu, ale m\u016f\u017ee j\u00edt i o intern\u00ed onemocn\u011bn\u00ed \u010di obezitu,&#8220; vysv\u011btlila p\u0159edsedkyn\u011b Ryz\u00e1\u010dku a fyzioterapeutka Hana Bedn\u00e1\u0159\u00edkov\u00e1. Terapie se p\u0159izp\u016fsobuje v\u017edy ka\u017ed\u00e9mu klientovi na m\u00edru podle jeho onemocn\u011bn\u00ed a diagn\u00f3zy. Vyu\u017e\u00edvaj\u00ed se r\u016fzn\u00e9 polohy na h\u0159betu kon\u011b, tak\u017ee se jezd\u00ed t\u0159eba i z\u00e1dy po sm\u011bru j\u00edzdy nebo vle\u017ee.<\/p>\n<p>&#8222;R\u016fzn\u00e9 polohy slou\u017e\u00ed k uvoln\u011bn\u00ed r\u016fzn\u00fdch skupin sval\u016f,&#8220; doplnila Hana Bedn\u00e1\u0159\u00edkov\u00e1. Hipoterapie se d\u00e1 vyu\u017e\u00edvat u\u017e od t\u0159\u00ed m\u011bs\u00edc\u016f v\u011bku d\u00edt\u011bte a\u017e po seniory. Jedin\u00fdm omezen\u00edm je hmotnost, ta nesm\u00ed p\u0159ekro\u010dit osminu v\u00e1hy zv\u00ed\u0159ete. V Ryz\u00e1\u010dku maj\u00ed sedm kon\u00ed r\u016fzn\u00fdch typ\u016f. Klient\u016fm se p\u0159i\u0159azuj\u00ed pr\u00e1v\u011b podle druhu jejich posti\u017een\u00ed.<\/p>\n<p>Ryz\u00e1\u010dek ale nab\u00edz\u00ed i dal\u0161\u00ed aktivity s ko\u0148mi. V soci\u00e1ln\u011b-pedagogick\u00e9m programu se k\u016f\u0148 vyu\u017e\u00edv\u00e1 jako prost\u0159edek motivace pro d\u011bti, aby se nau\u010dily spolupracovat ve skupin\u011b nebo br\u00e1t ohled na druh\u00e9.<\/p>\n<p>&#8222;Nab\u00edz\u00edme i outdoorov\u00fd krou\u017eek pro d\u011bti od sedmi let P\u0159\u00edHra pln\u00fd aktivit v p\u0159\u00edrod\u011b. Po\u0159\u00e1d\u00e1me n\u011bkolikr\u00e1t do roka akce pro ve\u0159ejnost, p\u0159\u00edm\u011bstsk\u00e9 t\u00e1bory, za\u010dali jsme d\u011blat i relaxa\u010dn\u00ed vyj\u00ed\u017e\u010fky nebo rodinn\u00e9 programy,&#8220; popsala dal\u0161\u00ed aktivity Alena Fritscherov\u00e1, zakladatelka Ryz\u00e1\u010dku, koordin\u00e1torka projekt\u016f a hlavn\u00ed cvi\u010ditelka kon\u00ed.<\/p>\n<p>Do Ryz\u00e1\u010dku pravideln\u011b doj\u00ed\u017ed\u00ed i Miloslav Sm\u00e9kal z Olomouce, kter\u00fd je na invalidn\u00edm voz\u00edku. Na koni jezd\u00ed ve speci\u00e1ln\u011b upraven\u00e9m sedle u\u017e sedm let. &#8222;V Ryz\u00e1\u010dku jsem na\u0161el kon\u00edka Arona, kter\u00fd je super. P\u0159i\u0161li jsme sem ve stejnou dobu a spolu se v\u0161e u\u010dili,&#8220; \u0159\u00edk\u00e1 Miloslav Sm\u00e9kal.<\/p>\n<p>S doprovodem vyj\u00ed\u017ed\u00ed na Aronovi po okol\u00ed. &#8222;D\u00e1v\u00e1 mi to \u00fapln\u011b v\u0161echno. Kdybych nebyl na koni, do n\u011bkter\u00fdch m\u00edst t\u0159eba v lese bych se v\u016fbec nedostal. D\u00edky Aronovi m\u00e1m najednou nohy, a dokonce \u010dty\u0159i. Je to i dokonal\u00e1 relaxace a vy\u010di\u0161t\u011bn\u00ed hlavy,&#8220; pochvaluje si spolupr\u00e1ci se sv\u00fdm \u010dty\u0159noh\u00fdm p\u0159\u00edtelem Miloslav Sm\u00e9kal. Kdo by cht\u011bl bl\u00ed\u017ee poznat, co v\u0161e Ryz\u00e1\u010dek nab\u00edz\u00ed, bude m\u00edt \u0161anci 20. \u010dervna, kdy tady po\u0159\u00e1daj\u00ed den otev\u0159en\u00fdch dve\u0159\u00ed pro ve\u0159ejnost.<\/p>\n<p>MICHAL KREST\u00ddN<br \/>\n\u0160umpersk\u00fd a Jesenick\u00fd den\u00edk<br \/>\n<a href=\"http:\/\/www.sumpersky.denik.cz\/\">http:\/\/www.sumpersky.denik.cz\/<\/a><\/p>\n","protected":false},"excerpt":{"rendered":"<div class=\"mh-excerpt\"><p>Ob\u010dansk\u00e9 sdru\u017een\u00ed Ryz\u00e1\u010dek p\u016fsob\u00ed ji\u017e deset let v mal\u00e9 vesnici Vy\u0161ehorky na Mohelnicku. Na 20. \u010dervna pl\u00e1nuje den otev\u0159en\u00fdch dve\u0159\u00ed<\/p>\n<\/div>","protected":false},"author":1,"featured_media":11790,"comment_status":"open","ping_status":"closed","sticky":false,"template":"","format":"standard","meta":{"footnotes":""},"categories":[9],"tags":[],"class_list":["post-21503","post","type-post","status-publish","format-standard","has-post-thumbnail","hentry","category-zpravy"],"_links":{"self":[{"href":"https:\/\/www.invarena.cz\/index.php?rest_route=\/wp\/v2\/posts\/21503","targetHints":{"allow":["GET"]}}],"collection":[{"href":"https:\/\/www.invarena.cz\/index.php?rest_route=\/wp\/v2\/posts"}],"about":[{"href":"https:\/\/www.invarena.cz\/index.php?rest_route=\/wp\/v2\/types\/post"}],"author":[{"embeddable":true,"href":"https:\/\/www.invarena.cz\/index.php?rest_route=\/wp\/v2\/users\/1"}],"replies":[{"embeddable":true,"href":"https:\/\/www.invarena.cz\/index.php?rest_route=%2Fwp%2Fv2%2Fcomments&post=21503"}],"version-history":[{"count":0,"href":"https:\/\/www.invarena.cz\/index.php?rest_route=\/wp\/v2\/posts\/21503\/revisions"}],"wp:featuredmedia":[{"embeddable":true,"href":"https:\/\/www.invarena.cz\/index.php?rest_route=\/wp\/v2\/media\/11790"}],"wp:attachment":[{"href":"https:\/\/www.invarena.cz\/index.php?rest_route=%2Fwp%2Fv2%2Fmedia&parent=21503"}],"wp:term":[{"taxonomy":"category","embeddable":true,"href":"https:\/\/www.invarena.cz\/index.php?rest_route=%2Fwp%2Fv2%2Fcategories&post=21503"},{"taxonomy":"post_tag","embeddable":true,"href":"https:\/\/www.invarena.cz\/index.php?rest_route=%2Fwp%2Fv2%2Ftags&post=21503"}],"curies":[{"name":"wp","href":"https:\/\/api.w.org\/{rel}","templated":true}]}}