{"id":21504,"date":"2015-05-27T10:12:07","date_gmt":"2015-05-27T08:12:07","guid":{"rendered":"http:\/\/www.invarena.cz\/?p=21504"},"modified":"2015-05-27T10:12:07","modified_gmt":"2015-05-27T08:12:07","slug":"destive-ale-skvele-jubileum-seni-cupu-v-havlickove-brode","status":"publish","type":"post","link":"https:\/\/www.invarena.cz\/?p=21504","title":{"rendered":"De\u0161tiv\u00e9, ale skv\u011bl\u00e9 jubileum SENI Cupu v Havl\u00ed\u010dkov\u011b Brod\u011b"},"content":{"rendered":"<p><strong>A\u010dkoli se minulou st\u0159edu z t\u011b\u017ek\u00fdch \u0161ediv\u00fdch mrak\u016f lily provazce de\u0161t\u011b, jubilejn\u00ed des\u00e1t\u00fd ro\u010dn\u00edk fotbalov\u00e9ho turnaje posti\u017een\u00fdch SENI Cup 2015 v\u016fbec neohrozily. Ba naopak, atmosf\u00e9ra na fotbalov\u00e9m h\u0159i\u0161ti Slovanu Havl\u00ed\u010dk\u016fv Brod, kde se turnaj tradi\u010dn\u011b hraje, byla v\u010dera snad je\u0161t\u011b lep\u0161\u00ed a h\u0159ejiv\u011bj\u0161\u00ed.<\/strong><!--more--><\/p>\n<p>Havl\u00ed\u010dk\u016fv Brod \u2013 Fotbalov\u00e9ho kl\u00e1n\u00ed se z\u00fa\u010dastnilo \u010dtrn\u00e1ct t\u00fdm\u016f zdravotn\u011b posti\u017een\u00fdch z pobytov\u00fdch za\u0159\u00edzen\u00ed soci\u00e1ln\u00edch slu\u017eeb z cel\u00e9 republiky. P\u0159es ob\u010das velmi nep\u0159\u00edjemn\u00fd d\u00e9\u0161\u0165 sv\u00e1d\u011bly urputn\u00e9 souboje ve dvou skupin\u00e1ch u\u017e od dopoledn\u00edch hodin, kdy turnaj zah\u00e1jil slavnostn\u00edm v\u00fdkopem starosta Havl\u00ed\u010dkova Brodu Mgr. Jan Tecl. V\u00edt\u011bzov\u00e9 skupin se po poledni utkali k\u0159\u00ed\u017eem s druh\u00fdm t\u00fdmem v semifin\u00e1le. V prvn\u00edm zv\u00edt\u011bzil Zb\u016fch nad Litom\u011b\u0159icemi a ve druh\u00e9m \u010cernovice podlehly Vejprt\u016fm 0 : 4. V dramatick\u00e9m fin\u00e1le nakonec Zb\u016fch porazil Vejprty v b\u00edl\u00e9m 4 : 2, \u010d\u00edm\u017e obh\u00e1jil lo\u0148sk\u00e9 v\u00edt\u011bzstv\u00ed. Hr\u00e1\u010di ze Zb\u016fchu tak z\u00edskali nejen zlat\u00e9 medaile, ale i hlavn\u00ed cenu: n\u00e1v\u0161t\u011bvu studi\u00ed \u010cesk\u00e9 televize na Kav\u010d\u00edch Hor\u00e1ch, kterou v\u011bnovala \u010cT. T\u0159et\u00ed skon\u010dily Litom\u011b\u0159ice a \u010dtvrt\u00e9 \u010cernovice. Turnaje se letos bohu\u017eel poprv\u00e9 nemohl z\u00fa\u010dastnit tradi\u010dn\u00ed patron turnaje Anton\u00edn Panenka, kter\u00fd v\u0161ak sl\u00edbil, \u017ee p\u0159\u00ed\u0161t\u00ed rok se v Havl\u00ed\u010dkov\u011b Brod\u011b ur\u010dit\u011b op\u011bt objev\u00ed. Zato druh\u00fd patron turnaje, herec a re\u017eis\u00e9r Jakub Koh\u00e1k se s mnoha hr\u00e1\u010di opravdu srde\u010dn\u011b p\u0159iv\u00edtal jako se star\u00fdmi zn\u00e1m\u00fdmi a na jeho autogrami\u00e1d\u011b bylo nabito. Poprv\u00e9 letos p\u0159ijel na SENI Cup zp\u011bv\u00e1k Martin Maxa, kter\u00fd nejen\u017ee zahr\u00e1l a zazp\u00edval, ale stejn\u011b jako Koh\u00e1k se tak\u00e9 ochotn\u011b vyfotil s hr\u00e1\u010di a fanou\u0161ky.<\/p>\n<p>V\u00fdbornou atmosf\u00e9ru v pr\u016fb\u011bhu cel\u00e9ho dne v\u0161ak vytv\u00e1\u0159eli p\u0159edev\u0161\u00edm nad\u0161en\u00ed a talentovan\u00ed muzikanti Z\u00e1meck\u00e9 kapely z Domova Na z\u00e1mku v Nezamyslic\u00edch, a tak\u00e9 tane\u010dn\u00edci z Lucarino Dance z Domova na Svobod\u011b \u010c\u00ed\u017ekovice a \u010dlenky origin\u00e1ln\u00ed tane\u010dn\u00ed skupiny B\u00e1brlinky.<\/p>\n<p>Jubilejn\u00ed SENI Cup byl zat\u011b\u017ek\u00e1vac\u00ed zkou\u0161kou i pro prom\u00e1\u010den\u00e9 organiz\u00e1tory z firmy Bella Bohemia, ale nad\u0161en\u00ed a spont\u00e1nn\u00ed radost ze hry v\u0161ech hr\u00e1\u010d\u016f se p\u0159eneslo \u00fapln\u011b na v\u0161echny. A samotn\u00ed hr\u00e1\u010di jako by d\u00e9\u0161\u0165 nevn\u00edmali, tak zap\u00e1len\u011b bojovali v ka\u017ed\u00e9m utk\u00e1n\u00ed.<\/p>\n<p>Pro v\u0161echny hr\u00e1\u010de i div\u00e1ky na h\u0159i\u0161ti Slovanu byl leto\u0161n\u00ed SENI Cup opravdu siln\u00fdm z\u00e1\u017eitkem, co\u017e potvrdily i z\u00e1stupkyn\u011b ministerstva pr\u00e1ce a soci\u00e1ln\u00ed v\u011bc\u00ed \u010cR, kter\u00e9 letos p\u0159evzalo nad turnajem z\u00e1\u0161titu.<\/p>\n<p>Havl\u00ed\u010dkobrodsk\u00fd den\u00edk<br \/>\n<a href=\"http:\/\/havlickobrodsky.denik.cz\/\">http:\/\/havlickobrodsky.denik.cz\/<\/a><\/p>\n","protected":false},"excerpt":{"rendered":"<div class=\"mh-excerpt\"><p>A\u010dkoli se minulou st\u0159edu z t\u011b\u017ek\u00fdch \u0161ediv\u00fdch mrak\u016f lily provazce de\u0161t\u011b, jubilejn\u00ed des\u00e1t\u00fd ro\u010dn\u00edk fotbalov\u00e9ho turnaje posti\u017een\u00fdch SENI Cup 2015 v\u016fbec neohrozily. Ba naopak, atmosf\u00e9ra <a class=\"mh-excerpt-more\" href=\"https:\/\/www.invarena.cz\/?p=21504\" title=\"De\u0161tiv\u00e9, ale skv\u011bl\u00e9 jubileum SENI Cupu v Havl\u00ed\u010dkov\u011b Brod\u011b\">[&#8230;]<\/a><\/p>\n<\/div>","protected":false},"author":1,"featured_media":15337,"comment_status":"open","ping_status":"closed","sticky":false,"template":"","format":"standard","meta":{"footnotes":""},"categories":[9],"tags":[],"class_list":["post-21504","post","type-post","status-publish","format-standard","has-post-thumbnail","hentry","category-zpravy"],"_links":{"self":[{"href":"https:\/\/www.invarena.cz\/index.php?rest_route=\/wp\/v2\/posts\/21504","targetHints":{"allow":["GET"]}}],"collection":[{"href":"https:\/\/www.invarena.cz\/index.php?rest_route=\/wp\/v2\/posts"}],"about":[{"href":"https:\/\/www.invarena.cz\/index.php?rest_route=\/wp\/v2\/types\/post"}],"author":[{"embeddable":true,"href":"https:\/\/www.invarena.cz\/index.php?rest_route=\/wp\/v2\/users\/1"}],"replies":[{"embeddable":true,"href":"https:\/\/www.invarena.cz\/index.php?rest_route=%2Fwp%2Fv2%2Fcomments&post=21504"}],"version-history":[{"count":0,"href":"https:\/\/www.invarena.cz\/index.php?rest_route=\/wp\/v2\/posts\/21504\/revisions"}],"wp:featuredmedia":[{"embeddable":true,"href":"https:\/\/www.invarena.cz\/index.php?rest_route=\/wp\/v2\/media\/15337"}],"wp:attachment":[{"href":"https:\/\/www.invarena.cz\/index.php?rest_route=%2Fwp%2Fv2%2Fmedia&parent=21504"}],"wp:term":[{"taxonomy":"category","embeddable":true,"href":"https:\/\/www.invarena.cz\/index.php?rest_route=%2Fwp%2Fv2%2Fcategories&post=21504"},{"taxonomy":"post_tag","embeddable":true,"href":"https:\/\/www.invarena.cz\/index.php?rest_route=%2Fwp%2Fv2%2Ftags&post=21504"}],"curies":[{"name":"wp","href":"https:\/\/api.w.org\/{rel}","templated":true}]}}