{"id":21507,"date":"2015-05-27T10:27:28","date_gmt":"2015-05-27T08:27:28","guid":{"rendered":"http:\/\/www.invarena.cz\/?p=21507"},"modified":"2015-05-27T12:05:51","modified_gmt":"2015-05-27T10:05:51","slug":"pri-detskem-dnu-a-fotbalovych-utkanich-vyberou-penize","status":"publish","type":"post","link":"https:\/\/www.invarena.cz\/?p=21507","title":{"rendered":"P\u0159i D\u011btsk\u00e9m dnu a fotbalov\u00fdch utk\u00e1n\u00edch vyberou pen\u00edze"},"content":{"rendered":"<p><strong>I leto\u0161n\u00ed ro\u010dn\u00edk akce Pom\u00e1h\u00e1me fotbalem bude op\u011bt nadm\u00edru pestr\u00fd. N\u00e1v\u0161t\u011bvn\u00edci mohou na m\u00edst\u011b podpo\u0159it tento po\u010din i n\u00e1kupem upom\u00ednkov\u00fdch p\u0159edm\u011bt\u016f.<\/strong><!--more--><\/p>\n<p>Harrachov \u2013 P\u0159ed posledn\u00edm m\u00e1jov\u00fdm v\u00edkendem bude horsk\u00e9 st\u0159edisko Harrachov doslova fotbalem nabit\u00e9. Na m\u00edstn\u00edm fotbalov\u00e9m h\u0159i\u0161ti se toti\u017e v p\u00e1tek 29. kv\u011btna po cel\u00fd den uskute\u010dn\u00ed 4. ro\u010dn\u00edk charitativn\u00ed akce Pom\u00e1h\u00e1me fotbalem, a to za aktivn\u00ed \u00fa\u010dasti i n\u011bkolika legend \u010desk\u00e9 kopan\u00e9. Sou\u010d\u00e1st\u00ed benefi\u010dn\u00edho po\u010dinu bude i d\u011btsk\u00fd den s mnoha atrakcemi.<\/p>\n<p>&#8222;Za uplynul\u00e9 t\u0159i ro\u010dn\u00edky se n\u00e1m ji\u017e poda\u0159ilo ve prosp\u011bch harrachovsk\u00fdch hendikepovan\u00fdch ob\u010dan\u016f vybrat na financ\u00edch a darech \u00facty hodnou \u010d\u00e1stku v p\u0159ibli\u017en\u00e9 v\u00fd\u0161i 400 tis\u00edc korun. I leto\u0161n\u00ed ro\u010dn\u00edk slibuje d\u00edky \u0161t\u011bdrosti sponzor\u016f velmi zaj\u00edmavou pen\u011b\u017en\u00ed \u010d\u00e1stku, s jistotou op\u011bt kolem sto tis\u00edc korun,&#8220; prozradil Tom\u00e1\u0161 Va\u0161\u00ed\u010dek, jeden ze spolupo\u0159adatel\u016f akce.<\/p>\n<p>Va\u0161\u00ed\u010dek dodal, \u017ee nav\u00edc od leto\u0161ka m\u016f\u017ee ka\u017ed\u00fd jednotlivec p\u0159isp\u011bt na konto transparentn\u00edho \u00fa\u010dtu nov\u011b zakl\u00e1dan\u00e9ho nada\u010dn\u00edho fondu Pom\u00e1h\u00e1me fotbalem libovolnou \u010d\u00e1stkou. Vybran\u00e9 p\u0159\u00edsp\u011bvky posl\u00e9ze rozd\u011bl\u00ed harrachovsk\u00fdm rodin\u00e1m pe\u010duj\u00edc\u00edm o d\u00edt\u011b s handicapem, kter\u00e9 si o podporu po\u017e\u00e1daj\u00ed skrz podanou \u017e\u00e1dost.<\/p>\n<p>Harrachovsk\u00fd benefi\u010dn\u00ed den na fotbalov\u00e9m h\u0159i\u0161ti zapo\u010dne ji\u017e v 10 hodin d\u011btsk\u00fdm dnem. Pro d\u011bti zde bude k dispozici mnoho zaj\u00edmav\u00fdch atrakc\u00ed. Jen nam\u00e1tkou: sk\u00e1kac\u00ed hrad, ch\u016fze po lan\u011b, d\u011btsk\u00e1 diskot\u00e9ka, st\u0159elba ze vzduchovky, j\u00edzdy na kon\u00edch. Mezi na\u0161e nejmen\u0161\u00ed zav\u00edt\u00e1 i Krakono\u0161ova dru\u017eina.<\/p>\n<p>V prav\u00e9 poledne za\u010d\u00ednaj\u00ed fotbalov\u00e9 z\u00e1pasy. V r\u00e1mci miniturnaje se proti sob\u011b postupn\u011b st\u0159etnou tyto t\u00fdmy: Strahov 1860 (za kter\u00fd nastoup\u00ed nap\u0159\u00edklad Ivo Ulich \u010di Horst Siegl), Star\u00e1 garda Harrachov, mu\u017estvo Lib\u0161t\u00e1tu a tak\u00e9 v\u00fdb\u011br V\u00e1clav\u00e1ci (s legendy \u010desk\u00e9ho ly\u017eov\u00e1n\u00ed), d\u00e1le CIMEX group t\u00fdm a pol\u0161t\u00ed amat\u00e9r\u0161t\u00ed fotbalist\u00e9 z t\u00fdmu Tatra Krzeni\u00f3w Nowy Kosciol.<\/p>\n<p>Slavnostn\u00ed p\u0159ed\u00e1n\u00ed benefi\u010dn\u00edho \u0161eku je napl\u00e1nov\u00e1no na 16 hodin. Sobotn\u00ed fotbalov\u00fd den v Harrachov\u011b uzav\u0159e v 19 hodin koncert hudebn\u00ed skupiny Trouble Heroes.<\/p>\n<p>Tv\u00e1\u0159\u00ed leto\u0161n\u00edho ro\u010dn\u00edku \u00fasp\u011b\u0161n\u00e1 nesly\u0161\u00edc\u00ed harrachovsk\u00e1 ly\u017ea\u0159ka Tereza Kmochov\u00e1, je\u017e je dr\u017eitelkou p\u011bti zlat\u00fdch medail\u00ed z ned\u00e1vn\u00e9 deaflympi\u00e1dy v rusk\u00e9m Magnitogorsku. &#8222;D\u00edky opravdu up\u0159\u00edmn\u011b projeven\u00e9mu z\u00e1jmu partner\u016f a sponzor\u016f bude i leto\u0161n\u00ed ro\u010dn\u00edk Pom\u00e1h\u00e1me fotbalem op\u011bt nadm\u00edru pestr\u00fd. N\u00e1v\u0161t\u011bvn\u00edci mohou na m\u00edst\u011b podpo\u0159it tento po\u010din i n\u00e1kupem upom\u00ednkov\u00fdch odzn\u00e1\u010dk\u016f a tri\u010dek s motivem akce,&#8220; uvedl druh\u00fd spolupo\u0159adatel akce Tom\u00e1\u0161 Ploc.<\/p>\n<p>Jabloneck\u00fd den\u00edk<br \/>\n<a href=\"http:\/\/www.jablonecky.denik.cz\/\">http:\/\/www.jablonecky.denik.cz\/<\/a><\/p>\n","protected":false},"excerpt":{"rendered":"<div class=\"mh-excerpt\"><p>I leto\u0161n\u00ed ro\u010dn\u00edk akce Pom\u00e1h\u00e1me fotbalem bude op\u011bt nadm\u00edru pestr\u00fd. N\u00e1v\u0161t\u011bvn\u00edci mohou na m\u00edst\u011b podpo\u0159it tento po\u010din i n\u00e1kupem upom\u00ednkov\u00fdch p\u0159edm\u011bt\u016f.<\/p>\n<\/div>","protected":false},"author":1,"featured_media":15337,"comment_status":"open","ping_status":"closed","sticky":false,"template":"","format":"standard","meta":{"footnotes":""},"categories":[9],"tags":[],"class_list":["post-21507","post","type-post","status-publish","format-standard","has-post-thumbnail","hentry","category-zpravy"],"_links":{"self":[{"href":"https:\/\/www.invarena.cz\/index.php?rest_route=\/wp\/v2\/posts\/21507","targetHints":{"allow":["GET"]}}],"collection":[{"href":"https:\/\/www.invarena.cz\/index.php?rest_route=\/wp\/v2\/posts"}],"about":[{"href":"https:\/\/www.invarena.cz\/index.php?rest_route=\/wp\/v2\/types\/post"}],"author":[{"embeddable":true,"href":"https:\/\/www.invarena.cz\/index.php?rest_route=\/wp\/v2\/users\/1"}],"replies":[{"embeddable":true,"href":"https:\/\/www.invarena.cz\/index.php?rest_route=%2Fwp%2Fv2%2Fcomments&post=21507"}],"version-history":[{"count":0,"href":"https:\/\/www.invarena.cz\/index.php?rest_route=\/wp\/v2\/posts\/21507\/revisions"}],"wp:featuredmedia":[{"embeddable":true,"href":"https:\/\/www.invarena.cz\/index.php?rest_route=\/wp\/v2\/media\/15337"}],"wp:attachment":[{"href":"https:\/\/www.invarena.cz\/index.php?rest_route=%2Fwp%2Fv2%2Fmedia&parent=21507"}],"wp:term":[{"taxonomy":"category","embeddable":true,"href":"https:\/\/www.invarena.cz\/index.php?rest_route=%2Fwp%2Fv2%2Fcategories&post=21507"},{"taxonomy":"post_tag","embeddable":true,"href":"https:\/\/www.invarena.cz\/index.php?rest_route=%2Fwp%2Fv2%2Ftags&post=21507"}],"curies":[{"name":"wp","href":"https:\/\/api.w.org\/{rel}","templated":true}]}}