{"id":21528,"date":"2015-05-28T08:12:44","date_gmt":"2015-05-28T06:12:44","guid":{"rendered":"http:\/\/www.invarena.cz\/?p=21528"},"modified":"2015-05-28T13:23:37","modified_gmt":"2015-05-28T11:23:37","slug":"cesky-filmovy-festival-mentalne-postizenych-inspiruje-cely-svet-podporuji-ho-cesti-herci","status":"publish","type":"post","link":"https:\/\/www.invarena.cz\/?p=21528","title":{"rendered":"\u010cesk\u00fd filmov\u00fd festival ment\u00e1ln\u011b posti\u017een\u00fdch inspiruje cel\u00fd sv\u011bt. Podporuj\u00ed ho \u010de\u0161t\u00ed herci"},"content":{"rendered":"<p><strong>Dev\u00e1t\u00fd ro\u010dn\u00edk mezin\u00e1rodn\u00edho filmov\u00e9ho festivalu Mental Power Prague Film Festival se usktue\u010dn\u00ed 4. a\u017e 6. \u010dervna v pra\u017esk\u00e9m Divadle Palace. Leto\u0161n\u00ed rok se ho \u00fa\u010dastn\u00ed dvacet film\u016f z \u010cesk\u00e9 republiky, \u0160v\u00fdcarska, Anglie, Belgie a dal\u0161\u00edch evropsk\u00fdch zem\u00ed.<\/strong><!--more--><\/p>\n<p>Praha \u2013 Hosty \u010dek\u00e1 ale i p\u0159ekvapen\u00ed z Kostariky a Holandska, kter\u00e9 se do projektu letos zapojilo. Vrcholem cel\u00e9ho festivalu bude z\u00e1v\u011bre\u010dn\u00fd galave\u010der, na kter\u00e9m budou vyhl\u00e1\u0161eny v\u00edt\u011bzn\u00e9 filmy pro leto\u0161n\u00ed rok. Ocen\u011bni budou herci a here\u010dky s ment\u00e1ln\u00edm posti\u017een\u00edm v kategori\u00edch, kter\u00e9 zn\u00e1me i z jin\u00fdch filmov\u00fdch sout\u011b\u017e\u00ed \u2013 za nejlep\u0161\u00ed mu\u017eskou hlavn\u00ed\/vedlej\u0161\u00ed roli, \u017eenskou hlavn\u00ed\/vedlej\u0161\u00ed roli, nejlep\u0161\u00ed film, sc\u00e9n\u00e1\u0159 \u010di kameru.<\/p>\n<p>Role moder\u00e1tora se u\u017e tradi\u010dn\u011b ujme Vojta Kotek, v porot\u011b zasedne nap\u0159\u00edklad here\u010dka Eva Holubov\u00e1 a Tereza Vo\u0159\u00ed\u0161kov\u00e1, herec Michal Such\u00e1nek, texta\u0159 Michal Hor\u00e1\u010dek \u010di kandid\u00e1tka na prezidenta T\u00e1\u0148a Fischerov\u00e1.<\/p>\n<p>Krom\u011b z\u00e1v\u011bre\u010dn\u00e9ho t\u0159\u00eddenn\u00edho ceremoni\u00e1lu v Praze prob\u00edhaj\u00ed po cel\u00fd rok v \u010cesk\u00e9 republice i zahrani\u010d\u00ed Ozv\u011bny Mental Power, kter\u00e9 r\u016fzn\u00e9 neziskov\u00e9 organizace po\u0159\u00e1daj\u00ed ve spolupr\u00e1ci se spole\u010dnost\u00ed Hendaver a kter\u00e9 po cel\u00fd rok prezentuj\u00ed pr\u00e1ci handicapovan\u00fdch a seznamuj\u00ed s n\u00ed \u0161irokou ve\u0159ejnost.<\/p>\n<p>V leto\u0161n\u00edm roce se uskute\u010dnily ozv\u011bny nap\u0159\u00edklad v Ostrav\u011b, \u017datci, Plzni, Mlad\u00e9 Boleslavy, Brn\u011b, Bratislav\u011b a v neposledn\u00ed \u0159ad\u011b ve V\u00eddni za \u00fa\u010dasti expremi\u00e9ra \u0160pidly.<\/p>\n<p>Hendaver nem\u00e1 \u017e\u00e1dn\u00e9 zam\u011bstnance, festival aktivn\u011b p\u0159ipravuje cca deset lid\u00ed. V\u016fd\u010d\u00edmi osobnostmi jsou prezidenti festivalu Patrik Henel a David Sychra, kte\u0159\u00ed organizuj\u00ed akci.<\/p>\n<p>Financov\u00e1n\u00ed projektu je z\u00e1visl\u00e9 hlavn\u011b na sponzorech. P\u0159isp\u00edv\u00e1 ale i ministerstvo kultury a pra\u017esk\u00fd magistr\u00e1t. Ro\u010dn\u00ed rozpo\u010det projektu se pohybuje kolem jednoho milionu korun.<\/p>\n<p>PAVLA JANOU\u0160KOV\u00c1<br \/>\nPra\u017esk\u00fd den\u00edk<br \/>\n<a href=\"http:\/\/www.prazsky.denik.cz\/\">http:\/\/www.prazsky.denik.cz\/<\/a><\/p>\n","protected":false},"excerpt":{"rendered":"<div class=\"mh-excerpt\"><p>Dev\u00e1t\u00fd ro\u010dn\u00edk mezin\u00e1rodn\u00edho filmov\u00e9ho festivalu Mental Power Prague Film Festival se usktue\u010dn\u00ed 4. a\u017e 6. \u010dervna v pra\u017esk\u00e9m Divadle Palace. Leto\u0161n\u00ed rok se ho \u00fa\u010dastn\u00ed <a class=\"mh-excerpt-more\" href=\"https:\/\/www.invarena.cz\/?p=21528\" title=\"\u010cesk\u00fd filmov\u00fd festival ment\u00e1ln\u011b posti\u017een\u00fdch inspiruje cel\u00fd sv\u011bt. Podporuj\u00ed ho \u010de\u0161t\u00ed herci\">[&#8230;]<\/a><\/p>\n<\/div>","protected":false},"author":1,"featured_media":5224,"comment_status":"open","ping_status":"closed","sticky":false,"template":"","format":"standard","meta":{"footnotes":""},"categories":[9],"tags":[],"class_list":["post-21528","post","type-post","status-publish","format-standard","has-post-thumbnail","hentry","category-zpravy"],"_links":{"self":[{"href":"https:\/\/www.invarena.cz\/index.php?rest_route=\/wp\/v2\/posts\/21528","targetHints":{"allow":["GET"]}}],"collection":[{"href":"https:\/\/www.invarena.cz\/index.php?rest_route=\/wp\/v2\/posts"}],"about":[{"href":"https:\/\/www.invarena.cz\/index.php?rest_route=\/wp\/v2\/types\/post"}],"author":[{"embeddable":true,"href":"https:\/\/www.invarena.cz\/index.php?rest_route=\/wp\/v2\/users\/1"}],"replies":[{"embeddable":true,"href":"https:\/\/www.invarena.cz\/index.php?rest_route=%2Fwp%2Fv2%2Fcomments&post=21528"}],"version-history":[{"count":0,"href":"https:\/\/www.invarena.cz\/index.php?rest_route=\/wp\/v2\/posts\/21528\/revisions"}],"wp:featuredmedia":[{"embeddable":true,"href":"https:\/\/www.invarena.cz\/index.php?rest_route=\/wp\/v2\/media\/5224"}],"wp:attachment":[{"href":"https:\/\/www.invarena.cz\/index.php?rest_route=%2Fwp%2Fv2%2Fmedia&parent=21528"}],"wp:term":[{"taxonomy":"category","embeddable":true,"href":"https:\/\/www.invarena.cz\/index.php?rest_route=%2Fwp%2Fv2%2Fcategories&post=21528"},{"taxonomy":"post_tag","embeddable":true,"href":"https:\/\/www.invarena.cz\/index.php?rest_route=%2Fwp%2Fv2%2Ftags&post=21528"}],"curies":[{"name":"wp","href":"https:\/\/api.w.org\/{rel}","templated":true}]}}