{"id":21549,"date":"2015-05-29T10:19:46","date_gmt":"2015-05-29T08:19:46","guid":{"rendered":"http:\/\/www.invarena.cz\/?p=21549"},"modified":"2015-05-29T16:00:11","modified_gmt":"2015-05-29T14:00:11","slug":"v-peci-o-postizeneho-clena-rodiny-poradi-a-pomuze-alka","status":"publish","type":"post","link":"https:\/\/www.invarena.cz\/?p=21549","title":{"rendered":"V p\u00e9\u010di o posti\u017een\u00e9ho \u010dlena rodiny porad\u00ed a pom\u016f\u017ee Alka"},"content":{"rendered":"<p><strong>Od chv\u00edle, kdy obecn\u011b prosp\u011b\u0161n\u00e1 spole\u010dnost Alka v P\u0159\u00edbrami zah\u00e1jila svou \u010dinnost v roli poskytovatele soci\u00e1ln\u00edch slu\u017eeb, uplyne v \u010dervenci sedm let. C\u00edlovou skupinou ve\u0161ker\u00fdch aktivit byli v\u017edy v\u00fdhradn\u011b lid\u00e9 s r\u016fzn\u00fdm posti\u017een\u00edm.<\/strong><!--more--><\/p>\n<p>P\u0159\u00edbram \u2013 &#8222;Ka\u017edodenn\u00ed kontakt s na\u0161imi klienty a t\u011bmi, kte\u0159\u00ed se o n\u011b staraj\u00ed, n\u00e1s dlouhodob\u011b vedl k \u00favah\u00e1m o tom, jak\u00fdm zp\u016fsobem bychom mohli pomoci t\u011bmto rodin\u00e1m je\u0161t\u011b \u00fa\u010dinn\u011bji. A tak vznikl projekt, kter\u00fd od leto\u0161n\u00edho \u010dervna za\u010d\u00edn\u00e1me realizovat. Projekt, jeho\u017e c\u00edlem je usnadnit \u017eivot t\u011bm, kte\u0159\u00ed to v mnoh\u00fdch aspektech maj\u00ed minim\u00e1ln\u011b stejn\u011b t\u011b\u017ek\u00e9, jako na\u0161i klienti \u2013 jejich rodi\u010d\u016fm, kte\u0159\u00ed se o n\u011b ka\u017ed\u00fd den, po cel\u00fd jejich dosavadn\u00ed \u017eivot, staraj\u00ed,&#8220; \u0159\u00edk\u00e1 \u0160\u00e1rka H\u00e1jkov\u00e1, \u0159editelka Alky.<\/p>\n<p>Projekt dostal n\u00e1zev Kompas. Bude nab\u00edzet podporu, informace, vzd\u011bl\u00e1v\u00e1n\u00ed a prostor pro setk\u00e1v\u00e1n\u00ed t\u011bch, kte\u0159\u00ed dlouhodob\u011b pe\u010duj\u00ed o handicapovan\u00e9ho \u010dlena rodiny. Je ur\u010den v\u0161em, kte\u0159\u00ed spl\u0148uj\u00ed tuto z\u00e1kladn\u00ed podm\u00ednku, bez ohledu na to, jestli \u010dlov\u011bk, o kter\u00e9ho se staraj\u00ed, je klientem Alky.<\/p>\n<p>&#8222;Jako prvn\u00ed za\u010dne fungovat Klub pro rodi\u010de, jeho\u017e prvn\u00ed setk\u00e1n\u00ed prob\u011bhne ve st\u0159edu 10. 6. 2015 od 15 hodin. Pokud se star\u00e1te o posti\u017een\u00e9ho \u010dlov\u011bka, zveme pr\u00e1v\u011b v\u00e1s. P\u0159ij\u010fte si popov\u00eddat, p\u0159ij\u010fte n\u00e1m \u0159\u00edci, co v\u00e1s tr\u00e1p\u00ed a t\u011b\u0161\u00ed, co pot\u0159ebujete. N\u00e1\u0161 Kompas v\u00e1m pom\u016f\u017ee naj\u00edt cestu a \u0159e\u0161en\u00ed v ka\u017ed\u00e9 situaci,&#8220; nab\u00e1d\u00e1 k n\u00e1v\u0161t\u011bv\u011b \u0159editelka. Hlavn\u00edm partnerem projektu je Nada\u010dn\u00ed fond AVAST, kter\u00fd jej podpo\u0159il \u010d\u00e1stkou 300 000 korun a podporuje jej i M\u011bsto P\u0159\u00edbram, kter\u00e9 p\u0159isl\u00edbilo \u00fa\u010dast sv\u00fdch odborn\u00edk\u016f na vzd\u011bl\u00e1vac\u00edch aktivit\u00e1ch.<\/p>\n<p>P\u0159\u00edbramsk\u00fd den\u00edk<br \/>\n<a href=\"http:\/\/www.pribramsky.denik.cz\/\">http:\/\/www.pribramsky.denik.cz\/<\/a><\/p>\n","protected":false},"excerpt":{"rendered":"<div class=\"mh-excerpt\"><p>Od chv\u00edle, kdy obecn\u011b prosp\u011b\u0161n\u00e1 spole\u010dnost Alka v P\u0159\u00edbrami zah\u00e1jila svou \u010dinnost v roli poskytovatele soci\u00e1ln\u00edch slu\u017eeb, uplyne v \u010dervenci sedm let. C\u00edlovou skupinou ve\u0161ker\u00fdch <a class=\"mh-excerpt-more\" href=\"https:\/\/www.invarena.cz\/?p=21549\" title=\"V p\u00e9\u010di o posti\u017een\u00e9ho \u010dlena rodiny porad\u00ed a pom\u016f\u017ee Alka\">[&#8230;]<\/a><\/p>\n<\/div>","protected":false},"author":1,"featured_media":0,"comment_status":"open","ping_status":"closed","sticky":false,"template":"","format":"standard","meta":{"footnotes":""},"categories":[9],"tags":[],"class_list":["post-21549","post","type-post","status-publish","format-standard","hentry","category-zpravy"],"_links":{"self":[{"href":"https:\/\/www.invarena.cz\/index.php?rest_route=\/wp\/v2\/posts\/21549","targetHints":{"allow":["GET"]}}],"collection":[{"href":"https:\/\/www.invarena.cz\/index.php?rest_route=\/wp\/v2\/posts"}],"about":[{"href":"https:\/\/www.invarena.cz\/index.php?rest_route=\/wp\/v2\/types\/post"}],"author":[{"embeddable":true,"href":"https:\/\/www.invarena.cz\/index.php?rest_route=\/wp\/v2\/users\/1"}],"replies":[{"embeddable":true,"href":"https:\/\/www.invarena.cz\/index.php?rest_route=%2Fwp%2Fv2%2Fcomments&post=21549"}],"version-history":[{"count":0,"href":"https:\/\/www.invarena.cz\/index.php?rest_route=\/wp\/v2\/posts\/21549\/revisions"}],"wp:attachment":[{"href":"https:\/\/www.invarena.cz\/index.php?rest_route=%2Fwp%2Fv2%2Fmedia&parent=21549"}],"wp:term":[{"taxonomy":"category","embeddable":true,"href":"https:\/\/www.invarena.cz\/index.php?rest_route=%2Fwp%2Fv2%2Fcategories&post=21549"},{"taxonomy":"post_tag","embeddable":true,"href":"https:\/\/www.invarena.cz\/index.php?rest_route=%2Fwp%2Fv2%2Ftags&post=21549"}],"curies":[{"name":"wp","href":"https:\/\/api.w.org\/{rel}","templated":true}]}}