{"id":21555,"date":"2015-05-29T10:43:05","date_gmt":"2015-05-29T08:43:05","guid":{"rendered":"http:\/\/www.invarena.cz\/?p=21555"},"modified":"2015-05-29T10:43:05","modified_gmt":"2015-05-29T08:43:05","slug":"handicapovanym-studentum-nabidne-univerzita-asistenta","status":"publish","type":"post","link":"https:\/\/www.invarena.cz\/?p=21555","title":{"rendered":"Handicapovan\u00fdm student\u016fm nab\u00eddne univerzita asistenta"},"content":{"rendered":"<p><strong>Zl\u00ednsk\u00e1 Univerzita Tom\u00e1\u0161e Bati bude nov\u011b nab\u00edzet pomoc student\u016fm se zdravotn\u00edm posti\u017een\u00edm. K dispozici jim bude asistent \u010di r\u016fzn\u00e9 pom\u016fcky.<\/strong> <!--more--><\/p>\n<p>ZL\u00cdN Bez doprovodu a asistence se ve \u0161kole neobejde. Studentka Magdalena Hankov\u00e1 se kv\u016fli sv\u00e9mu zdravotn\u00edmu posti\u017een\u00ed pohybuje na voz\u00edku. A b\u011bhem \u0161estilet\u00e9ho studia p\u0159ekon\u00e1v\u00e1 r\u016fzn\u00e9 bari\u00e9ry.<\/p>\n<p>&#8222;Faktem je, \u017ee i v nov\u00fdch budov\u00e1ch se \u010dlov\u011bk setk\u00e1 s \u0159adou bari\u00e9r, kter\u00e9 ostatn\u00ed ani nevn\u00edmaj\u00ed,&#8220; upozornila. &#8222;M\u00e1m na mysli nap\u0159\u00edklad t\u011b\u017ek\u00e9 vstupn\u00ed dve\u0159e do budov, k v\u00fdtah\u016fm anebo na toalety. Pokud bych do \u0161koly nedoch\u00e1zela s doprovodem, musela bych spol\u00e9hat na ochotu druh\u00fdch lid\u00ed,&#8220; popsala studentka.<\/p>\n<p>Jako doktorandka fakulty humanitn\u00edch studi\u00ed by m\u011bla nap\u0159\u00edklad tr\u00e1vit \u010das na budov\u011b U 10 nad obchodn\u00edm domem Prior. &#8222;Samotn\u00e1 budova je ale naprosto bari\u00e9rov\u00e1, a pro voz\u00ed\u010dk\u00e1\u0159e tedy nekomfortn\u00ed,&#8220; vysv\u011btlila.<\/p>\n<p>Sou\u010dasn\u011b ale zd\u016fraznila, \u017ee \u0161kola pro ni na\u0161la \u0159e\u0161en\u00ed, d\u00edky n\u011bmu\u017e te\u010f m\u016f\u017ee ke sv\u00e9 pr\u00e1ci vyu\u017e\u00edvat jin\u00e9, l\u00e9pe dostupn\u00e9 budovy.<\/p>\n<p>Vzhledem k tomu, \u017ee nen\u00ed jedin\u00e1 s handicapem, rozhodla se univerzita roz\u0161\u00ed\u0159it sv\u00e9 slu\u017eby o nov\u00e9 centrum. Takov\u00e9, kter\u00e9 bude pr\u00e1v\u011b lidem s r\u016fzn\u00fdmi typy zdravotn\u00edch posti\u017een\u00ed a poruch nab\u00edzet pomoc.<\/p>\n<p>&#8222;V\u00edme o tom, \u017ee na \u0161kole je kolem dvac\u00edtky lid\u00ed se specifick\u00fdmi pot\u0159ebami. Dal\u0161\u00ed ale mohou p\u0159ich\u00e1zet a my chceme, aby m\u011bli rovn\u00e9 podm\u00ednky s ostatn\u00edmi,&#8220; vysv\u011btlila vznik centra Hana Z\u00e1horovsk\u00e1 z rektor\u00e1tu \u0161koly.<\/p>\n<p>Nab\u00edzet bude takovou pomoc, ji\u017e budou studenti pot\u0159ebovat. &#8222;Nap\u0159\u00edklad budeme m\u00edt s\u00ed\u0165 asistent\u016f, kte\u0159\u00ed budou fungovat jako doprovod,&#8220; up\u0159esnila.<\/p>\n<p>Centrum bude m\u00edt k dispozici i kompenza\u010dn\u00ed pom\u016fcky pro studenty s posti\u017een\u00edm zraku. Tak\u00e9 nab\u00eddne radu a spolupr\u00e1ci p\u0159i tvo\u0159en\u00ed rozvrhu nebo zprost\u0159edkuje kontakty s pedagogy. Dal\u0161\u00ed pot\u0159eby z\u0159ejm\u011b vyplynou i z po\u017eadavk\u016f samotn\u00fdch student\u016f. &#8222;Bude to obrovsk\u00fd p\u0159\u00ednos. Obraceli se na n\u00e1s rodi\u010de student\u016f, kte\u0159\u00ed m\u011bli z\u00e1jem o na\u0161e slu\u017eby, proto\u017ee \u0161kola nic podobn\u00e9ho nenab\u00edzela,&#8220; prohl\u00e1sil \u0159editel zl\u00ednsk\u00e9 organizace Handicap(?) Ale\u0161 Chud\u00e1rek.<\/p>\n<p>Jeho pracovn\u00edci nap\u0159\u00edklad jednoho ze student\u016f do \u0161koly vozili a asistovali mu dohromady p\u011bt let.<\/p>\n<p>&#8222;Pokud na to bude m\u00edt univerzita syst\u00e9m a bude si to hl\u00eddat sama, je to lep\u0161\u00ed varianta,&#8220; konstatoval.<\/p>\n<p>Podle Hankov\u00e9 m\u016f\u017ee nov\u00e9 centrum p\u0159il\u00e1kat i \u0159adu nov\u00fdch student\u016f. I proto bude z\u00e1jem zji\u0161\u0165ovat \u0161kola od p\u0159\u00ed\u0161t\u00edho roku u\u017e p\u0159i p\u0159ihla\u0161ov\u00e1n\u00ed z\u00e1jemc\u016f.<\/p>\n<p>Jana Fuksov\u00e1, redaktorka MF DNES<\/p>\n<p>Mlad\u00e1 fronta DNES<\/p>\n","protected":false},"excerpt":{"rendered":"<div class=\"mh-excerpt\"><p>Zl\u00ednsk\u00e1 Univerzita Tom\u00e1\u0161e Bati bude nov\u011b nab\u00edzet pomoc student\u016fm se zdravotn\u00edm posti\u017een\u00edm. K dispozici jim bude asistent \u010di r\u016fzn\u00e9 pom\u016fcky.<\/p>\n<\/div>","protected":false},"author":1,"featured_media":20673,"comment_status":"open","ping_status":"closed","sticky":false,"template":"","format":"standard","meta":{"footnotes":""},"categories":[9],"tags":[],"class_list":["post-21555","post","type-post","status-publish","format-standard","has-post-thumbnail","hentry","category-zpravy"],"_links":{"self":[{"href":"https:\/\/www.invarena.cz\/index.php?rest_route=\/wp\/v2\/posts\/21555","targetHints":{"allow":["GET"]}}],"collection":[{"href":"https:\/\/www.invarena.cz\/index.php?rest_route=\/wp\/v2\/posts"}],"about":[{"href":"https:\/\/www.invarena.cz\/index.php?rest_route=\/wp\/v2\/types\/post"}],"author":[{"embeddable":true,"href":"https:\/\/www.invarena.cz\/index.php?rest_route=\/wp\/v2\/users\/1"}],"replies":[{"embeddable":true,"href":"https:\/\/www.invarena.cz\/index.php?rest_route=%2Fwp%2Fv2%2Fcomments&post=21555"}],"version-history":[{"count":0,"href":"https:\/\/www.invarena.cz\/index.php?rest_route=\/wp\/v2\/posts\/21555\/revisions"}],"wp:featuredmedia":[{"embeddable":true,"href":"https:\/\/www.invarena.cz\/index.php?rest_route=\/wp\/v2\/media\/20673"}],"wp:attachment":[{"href":"https:\/\/www.invarena.cz\/index.php?rest_route=%2Fwp%2Fv2%2Fmedia&parent=21555"}],"wp:term":[{"taxonomy":"category","embeddable":true,"href":"https:\/\/www.invarena.cz\/index.php?rest_route=%2Fwp%2Fv2%2Fcategories&post=21555"},{"taxonomy":"post_tag","embeddable":true,"href":"https:\/\/www.invarena.cz\/index.php?rest_route=%2Fwp%2Fv2%2Ftags&post=21555"}],"curies":[{"name":"wp","href":"https:\/\/api.w.org\/{rel}","templated":true}]}}