{"id":21556,"date":"2015-05-30T14:00:11","date_gmt":"2015-05-30T12:00:11","guid":{"rendered":"http:\/\/www.invarena.cz\/?p=21556"},"modified":"2015-05-30T14:00:11","modified_gmt":"2015-05-30T12:00:11","slug":"zit-s-nimi-ne-vedle-nich-rika-babicka-postizeneho-pavlika","status":"publish","type":"post","link":"https:\/\/www.invarena.cz\/?p=21556","title":{"rendered":"\u017d\u00edt s nimi, ne vedle nich, \u0159\u00edk\u00e1 babi\u010dka posti\u017een\u00e9ho Pavl\u00edka"},"content":{"rendered":"<p><strong>Slunce sv\u00edt\u00ed pro v\u0161echny je n\u00e1zev akce, p\u0159i n\u00ed\u017e se t\u011blocvi\u010dna v Klatovech prom\u011bnila v ateli\u00e9r. A handicapovan\u00e9 a zdrav\u00e9 d\u011bti v n\u011bm spole\u010dn\u011b tvo\u0159ily.<\/strong><!--more--><\/p>\n<p>ilustra\u010dn\u00ed foto: Lance Neilson \/ Flickr.com<\/p>\n<p>KLATOVY \/ S dev\u00edtilet\u00fdm Pavl\u00edkem se \u017eivot nemazlil. Jako \u010dty\u0159t\u00fddenn\u00ed miminko se musel pustit do boje s t\u011b\u017ek\u00fdm oboustrann\u00fdm z\u00e1palem plic. A do jeho dvou let byla jeho sv\u011btem d\u011btsk\u00e1 post\u00fdlka, p\u0159istroje a hadi\u010dky z nich v jeho t\u011bl\u00ed\u010dku. Ale Pavl\u00edk je bojovn\u00edk a nevzd\u00e1val se.<br \/>\n&#8222;Kdy\u017e se dostal k n\u00e1m zd\u00e1lo se, \u017ee sv\u00e9 vrstevn\u00edky do\u017eene. Ale bohu\u017eel, nebylo mu p\u0159\u00e1no, p\u0159i\u0161ly dal\u0161\u00ed zdravotn\u00ed komplikace. V\u0161e vyvrcholilo, kdy\u017e se Pavl\u00edkovi dostal obsah \u017ealudku do plic a my jsme ho vezli polomrtv\u00e9ho do nemocnice,&#8220; vzpom\u00edn\u00e1 je\u0161t\u011b dnes se slzami v o\u010d\u00edch na velmi t\u011b\u017ek\u00e9 chv\u00edle osmpades\u00e1tilet\u00e1 Pavl\u00edkova babi\u010dka Kv\u011bta Melicharov\u00e1 z Klatov. Ta spole\u010dn\u011b s man\u017eelem o dev\u00edtilet\u00e9ho vnuka pe\u010duje.<br \/>\n&#8222;Vnou\u010dek z\u016fstal bez rodi\u010d\u016f a kdybychom se o n\u011bj nepostarali my, asi by se z post\u00fdlky u\u017e nikdy nezvedl. Kdy\u017e n\u00e1m l\u00e9ka\u0159i v Plzni tehdy \u0159\u00edkali, \u017ee jen domov a dom\u00e1c\u00ed p\u00e9\u010de Pavl\u00edka zachr\u00e1n\u00ed, ani na okam\u017eik jsme nezav\u00e1hali,&#8220; \u0159\u00edk\u00e1.<br \/>\nOd t\u00e9 doby utekl u\u017e n\u011bjak\u00fd ten p\u00e1tek a Pavl\u00edk s kombinovan\u00fdm posti\u017een\u00edm za tu dobu ud\u011blal velk\u00e9 pokroky. &#8222;Zbavil se b\u0159i\u0161n\u00edho v\u00fdvodu, u\u017e nesed\u00ed jen na voz\u00ed\u010dku,&#8220; chlub\u00ed se babi\u010dka. A kdy\u017e za\u010dne mluvit o pokroc\u00edch posti\u017een\u00e9ho vnou\u010dka, o\u010di se j\u00ed rozz\u00e1\u0159\u00ed. &#8222;\u0158\u00edkali n\u00e1m, \u017ee m\u00e1 uzav\u0159en\u00fd moze\u010dek a \u017ee ho mus\u00edme pomalu znovu otev\u0159\u00edt. A mysl\u00edm, \u017ee se n\u00e1m to da\u0159\u00ed. Na za\u010d\u00e1tku to byla hrom\u00e1dka, kter\u00e1 nev\u011bd\u011bla o sv\u011bt\u011b. Nevn\u00edmal jej, nem\u011bl asi \u017e\u00e1dn\u00e9 pocity. Ale te\u010f si ka\u017ed\u00fd okam\u017eik u\u017e\u00edv\u00e1 pln\u00fdmi dou\u0161ky. P\u00e1ja m\u00e1 up\u0159\u00edmnou radost ze \u017eivota, a d\u00e1v\u00e1 ji najevo,&#8220; je \u0161\u0165astn\u00e1 Kv\u011bta Melicharov\u00e1 a p\u0159ipom\u00edn\u00e1, \u017ee jej\u00edho vnou\u010dka bav\u00ed auta, motory a technika. &#8222;Na takov\u00e9 po\u0159ady v televizi by se vydr\u017eet koukat p\u011bkn\u011b dlouho. A takov\u00fd Mr. Bean, to je pro n\u011bj obrovsk\u00e1 radost. To se Pavl\u00edk sm\u011bje na cel\u00e9 kolo,&#8220; dod\u00e1v\u00e1 Kv\u011bta Melicharov\u00e1, kter\u00e1 nezast\u00edr\u00e1, \u017ee jim posti\u017een\u00fd vnou\u010dek obr\u00e1til \u017eivot naruby.<\/p>\n<p>Je to velk\u00fd a dlouh\u00fd boj<\/p>\n<p>&#8222;Nen\u00ed to v\u016fbec jednoduch\u00e9, je to velk\u00fd boj. Ale kdy\u017e vid\u00edte toho prcka, jak state\u010dn\u011b bojuje, nem\u016f\u017eete ho nechat ve \u0161tychu. Je to velice n\u00e1ro\u010dn\u00fd b\u011bh na hodn\u011b dlouhou tra\u0165, ale ka\u017edi\u010dk\u00fd pokrok, kter\u00fd Pavl\u00edk ud\u011bl\u00e1, n\u00e1s nakopne, \u017eene d\u00e1l. I kdy\u017e jsou to opravdu jen malink\u00e9 st\u0159\u00edpe\u010dky, kter\u00e9 se pomalu a dlouho skl\u00e1daj\u00ed, je to i pro n\u00e1s n\u011bco \u00fa\u017easn\u00e9ho. Ten moment, kdy vid\u00edte, \u017ee jsme zase o kousek d\u00e1l,&#8220; p\u0159ipom\u00edn\u00e1 babi\u010dka, kter\u00e1 je velice r\u00e1da, \u017ee maj\u00ed skoro &#8222;za humny&#8220; speci\u00e1ln\u00ed \u0161kolu, kterou m\u016f\u017ee Pavl\u00edk nav\u0161t\u011bvovat. &#8222;Denn\u011b ho voz\u00edme do Z\u00e1kladn\u00ed \u0161koly speci\u00e1ln\u00ed Diakonie \u010ceskobratrsk\u00e9 c\u00edrkve evangelick\u00e9,&#8220; dod\u00e1v\u00e1 Kv\u011bta Melicharov\u00e1, kter\u00e1 si zmi\u0148ovan\u00e9 za\u0159\u00edzen\u00ed nem\u016f\u017ee vynachv\u00e1lit. Vyzdvihuje nejen skv\u011blou odbornou p\u00e9\u010di o \u017e\u00e1ky, ale i spoustu po\u0159\u00e1dan\u00fdch akc\u00ed a zmi\u0148uje setk\u00e1n\u00ed v klatovsk\u00e9 sportovn\u00ed hale. &#8222;Mus\u00edme \u017e\u00edt s nimi, a ne jen vedle nich. A to n\u00e1s v\u0161echny takov\u00e9 a jim podobn\u00e9 akce u\u010d\u00ed,&#8220; dod\u00e1v\u00e1 Kv\u011bta Melicharov\u00e1.<br \/>\n&#8222;Setk\u00e1n\u00ed pracovn\u00edk\u016f, \u017e\u00e1k\u016f a p\u0159\u00e1tel Z\u00e1kladn\u00ed \u0161koly speci\u00e1ln\u00ed Diakonie \u010ceskobratrsk\u00e9 c\u00edrkve evangelick\u00e9 (D\u010cCE) Merkl\u00edn ve spolupr\u00e1ci se Z\u00e1kladn\u00ed \u0161kolou v \u010capkov\u011b ulici v Klatovech se uskute\u010dnilo u\u017e podruh\u00e9. Akce s n\u00e1zvem Slunce sv\u00edt\u00ed pro v\u0161echny m\u00e1 nen\u00e1silnou formou spojit \u017e\u00e1ky zdrav\u00e9 se \u017e\u00e1ky s posti\u017een\u00edm a umo\u017enit pedagog\u016fm p\u0159ed\u00e1n\u00ed zku\u0161enost\u00ed s prac\u00ed se \u017e\u00e1ky se specifick\u00fdmi pot\u0159ebami,&#8220; vysv\u011btluje Martin Fri\u0161, u\u010ditel plze\u0148sk\u00e9ho odlou\u010den\u00e9ho pracovi\u0161t\u011b Z\u0160 speci\u00e1ln\u00ed D\u010cCE Merkl\u00edn, kter\u00e1 je pro d\u011bti se st\u0159edn\u011b t\u011b\u017ek\u00fdm a t\u011b\u017ek\u00fdm ment\u00e1ln\u00edm posti\u017een\u00edm, pro d\u011bti s v\u00edce vadami a pro d\u011bti s diagn\u00f3zou autismus. Ta m\u00e1 druh\u00e9 odlou\u010den\u00e9 pracovi\u0161t\u011b v Su\u0161ici. A pr\u00e1v\u011b speci\u00e1ln\u00ed pedagog Martin Fri\u0161 vlastn\u011b m\u016f\u017ee za to, \u017ee se takov\u00e1 akce zrodila. &#8222;Na \u010capkovce jsem vlastn\u011b na\u010dal svou pedagogickou \u010dinnost. A v\u011bd\u011bl jsem o projektu Zdrav\u00e1 \u0161kola a tak jsem veden\u00ed \u0161koly oslovil. A to n\u00e1m vy\u0161lo maxim\u00e1ln\u011b vst\u0159\u00edc. A u\u017e jsme uspo\u0159\u00e1dali spole\u010dn\u011b druho\u00e9 setk\u00e1n\u00ed,&#8220; dod\u00e1v\u00e1 Martin Fri\u0161.<\/p>\n<p>Spole\u010dn\u011b tak\u00e9 malovali<\/p>\n<p>Merkl\u00ednsk\u00e1 \u0161edes\u00e1ti\u010dlenn\u00e1 v\u00fdprava si do v Klatovech par\u00e1dn\u011b u\u017eila. Klatov\u0161t\u00ed \u0161kol\u00e1ci si pro n\u011b p\u0159ipravili zaj\u00edmav\u00fd program. Merkl\u00edn\u0161t\u00ed plnili za pomoci klatovsk\u00fdch \u0161kol\u00e1k\u016f na n\u011bkolika stanovi\u0161t\u00edch r\u016fzn\u00e9 v\u00fdtvarn\u00e9 a pracovn\u00ed \u00fakoly. Sportovn\u00ed hala v \u010capkov\u011b ulici se tak prom\u011bnila v jeden velk\u00fd ateli\u00e9r, v n\u011bm\u017e vznikla zaj\u00edmav\u00e1 d\u00edla, kter\u00e1 budou m\u00edt sv\u00e1 m\u00edsta na v\u00fdstav\u00e1ch v obou \u0161kol\u00e1ch.<br \/>\n&#8222;Martin Fri\u0161 je ob\u011btav\u00fd, \u0161ikovn\u00fd a skromn\u00fd \u010dlov\u011bk. A pro n\u00e1s je z\u00e1rukou toho, \u017ee se akce povede, \u017ee bude opravdu dobr\u00e1. Proto jsme do projektu \u0161li. A akce je v\u00fdznamn\u00e1 pro ob\u011b strany. Handicapovan\u00ed maj\u00ed mo\u017enost potkat se se zdrav\u00fdmi d\u011btmi. A i pro n\u011b je velk\u00fdm bonusem setkat se s handicapovan\u00fdmi. P\u0159esv\u011bd\u010d\u00ed se, \u017ee zvl\u00e1daj\u00ed spoustu v\u011bc\u00ed a nau\u010d\u00ed se k nim chovat,&#8220; vyzdvihuje setk\u00e1n\u00ed \u0159editelka Z\u0160 v \u010capkov\u011b ulici v Klatovech Dana Mart\u00ednkov\u00e1.<\/p>\n<p>YVETTA CHMELOV\u00c1<br \/>\n5plus2<\/p>\n","protected":false},"excerpt":{"rendered":"<div class=\"mh-excerpt\"><p>Slunce sv\u00edt\u00ed pro v\u0161echny je n\u00e1zev akce, p\u0159i n\u00ed\u017e se t\u011blocvi\u010dna v Klatovech prom\u011bnila v ateli\u00e9r. A handicapovan\u00e9 a zdrav\u00e9 d\u011bti v n\u011bm spole\u010dn\u011b tvo\u0159ily.<\/p>\n<\/div>","protected":false},"author":1,"featured_media":18793,"comment_status":"open","ping_status":"closed","sticky":false,"template":"","format":"standard","meta":{"footnotes":""},"categories":[7,9],"tags":[],"class_list":["post-21556","post","type-post","status-publish","format-standard","has-post-thumbnail","hentry","category-spolecnost","category-zpravy"],"_links":{"self":[{"href":"https:\/\/www.invarena.cz\/index.php?rest_route=\/wp\/v2\/posts\/21556","targetHints":{"allow":["GET"]}}],"collection":[{"href":"https:\/\/www.invarena.cz\/index.php?rest_route=\/wp\/v2\/posts"}],"about":[{"href":"https:\/\/www.invarena.cz\/index.php?rest_route=\/wp\/v2\/types\/post"}],"author":[{"embeddable":true,"href":"https:\/\/www.invarena.cz\/index.php?rest_route=\/wp\/v2\/users\/1"}],"replies":[{"embeddable":true,"href":"https:\/\/www.invarena.cz\/index.php?rest_route=%2Fwp%2Fv2%2Fcomments&post=21556"}],"version-history":[{"count":0,"href":"https:\/\/www.invarena.cz\/index.php?rest_route=\/wp\/v2\/posts\/21556\/revisions"}],"wp:featuredmedia":[{"embeddable":true,"href":"https:\/\/www.invarena.cz\/index.php?rest_route=\/wp\/v2\/media\/18793"}],"wp:attachment":[{"href":"https:\/\/www.invarena.cz\/index.php?rest_route=%2Fwp%2Fv2%2Fmedia&parent=21556"}],"wp:term":[{"taxonomy":"category","embeddable":true,"href":"https:\/\/www.invarena.cz\/index.php?rest_route=%2Fwp%2Fv2%2Fcategories&post=21556"},{"taxonomy":"post_tag","embeddable":true,"href":"https:\/\/www.invarena.cz\/index.php?rest_route=%2Fwp%2Fv2%2Ftags&post=21556"}],"curies":[{"name":"wp","href":"https:\/\/api.w.org\/{rel}","templated":true}]}}