{"id":21558,"date":"2015-05-29T15:10:05","date_gmt":"2015-05-29T13:10:05","guid":{"rendered":"http:\/\/www.invarena.cz\/?p=21558"},"modified":"2015-05-29T15:10:05","modified_gmt":"2015-05-29T13:10:05","slug":"pvk-eviduji-700-zadosti-prazanu-o-odskodneni-kvuli-spatne-vode","status":"publish","type":"post","link":"https:\/\/www.invarena.cz\/?p=21558","title":{"rendered":"PVK eviduj\u00ed 700 \u017e\u00e1dost\u00ed Pra\u017ean\u016f o od\u0161kodn\u011bn\u00ed kv\u016fli \u0161patn\u00e9 vod\u011b"},"content":{"rendered":"<p><strong>Pra\u017esk\u00e9 vodovody a kanalizace (PVK) eviduj\u00ed na 700 \u017e\u00e1dost\u00ed o od\u0161kodn\u011bn\u00ed kv\u016fli kontaminovan\u00e9 vod\u011b v Praze 6. V\u0161echny jsou od obyvatel, firmy se je\u0161t\u011b nep\u0159ihl\u00e1sily. Poji\u0161\u0165ovna Kooperativa pak p\u0159edpokl\u00e1d\u00e1, \u017ee je\u0161t\u011b dnes za\u010dne prvn\u00ed \u017e\u00e1dosti vy\u0159izovat. <\/strong><!--more--><\/p>\n<p>To sd\u011blili mluv\u010d\u00ed PVK Tom\u00e1\u0161 Mr\u00e1zek a mluv\u010d\u00ed poji\u0161\u0165ovny Marek V\u00edch. <\/p>\n<p>Vodu v Dejvic\u00edch kontaminovaly bakterie minul\u00fd p\u00e1tek a do v\u010derej\u0161\u00edho odpoledne bylo bez vody 32.000. Hygienici zaznamenali v\u00edce ne\u017e \u010dty\u0159i stovky naka\u017een\u00fdch.<br \/>\n    &#8222;\u017d\u00e1dost\u00ed evidujeme asi 700. Prvn\u00ed z nich u\u017e jsme za\u010dali vy\u0159izovat. Obyvatele, kte\u0159\u00ed neposlali v\u0161echny pot\u0159ebn\u00e9 dokumenty, \u017e\u00e1d\u00e1me o dopln\u011bn\u00ed. Ty form\u00e1ln\u011b v po\u0159\u00e1dku budeme odes\u00edlat na poji\u0161\u0165ovnu,&#8220; \u0159ekl Mr\u00e1zek.<br \/>\n    Ka\u017ed\u00fd, kdo bude o p\u011btitis\u00edcovou kompenzaci \u017e\u00e1dat, mus\u00ed PVK p\u0159edlo\u017eit, krom\u011b sv\u00fdch osobn\u00edch \u00fadaj\u016f jako jm\u00e9no \u010di adresa, mimo jin\u00e9 tak\u00e9 l\u00e9ka\u0159skou zpr\u00e1vu \u010di \u00fa\u010dtenky z l\u00e9k\u00e1rny.<br \/>\n    Poji\u0161\u0165ovna Kooperativa pak na \u0159e\u0161en\u00ed ud\u00e1losti vy\u010dlenila t\u00fdm likvid\u00e1tor\u016f. &#8222;Kooperativa p\u0159ipravila \u0159e\u0161en\u00ed t\u011bchto typ\u016f \u0161kod ve zrychlen\u00e9m re\u017eimu a p\u0159edpokl\u00e1d\u00e1, \u017ee ji\u017e dnes budou prvn\u00ed \u0161kody zlikvidov\u00e1ny a za\u010dnou se odes\u00edlat finan\u010dn\u00ed prost\u0159edky,&#8220; uvedl V\u00edch.<br \/>\n    \u017d\u00e1dosti firem z Prahy 6, kter\u00e9 kalamita postihla, PVK je\u0161t\u011b \u017e\u00e1dn\u00e9 neeviduje. &#8222;Ud\u00e1lost skon\u010dila teprve v\u010dera odpoledne, to je p\u0159\u00edli\u0161 kr\u00e1tk\u00e1 doba na vy\u010d\u00edslen\u00ed \u0161kod,&#8220; uvedl Mr\u00e1zek. Firmy a podnikatel\u00e9 mus\u00ed vod\u00e1rn\u00e1m dodat krom\u011b z\u00e1kladn\u00edch \u00fadaj\u016f a vy\u010d\u00edslen\u00ed u\u0161l\u00e9ho zisku tak\u00e9 da\u0148ov\u00e9 p\u0159izn\u00e1n\u00ed \u010di dal\u0161\u00ed doklady prokazuj\u00edc\u00ed vzniklou \u0161kodu.<br \/>\n    Bez pitn\u00e9 vody byli obyvatel\u00e9 Prahy 6 od ned\u011ble do \u010dtvrte\u010dn\u00edho odpoledne. N\u00e1hradn\u00ed z\u00e1sobov\u00e1n\u00ed zaji\u0161\u0165ovala PVK 60 cisternami. Praha 6 za\u010dala v pond\u011bl\u00ed vozit pitnou vodu do \u0161kol a dom\u016f senior\u016f a v \u00fater\u00fd ji za\u010dala zdarma rozd\u00e1vat i obyvatel\u016fm. Kontaminaci zp\u016fsobila z\u0159ejm\u011b odpadn\u00ed voda, kter\u00e1 pronikla do vodovodn\u00edho \u0159adu po\u0161kozen\u00fdm slep\u00fdm ramenem z roku 1925, kter\u00e9 nebylo zaneseno v map\u00e1ch, a vodohospod\u00e1\u0159i o n\u011bm proto nev\u011bd\u011bli. <\/p>\n","protected":false},"excerpt":{"rendered":"<div class=\"mh-excerpt\"><p>Pra\u017esk\u00e9 vodovody a kanalizace (PVK) eviduj\u00ed na 700 \u017e\u00e1dost\u00ed o od\u0161kodn\u011bn\u00ed kv\u016fli kontaminovan\u00e9 vod\u011b v Praze 6. V\u0161echny jsou od obyvatel, firmy se je\u0161t\u011b nep\u0159ihl\u00e1sily. <a class=\"mh-excerpt-more\" href=\"https:\/\/www.invarena.cz\/?p=21558\" title=\"PVK eviduj\u00ed 700 \u017e\u00e1dost\u00ed Pra\u017ean\u016f o od\u0161kodn\u011bn\u00ed kv\u016fli \u0161patn\u00e9 vod\u011b\">[&#8230;]<\/a><\/p>\n<\/div>","protected":false},"author":1,"featured_media":0,"comment_status":"open","ping_status":"closed","sticky":false,"template":"","format":"standard","meta":{"footnotes":""},"categories":[9],"tags":[],"class_list":["post-21558","post","type-post","status-publish","format-standard","hentry","category-zpravy"],"_links":{"self":[{"href":"https:\/\/www.invarena.cz\/index.php?rest_route=\/wp\/v2\/posts\/21558","targetHints":{"allow":["GET"]}}],"collection":[{"href":"https:\/\/www.invarena.cz\/index.php?rest_route=\/wp\/v2\/posts"}],"about":[{"href":"https:\/\/www.invarena.cz\/index.php?rest_route=\/wp\/v2\/types\/post"}],"author":[{"embeddable":true,"href":"https:\/\/www.invarena.cz\/index.php?rest_route=\/wp\/v2\/users\/1"}],"replies":[{"embeddable":true,"href":"https:\/\/www.invarena.cz\/index.php?rest_route=%2Fwp%2Fv2%2Fcomments&post=21558"}],"version-history":[{"count":0,"href":"https:\/\/www.invarena.cz\/index.php?rest_route=\/wp\/v2\/posts\/21558\/revisions"}],"wp:attachment":[{"href":"https:\/\/www.invarena.cz\/index.php?rest_route=%2Fwp%2Fv2%2Fmedia&parent=21558"}],"wp:term":[{"taxonomy":"category","embeddable":true,"href":"https:\/\/www.invarena.cz\/index.php?rest_route=%2Fwp%2Fv2%2Fcategories&post=21558"},{"taxonomy":"post_tag","embeddable":true,"href":"https:\/\/www.invarena.cz\/index.php?rest_route=%2Fwp%2Fv2%2Ftags&post=21558"}],"curies":[{"name":"wp","href":"https:\/\/api.w.org\/{rel}","templated":true}]}}