{"id":21561,"date":"2015-05-29T20:53:26","date_gmt":"2015-05-29T18:53:26","guid":{"rendered":"http:\/\/www.invarena.cz\/?p=21561"},"modified":"2015-05-29T20:53:35","modified_gmt":"2015-05-29T18:53:35","slug":"zitra-zacina-bohnice-fest","status":"publish","type":"post","link":"https:\/\/www.invarena.cz\/?p=21561","title":{"rendered":"Z\u00edtra za\u010d\u00edn\u00e1 Bohnice fest"},"content":{"rendered":"<p><strong>Prvn\u00ed ro\u010dn\u00edk festivalu 30. a 31. kv\u011btna v are\u00e1lu Psychiatrick\u00e9 nemocnice Bohnice je ur\u010den\u00a0p\u0159edev\u0161\u00edm n\u00e1v\u0161t\u011bvn\u00edk\u016fm s d\u011btmi: budou si moci vyzkou\u0161et \u0159emesln\u00e9 techniky jako pleten\u00ed ko\u0161\u00edk\u016f, \u0159ezb\u00e1\u0159stv\u00ed, pr\u00e1ci na hrn\u010d\u00ed\u0159sk\u00e9m kruhu, tisk a malov\u00e1n\u00ed na textil.<\/strong><!--more--><\/p>\n<div class=\"field field-name-body field-type-text-with-summary field-label-hidden\">\n<div class=\"field-items\">\n<div class=\"field-item even\">\n<p><strong>N\u00e1v\u0161t\u011bvn\u00edci si mohou zakoupit v\u00fdrobky terapeutick\u00fdch d\u00edlen. Na sv\u00e9 si p\u0159ijdou i fanou\u0161ci p\u00edsni\u010dk\u00e1\u0159e Jana Buriana nebo amat\u00e9rsk\u00fdch soubor\u016f, v\u00a0kter\u00fdch \u00fa\u010dinkuj\u00ed i osoby se zku\u0161enost\u00ed s\u00a0du\u0161evn\u00edm onemocn\u011bn\u00edm.<\/strong><\/p>\n<p>Bohnice fest se kon\u00e1 ve dnech 30. a 31. kv\u011btna 2015 v\u00a0are\u00e1lu nemocnice v\u017edy od 12 hodin. Prvn\u00ed akce v\u0161ak prob\u011bhne u\u017e v\u00a0p\u00e1tek 29. kv\u011btna, kdy na louce p\u0159ed kostelem sv. V\u00e1clava vystoup\u00ed od 14 hodin symfonick\u00fd orchestr ESO Z\u00e1kladn\u00ed um\u011bleck\u00e9 \u0161koly Klapkova.<\/p>\n<p><em>\u201eBude-li p\u011bkn\u00e9 po\u010das\u00ed, budou se moci na\u0161i zam\u011bstnanci, pacienti i n\u00e1v\u0161t\u011bvn\u00edci na chv\u00edli zastavit v\u00a0p\u00e1te\u010dn\u00edm odpoledn\u00edm shonu a zaposlouchat do skladeb klasick\u00fdch i sou\u010dasn\u00fdch. Na programu jsou d\u00edla Anton\u00edna Dvo\u0159\u00e1ka, Franze Schuberta, ale i Johna Lennona a Paula McCartneyho \u010di Michaela Jacksona. P\u0159i nep\u0159\u00edzniv\u00e9m po\u010das\u00ed prob\u011bhne cel\u00fd koncert v\u00a0kostel sv. V\u00e1clava,\u201c\u00a0<\/em>\u0159\u00edk\u00e1 Lubo\u0161 Chlad, organiz\u00e1tor akce.<\/p>\n<p>B\u011bhem v\u00edkendov\u00e9ho Bohnice festu vystoup\u00ed \u0159ada amat\u00e9rsk\u00fdch a poloprofesion\u00e1ln\u00edch kapel:\u00a0Hot Five, Generation jam, Strojv\u016fdce a psychokat, Pun\u010doch\u00e1\u010de, Ufonion Labs, Bars Brothers, projekt D.O.R.A,\u00a0\u00a0Akord\u00edk, V\u00fdplach a dal\u0161\u00ed. V\u00a0sobotu si lze zabubnovat s\u00a0Drum Circle nebo se zaposlouchat do vystoupen\u00ed na sc\u00e9n\u011b \u201eKouzeln\u00fd ethnojam\u201c.<\/p>\n<p><em>\u201eMezi vystupuj\u00edc\u00edmi jsou tak\u00e9 osoby, kter\u00e9 maj\u00ed zku\u0161enost s\u00a0du\u0161evn\u00edm onemocn\u011bn\u00edm, co\u017e je jeden z aspekt\u016f, kter\u00fdm se \u0159\u00edd\u00edme p\u0159i sestavov\u00e1n\u00ed dramaturgie hudebn\u00ed sc\u00e9ny\u201c,<\/em>\u00a0sd\u011bluje Lubo\u0161 Chlad.<\/p>\n<p>V klubu V. kolona bude v sobotu \u0159ada workshop\u016f, kurz\u016f, poh\u00e1dek pro d\u011bti a dal\u0161\u00edch aktivit pod n\u00e1zvem \u201eKolonn\u00ed hr\u00e1tky\u201c. Ve ve\u010dern\u00edch hodin\u00e1ch zahraje p\u00edsni\u010dk\u00e1\u0159 Jan Burian a kapely Lajka a 27.<\/p>\n<p>Hlavn\u00edm c\u00edlem cel\u00e9 akce je podpora slu\u017eby, kterou ro\u010dn\u011b vyu\u017e\u00edv\u00e1 stovky klient\u016f nemocnice \u2013 Centrum psychosoci\u00e1ln\u00edch slu\u017eeb.\u00a0\u201e<em>V\u00a0r\u00e1mci prezentace na\u0161eho pracovi\u0161t\u011b bychom n\u00e1v\u0161t\u011bvn\u00edky akce r\u00e1di sezn\u00e1mili s\u00a0jednou z\u00a0f\u00e1z\u00ed procesu p\u00e9\u010de o pacienta v nemocnici. Dozv\u00edte se a prakticky vyzkou\u0161\u00edte, co obn\u00e1\u0161\u00ed pr\u00e1ce terapeuta, z\u00e1rove\u0148 se \u201em\u016f\u017eete v\u017e\u00edt\u201c i do role pacienta. Na\u00a0\u00a0stanovi\u0161t\u00edch p\u0159edstavuj\u00edc\u00edch na\u0161e t\u0159i z\u00e1kladn\u00ed programy se n\u00e1v\u0161t\u011bvn\u00edci akce potkaj\u00ed s odborn\u00edky, kte\u0159\u00ed V\u00e1s provedou cestou \u201eZ are\u00e1lu do re\u00e1lu\u201c. Na t\u00e9to cest\u011b mohou absolvovat nap\u0159. individu\u00e1ln\u00ed konzultaci, pou\u017e\u00edt formul\u00e1\u0159 pro mapov\u00e1n\u00ed oblasti pr\u00e1ce v pracovn\u00ed poradn\u011b nebo si vyplnit test zji\u0161\u0165uj\u00edc\u00ed pov\u011bdom\u00ed o slu\u017eb\u011b chr\u00e1n\u011bn\u00e9ho bydlen\u00ed a dovednosti spojen\u00e9 se samostatn\u00fdm \u017eivotem.<\/em><\/p>\n<p><em>\u00a0V\u00a0\u201eter\u00e9nn\u00ed\u201c \u010dajovn\u011b si pak mohou z\u00e1jemci vyzkou\u0161et, jak du\u0161evn\u00ed onemocn\u011bn\u00ed ovliv\u0148uje pracovn\u00ed v\u00fdkon, pozornost, schopnost soust\u0159ed\u011bn\u00ed a pod.\u201c,\u00a0<\/em>dod\u00e1v\u00e1 vedouc\u00ed centra Romana \u0160imkov\u00e1<em>.<\/em><\/p>\n<p>Vstup na akci je dobrovoln\u00fd a v\u00fdt\u011b\u017eek p\u016fjde pr\u00e1v\u011b na podporu zmi\u0148ovan\u00e9ho centra.<\/p>\n<p>V\u00edce informac\u00ed:<\/p>\n<p><a href=\"http:\/\/www.bohnicefest.cz\/\" target=\"_blank\">www.bohnicefest.cz<\/a><br \/>\n<a href=\"http:\/\/www.bohnice.cz\/\" target=\"_blank\">www.bohnice.cz<\/a><br \/>\n<a href=\"https:\/\/business.facebook.com\/pages\/Psychiatrick%C3%A1-nemocnice-Bohnice-akce\/155159111343398?business_id=383830281809612\" target=\"_blank\">https:\/\/business.facebook.com\/pages\/Psychiatrick%C3%A1-nemocnice-Bohnice-akce\/155159111343398?business_id=383830281809612<\/a><\/p>\n<\/div>\n<\/div>\n<\/div>\n","protected":false},"excerpt":{"rendered":"<div class=\"mh-excerpt\"><p>Prvn\u00ed ro\u010dn\u00edk festivalu 30. a 31. kv\u011btna v are\u00e1lu Psychiatrick\u00e9 nemocnice Bohnice je ur\u010den\u00a0p\u0159edev\u0161\u00edm n\u00e1v\u0161t\u011bvn\u00edk\u016fm s d\u011btmi: budou si moci vyzkou\u0161et \u0159emesln\u00e9 techniky jako pleten\u00ed <a class=\"mh-excerpt-more\" href=\"https:\/\/www.invarena.cz\/?p=21561\" title=\"Z\u00edtra za\u010d\u00edn\u00e1 Bohnice fest\">[&#8230;]<\/a><\/p>\n<\/div>","protected":false},"author":1,"featured_media":21562,"comment_status":"open","ping_status":"closed","sticky":false,"template":"","format":"standard","meta":{"footnotes":""},"categories":[17],"tags":[],"class_list":["post-21561","post","type-post","status-publish","format-standard","has-post-thumbnail","hentry","category-kultura"],"_links":{"self":[{"href":"https:\/\/www.invarena.cz\/index.php?rest_route=\/wp\/v2\/posts\/21561","targetHints":{"allow":["GET"]}}],"collection":[{"href":"https:\/\/www.invarena.cz\/index.php?rest_route=\/wp\/v2\/posts"}],"about":[{"href":"https:\/\/www.invarena.cz\/index.php?rest_route=\/wp\/v2\/types\/post"}],"author":[{"embeddable":true,"href":"https:\/\/www.invarena.cz\/index.php?rest_route=\/wp\/v2\/users\/1"}],"replies":[{"embeddable":true,"href":"https:\/\/www.invarena.cz\/index.php?rest_route=%2Fwp%2Fv2%2Fcomments&post=21561"}],"version-history":[{"count":0,"href":"https:\/\/www.invarena.cz\/index.php?rest_route=\/wp\/v2\/posts\/21561\/revisions"}],"wp:featuredmedia":[{"embeddable":true,"href":"https:\/\/www.invarena.cz\/index.php?rest_route=\/wp\/v2\/media\/21562"}],"wp:attachment":[{"href":"https:\/\/www.invarena.cz\/index.php?rest_route=%2Fwp%2Fv2%2Fmedia&parent=21561"}],"wp:term":[{"taxonomy":"category","embeddable":true,"href":"https:\/\/www.invarena.cz\/index.php?rest_route=%2Fwp%2Fv2%2Fcategories&post=21561"},{"taxonomy":"post_tag","embeddable":true,"href":"https:\/\/www.invarena.cz\/index.php?rest_route=%2Fwp%2Fv2%2Ftags&post=21561"}],"curies":[{"name":"wp","href":"https:\/\/api.w.org\/{rel}","templated":true}]}}