{"id":21573,"date":"2015-06-01T10:01:06","date_gmt":"2015-06-01T08:01:06","guid":{"rendered":"http:\/\/www.invarena.cz\/?p=21573"},"modified":"2015-06-01T10:01:06","modified_gmt":"2015-06-01T08:01:06","slug":"do-nebes-lide-bezeli-a-stoupali-tentokrat-pro-maleho-vojtiska-vybralo-se-630-tisic","status":"publish","type":"post","link":"https:\/\/www.invarena.cz\/?p=21573","title":{"rendered":"&#8222;Do nebes&#8220; lid\u00e9 b\u011b\u017eeli a stoupali, tentokr\u00e1t pro mal\u00e9ho Vojt\u00ed\u0161ka. Vybralo se 630 tis\u00edc!"},"content":{"rendered":"<p><strong>\u010c\u00e1stka 630 tis\u00edc korun, kterou spole\u010dn\u011b v\u011bnovali nejen pro Vojt\u00ed\u0161ka M\u011bstka p\u0159\u00edznivci benefice V\u00fdstup na Sn\u011b\u017eku, je rekordn\u00ed.<\/strong> <!--more--><\/p>\n<p>Pec pod Sn\u011b\u017ekou \u2013 V prvn\u00edch dvou ro\u010dn\u00edc\u00edch charitativn\u00edch v\u00fdstup\u016f na nejvy\u0161\u0161\u00ed vrchol \u010cesk\u00e9 republiky se poda\u0159ilo dohromady z\u00edskat t\u00e9m\u011b\u0159 750 000 korun. Byly pou\u017eity nejen pro \u010dty\u0159letou Simonku Smutnou z Kobylnice a dvan\u00e1ctilet\u00e9ho Petra Janu\u0161e z Trutnova, ale i pro dal\u0161\u00ed posti\u017een\u00e9 d\u011bti.<\/p>\n<p>P\u00e9\u0165a to dal. Vy\u0161el a\u017e na sam\u00fd vrchol<\/p>\n<p>Pr\u00e1v\u011b trutnovsk\u00fd \u0161kol\u00e1k P\u00e9\u0165a v\u0161echny &#8222;dostal na kolena&#8220; sv\u00fdm sobotn\u00edm v\u00fdkonem, kdy\u017e p\u011b\u0161ky s prot\u00e9zou dos\u00e1hl vrcholu hory. &#8222;U\u017e m\u011b v\u0161echno dost bol\u00ed, ale jsem stra\u0161n\u011b \u0161\u0165astn\u00fd, \u017ee jsem to dok\u00e1zal,&#8220; \u0159ekl p\u0159i n\u00e1vratu do Pece pod Sn\u011b\u017ekou P\u00e9\u0165a Janu\u0161, kter\u00e9ho krom\u011b br\u00e1\u0161ky a maminky doprov\u00e1zeli i dal\u0161\u00ed \u010dlenov\u00e9 rodiny. &#8222;Pro m\u011b je nejd\u016fle\u017eit\u011bj\u0161\u00ed, \u017ee p\u0159i\u0161lo tolik lid\u00ed. Ten modr\u00fd had, kter\u00fd se vinul sm\u011brem ke Sn\u011b\u017ece a naopak, byl neuv\u011b\u0159iteln\u00fd. P\u00e9\u0165\u016fv v\u00fdkon pro m\u011b opravdu hrozn\u011b moc znamen\u00e1. V\u011b\u0159il jsem, \u017ee na to Petr m\u00e1. Ale kdy\u017e m\u011b pak zavolali, \u017ee tam naho\u0159e je, regul\u00e9rn\u011b jsem bre\u010del. Kluk, kter\u00e9ho od t\u00e9 doby, co jsem ho poznal, beru jak sv\u00e9ho dal\u0161\u00edho syna, p\u0159ed rokem nemohl v prot\u00e9ze vydr\u017eet ani hodinu a \u00fapln\u011b ji nen\u00e1vid\u011bl. A dneska si troufl vyrazit na Sn\u011b\u017eku! Sehnat pen\u00edze pro ty, co je pot\u0159ebuj\u00ed, je d\u016fle\u017eit\u00e9. Ale tohle je pro m\u011b \u00fapln\u011b nejv\u00edc. To je hlavn\u00ed d\u016fvod, pro\u010d tohle v\u0161e d\u011bl\u00e1me,&#8220; \u0159ekl Den\u00edku Jaroslav Petrou\u0161.<\/p>\n<p>S\u00e1m dok\u00e1zal osobn\u00ed rekord, kdy\u017e na Sn\u011b\u017eku v sobotu vy\u0161el za 1 hodinu 57 minut 55 vte\u0159in. Ve\u0159ejnost mohla tipovat, jak dlouho mu cesta bude trvat. Nejlep\u0161\u00edm tip\u00e9rem byl Filip Lou\u017eeck\u00fd, kter\u00fd odhadl \u010das 1 hodinu 57 minut 28 vte\u0159in. Moder\u00e1torka akce Alena Z\u00e1rybnick\u00e1 mu spolu s paralympionikem Jardou Petrou\u0161em p\u0159edala hodnotn\u00fd tablet od spole\u010dnosti Lenovo.<\/p>\n<p>Tak\u00e9 leto\u0161n\u00ed protagonista sobotn\u00ed benefice Vojt\u00ed\u0161ek M\u011bstek se jednou bude moci pochlubit, \u017ee byl na Sn\u011b\u017ece u\u017e v dob\u011b, kdy nedosp\u011bl je\u0161t\u011b ani k jednomu roku v\u011bku. Se sv\u00fdm t\u00e1tou Mat\u011bjem, kter\u00fd si ho uv\u00e1zal na b\u0159icho obrovsk\u00fdm \u0161\u00e1tkem. &#8222;Asi dv\u011b hodiny n\u00e1m to trvalo na Slezskou boudu, kter\u00e1 je u\u017e kousek pod vrcholem. Tam jsme se chvilku zdr\u017eeli a posledn\u00ed \u00fasek jsme u\u017e zvl\u00e1dli za p\u016fl hodinky. Nebyli jsme rychlej\u0161\u00ed ne\u017e Jarda Petrou\u0161. Nakonec jsme ale ocenili, \u017ee n\u00e1s dol\u016f svezli autem, proto\u017ee lanovka byla zrovna dnes mimo provoz,&#8220; sv\u011b\u0159il sv\u00e9 dojmy Mat\u011bj M\u011bstek. Spolu s man\u017eelkou Miriam pe\u010duj\u00ed nejen o nemocn\u00e9ho Vojt\u00ed\u0161ka, ale tak\u00e9 o jeho br\u00e1\u0161ku z dvoj\u010dat, \u0160t\u011bp\u00e1na, a dal\u0161\u00edho brat\u0159\u00ed\u010dka Tade\u00e1\u0161e.<\/p>\n<p>&#8222;Za pomoc jsme v\u0161em lidem i z\u00e1stupc\u016fm Nadace KlaPeto hrozn\u011b vd\u011b\u010dn\u00ed. V dne\u0161n\u00ed dob\u011b je to hrozn\u011b vz\u00e1cn\u00e9 a moc si toho v\u00e1\u017e\u00edme. Auto pro p\u00e9\u010di o syna opravdu moc pot\u0159ebujeme kv\u016fli n\u00e1v\u0161t\u011bv\u00e1m l\u00e9ka\u0159\u016f a rehabilitac\u00ed,&#8220; dodal Mat\u011bj.<\/p>\n<p>V\u0161e sledoval tak\u00e9 popul\u00e1rn\u00ed Ge\u0148a<\/p>\n<p>V Peci pod Sn\u011b\u017ekou se daj\u00ed v kteroukoliv ro\u010dn\u00ed dobu potkat r\u016fzn\u00e9 osobnosti. Na koncert Janka Ledeck\u00e9ho, kter\u00fd \u00fa\u010dastn\u00edk\u016fm benefice pro Vojt\u00ed\u0161ka koncertoval bez n\u00e1roku na honor\u00e1\u0159, se p\u0159i\u0161el pod\u00edvat t\u0159eba herec Richard Genzer.<\/p>\n<p>&#8222;O benefici jsem se, bohu\u017eel, dozv\u011bd\u011bl a\u017e te\u010f. P\u0159ijel jsem do Krkono\u0161 s p\u0159\u00edtelkyn\u00ed. M\u00e1 tady kamar\u00e1dku, kterou nevid\u011bla asi patn\u00e1ct let. Doslechl jsem se o t\u00e9to akci a tak\u00e9, \u017ee tu zp\u00edv\u00e1 Janek. On je star\u0161\u00ed snowboardista ne\u017e j\u00e1, tak jsem se na n\u011bj p\u0159i\u0161el pod\u00edvat,&#8220; \u0159ekl Den\u00edku se sm\u00edchem Ge\u0148a a pak v\u00e1\u017en\u011b dodal: &#8222;P\u0159\u00edb\u011bh Vojt\u00ed\u0161ka jsem sly\u0161el, je to samoz\u0159ejm\u011b dojemn\u00e9. A je dob\u0159e, \u017ee se lid\u00e9 o takov\u00e9m osudu dozv\u011bd\u00ed a jsou soudr\u017en\u00ed a ochotn\u00ed pomoct takov\u00fdmhle zp\u016fsobem. Je to lep\u0161\u00ed, ne\u017e kdyby se mnohem jednodu\u0161eji uspo\u0159\u00e1dal t\u0159eba raut pro n\u011bjak\u00e9 boh\u00e1\u010de, p\u0159i kter\u00e9m se lidi sejdou v hospod\u011b,&#8220; dodal obl\u00edben\u00fd &#8222;Parti\u010dk\u00e1\u0159.&#8220;<\/p>\n<p>&#8222;M\u00e1m obrovskou radost. Navzdory p\u0159\u00ed\u0161ern\u00e9mu po\u010das\u00ed p\u0159i\u0161lo hodn\u011b lid\u00ed. Naho\u0159e na Sn\u011b\u017ece to p\u0159ipom\u00ednalo ro\u010dn\u00edk 2013, kdy se \u0161lo pro malou Simonku Smutnou. Den pot\u00e9 za\u010daly povodn\u011b,&#8220; zavzpom\u00ednala spoluzakladatelka Nada\u010dn\u00edho fondu KlaPeto Kate\u0159ina Klasnov\u00e1. &#8222;Vybran\u00e9 pen\u00edze p\u016fjdou prim\u00e1rn\u011b na auto pro rodinu Vojt\u00ed\u0161ka. Polovinu hrad\u00ed n\u00e1\u0161 Nada\u010dn\u00ed fond, polovinu M\u011bstkovi doplat\u00ed spl\u00e1tkami. Autosalon D\u011bdek dal p\u0159\u00edznivou cenu,&#8220; uvedla Kate\u0159ina Klasnov\u00e1.<\/p>\n<p>Auto je po\u0159\u00edzeno za p\u0159\u00edznivou cenu<\/p>\n<p>S\u00e1m vlastn\u00edk Autosalonu Pavel D\u011bdek k tomu doplnil: &#8222;Opel m\u00e1 program Opel handicar, ur\u010den\u00fd pro hendikepovan\u00e9 lidi. Spolupracuje s Nada\u010dn\u00edm fondem KlaPeto. Za firmu Autosalon D\u011bdek jsme poskytli prostorn\u00fd v\u016fz Opel Combo Tour. Byl zakoupen pr\u00e1v\u011b u n\u00e1s za zv\u00fdhodn\u011bn\u00fdch podm\u00ednek. Jsem r\u00e1d, \u017ee jsme mohli p\u0159isp\u011bt a \u017ee se v\u0161e povedlo,&#8220; uzav\u0159el majitel autosalonu Pavel D\u011bdek.<\/p>\n<p>JANA MUDROV\u00c1<br \/>\nKrkono\u0161sk\u00fd den\u00edk<br \/>\n<a href=\"http:\/\/krkonossky.denik.cz\/\">http:\/\/krkonossky.denik.cz\/<\/a><\/p>\n","protected":false},"excerpt":{"rendered":"<div class=\"mh-excerpt\"><p>\u010c\u00e1stka 630 tis\u00edc korun, kterou spole\u010dn\u011b v\u011bnovali nejen pro Vojt\u00ed\u0161ka M\u011bstka p\u0159\u00edznivci benefice V\u00fdstup na Sn\u011b\u017eku, je rekordn\u00ed.<\/p>\n<\/div>","protected":false},"author":1,"featured_media":17096,"comment_status":"open","ping_status":"closed","sticky":false,"template":"","format":"standard","meta":{"footnotes":""},"categories":[9],"tags":[],"class_list":["post-21573","post","type-post","status-publish","format-standard","has-post-thumbnail","hentry","category-zpravy"],"_links":{"self":[{"href":"https:\/\/www.invarena.cz\/index.php?rest_route=\/wp\/v2\/posts\/21573","targetHints":{"allow":["GET"]}}],"collection":[{"href":"https:\/\/www.invarena.cz\/index.php?rest_route=\/wp\/v2\/posts"}],"about":[{"href":"https:\/\/www.invarena.cz\/index.php?rest_route=\/wp\/v2\/types\/post"}],"author":[{"embeddable":true,"href":"https:\/\/www.invarena.cz\/index.php?rest_route=\/wp\/v2\/users\/1"}],"replies":[{"embeddable":true,"href":"https:\/\/www.invarena.cz\/index.php?rest_route=%2Fwp%2Fv2%2Fcomments&post=21573"}],"version-history":[{"count":0,"href":"https:\/\/www.invarena.cz\/index.php?rest_route=\/wp\/v2\/posts\/21573\/revisions"}],"wp:featuredmedia":[{"embeddable":true,"href":"https:\/\/www.invarena.cz\/index.php?rest_route=\/wp\/v2\/media\/17096"}],"wp:attachment":[{"href":"https:\/\/www.invarena.cz\/index.php?rest_route=%2Fwp%2Fv2%2Fmedia&parent=21573"}],"wp:term":[{"taxonomy":"category","embeddable":true,"href":"https:\/\/www.invarena.cz\/index.php?rest_route=%2Fwp%2Fv2%2Fcategories&post=21573"},{"taxonomy":"post_tag","embeddable":true,"href":"https:\/\/www.invarena.cz\/index.php?rest_route=%2Fwp%2Fv2%2Ftags&post=21573"}],"curies":[{"name":"wp","href":"https:\/\/api.w.org\/{rel}","templated":true}]}}