{"id":21581,"date":"2015-06-01T16:22:34","date_gmt":"2015-06-01T14:22:34","guid":{"rendered":"http:\/\/www.invarena.cz\/?p=21581"},"modified":"2015-06-01T16:22:34","modified_gmt":"2015-06-01T14:22:34","slug":"marksova-pripravujeme-zakon-o-socialnim-bydleni","status":"publish","type":"post","link":"https:\/\/www.invarena.cz\/?p=21581","title":{"rendered":"Marksov\u00e1: P\u0159ipravujeme z\u00e1kon o soci\u00e1ln\u00edm bydlen\u00ed"},"content":{"rendered":"<p><strong>Kter\u00e9 jsou dal\u0161\u00ed je\u0161t\u011b kroky t\u00e9 prorodinn\u00e9 politiky?  Jak\u00e9 v\u00fdrazn\u011bj\u0161\u00ed \u00fapravy soci\u00e1ln\u00edho syst\u00e9mu ministryn\u011b MKarksov\u00e1 chyst\u00e1? to rozeb\u00edral po\u0159ad \u010cT V\u00e1clava Moravce&#8230;,<\/strong><!--more--><\/p>\n<p>V \u010cesk\u00e9 republice jde na r\u016fzn\u00e9 d\u00e1vky v r\u00e1mci \u010desk\u00e9ho soci\u00e1ln\u00edho syst\u00e9mu t\u00e9m\u011b\u0159 480 miliard korun. To je suma, kterou loni vydal st\u00e1t na v\u0161echny soci\u00e1ln\u00ed d\u00e1vky, nemocensk\u00e9, d\u016fchody, podpory v nezam\u011bstnanosti a p\u0159\u00edsp\u011bvky pro posti\u017een\u00e9. N\u011bkte\u0159\u00ed odborn\u00edci \u0159\u00edkaj\u00ed: d\u016fchody mus\u00edte d\u00e1t stranou, proto\u017ee nejsou soci\u00e1ln\u00ed d\u00e1vkou. V\u00fdrazn\u011b rostou v posledn\u00edch t\u0159ech letech v\u00fddaje na bydlen\u00ed, kter\u00e9 spolu s mimo\u0159\u00e1dnou okam\u017eitou pomoc\u00ed spadaj\u00ed do d\u00e1vek v hmotn\u00e9 nouzi. Ministerstvo pr\u00e1ce a soci\u00e1ln\u00edch v\u011bc\u00ed na n\u011b loni poslalo skoro 11,5 miliardy korun, tedy meziro\u010dn\u011b o miliardu v\u00edc. Ov\u0161em ve srovn\u00e1n\u00ed s rokem 2011 je to dokonce v\u00edc ne\u017e dvojn\u00e1sobek.<\/p>\n<p><strong> Chyst\u00e1te, pan\u00ed ministryn\u011b, v\u00fdrazn\u011bj\u0161\u00ed \u00fapravy toho soci\u00e1ln\u00edho syst\u00e9mu? Proto\u017ee jste pravicovou opozic\u00ed, nejnov\u011bji i ODS kritizov\u00e1na, \u017ee pr\u00e1v\u011b tady ty d\u00e1vky nejsou p\u0159\u00edli\u0161 efektivn\u011b pos\u00edl\u00e1ny k t\u011bm p\u0159\u00edjemc\u016fm, respektive mohly by b\u00fdt efektivn\u011bji pos\u00edl\u00e1ny k t\u011bm nejpot\u0159ebn\u011bj\u0161\u00edm.<\/strong><\/p>\n<p>Michaela MARKSOV\u00c1, ministryn\u011b pr\u00e1ce a soci\u00e1ln\u00edch v\u011bc\u00ed; m\u00edstop\u0159edsedkyn\u011b \/\u010cSSD\/:<br \/>\nJ\u00e1 mus\u00edm tady \u0159\u00edci, \u017ee m\u011b opravdu rozesm\u00edv\u00e1, \u017ee to \u0159\u00edk\u00e1 ODS, p\u0159\u00edpadn\u011b TOP 09, proto\u017ee tento syst\u00e9m tedy byl hodn\u011b nastaven za t\u011bch p\u0159edchoz\u00edch dvou vl\u00e1d, kdy\u017e tedy nepo\u010d\u00edt\u00e1m ty \u00fa\u0159ednick\u00e9, co byly mezi t\u00edm. A ono zase potrv\u00e1 &#8211; tyhle ty v\u011bci prost\u011b maj\u00ed velkou setrva\u010dnost a mus\u00edme si p\u0159ipomenout, \u017ee pan exministr Dr\u00e1bek p\u0159evedl v\u00fdplatu soci\u00e1ln\u00edch d\u00e1vek z obc\u00ed, kde ti lid\u00e9, ti pracovn\u00edci na to vid\u011bli, komu to vypl\u00e1cej\u00ed, na \u00fa\u0159ady pr\u00e1ce a z\u00e1rove\u0148 ubral obrovsk\u00fd po\u010det \u00fa\u0159edn\u00edk\u016f a my to te\u010f vlastn\u011b b\u011bhem lo\u0148sk\u00e9ho roku pracn\u011b d\u00e1v\u00e1me zp\u00e1tky. A ne\u017e ti lid\u00e9 se zase zab\u011bhnou, ne\u017e se to nau\u010d\u00ed a ne\u017e se objev\u00ed efekt t\u00e9 kontroly, jako\u017ee j\u00e1 si mysl\u00edm, \u017ee u\u017e te\u010f se objevuje, ale bude asi trvat, ne\u017e se to objev\u00ed v tom rozpo\u010dtu, tak zase uplyne dal\u0161\u00ed p\u016flrok. Tak\u017ee ano, ur\u010dit\u011b se sna\u017e\u00edme, ale nastavit ten syst\u00e9m, kter\u00fd jsme zd\u011bdili skute\u010dn\u011b rozvr\u00e1cen\u00fd, to prost\u011b ur\u010dit\u00fd \u010das vy\u017eaduje a mysl\u00edm si&#8230;<\/p>\n<p>moder\u00e1tor:<br \/>\nAle, \u017ee byste n\u011bjak z\u00e1konem m\u011bnili syst\u00e9m t\u011bch soci\u00e1ln\u00edch d\u00e1vek&#8230;<\/p>\n<p>Michaela MARKSOV\u00c1,<br \/>\nMy jsme upravovali v tuto chv\u00edli takzvan\u00fd doplatek na bydlen\u00ed, to je to, co dost\u00e1vaj\u00ed lid\u00e9 na ubytovn\u00e1ch a z\u00e1rove\u0148 se chyst\u00e1me na \u00fapravu takzvan\u00e9ho p\u0159\u00edsp\u011bvku na bydlen\u00ed, co\u017e se d\u00e1 ozna\u010dit jako d\u00e1vka, kter\u00e1 \u00fapln\u011b b\u011b\u017en\u00fdm rodin\u00e1m pom\u00e1h\u00e1 uhrazovat n\u00e1klady na n\u00e1jem, plus, plus energie. Ur\u010dit\u011b ano, ale dokud tady nebudeme m\u00edt z\u00e1kon o soci\u00e1ln\u00edm bydlen\u00ed , tak to si mysl\u00edm, \u017ee to nebude prost\u011b tak efektivn\u00ed a proto chceme ten z\u00e1kon, aby opravdu obce&#8230;<\/p>\n<p>moder\u00e1tor:<br \/>\nAle jeho p\u0159\u00edprava se vle\u010de, proto\u017ee i prezident Milo\u0161 Zeman kritizoval vl\u00e1du a \u0159\u00edkal, \u017ee by cht\u011blo, aby tento z\u00e1kon p\u0159ijala co nejd\u0159\u00edve. U\u017e je to rok a p\u016fl va\u0161eho vl\u00e1dnut\u00ed a st\u00e1le ten z\u00e1kon jaksi vl\u00e1da neschv\u00e1lila.<\/p>\n<p>Michaela MARKSOV\u00c1,<br \/>\nne neschv\u00e1lila, a to ani nebylo v pl\u00e1nu, proto\u017ee opravdu my jsme realisti a j\u00e1 zas nechci sl\u00edbit n\u011bco, co v\u00edm, \u017ee nespln\u00edme. My m\u00e1me v pl\u00e1nu to tak, aby to platilo od 1. ledna 2017 a tam zat\u00edm je\u0161t\u011b nevid\u00edm d\u016fvod, pro\u010d bychom to nesplnili. Ne\u0159\u00edk\u00e1m, ne\u0159\u00edk\u00e1m to stoprocentn\u011b, ale&#8230;<\/p>\n<p>moder\u00e1tor:  No mohlo to b\u00fdt rychlej\u0161\u00ed.<\/p>\n<p>Michaela MARKSOV\u00c1,<br \/>\nJ\u00e1 mysl\u00edm, \u017ee opravdu nemohlo, proto\u017ee je to z\u00e1kon, o kter\u00e9m my tady mluv\u00edme 15 let a jsou o tom velk\u00e9 diskuse, dosud ho nikdo nep\u0159ijal a prost\u011b nev\u011b\u0159\u00edm tomu, \u017ee bychom to dok\u00e1zali d\u0159\u00edv.<\/p>\n<p>Helena LANG\u0160\u00c1DLOV\u00c1, poslankyn\u011b; m\u00edstop\u0159edsedkyn\u011b strany \/TOP 09\/:<br \/>\nJ\u00e1 nesouhlas\u00edm s p\u0159ijet\u00edm z\u00e1kona o soci\u00e1ln\u00edm bydlen\u00ed, proto\u017ee si mysl\u00edm, \u017ee v\u016fbec nic ne\u0159e\u0161\u00ed. My m\u00e1me, ano, m\u00e1me upravit ten syst\u00e9m tak, jak v tuto chv\u00edli je, m\u00e1me propojit v n\u011bkter\u00fdch p\u0159\u00edpadech soci\u00e1ln\u00ed pr\u00e1ci s tou podporou d\u00e1vek, proto\u017ee jsou skupiny, kter\u00e9 pot\u0159ebuj\u00ed jenom ekonomickou podporu na to, aby si udr\u017eely bydlen\u00ed. Jsou skupiny, kter\u00e9 pot\u0159ebuj\u00ed i podporu soci\u00e1ln\u00edch pracovn\u00edk\u016f. V tom se ur\u010dit\u011b shodneme. Ale j\u00e1 jsem t\u0159eba pot\u00e9, co jsem nav\u0161t\u00edvila n\u011bkter\u00e1 azylov\u00e1 za\u0159\u00edzen\u00ed pro matky s d\u011btma, tam vid\u011bla mnoho matek, kter\u00e9 by dos\u00e1hly na to bydlen\u00ed skrze ty soci\u00e1ln\u00ed d\u00e1vky, ale pro n\u011b je bari\u00e9rou m\u00edt ty pen\u00edze na kauci, na ten byt. A i tam by, mysl\u00edm, st\u00e1t mohl pomoci, i jsme u\u017e p\u0159ipravovali za p\u0159edchoz\u00edch vl\u00e1d a mysl\u00edm si, \u017ee nen\u00ed mo\u017en\u00e9 j\u00edt tou cestou soci\u00e1ln\u00edho in\u017een\u00fdrstv\u00ed, \u017ee \u0159ekneme, \u017ee v\u0161echny obce mus\u00ed m\u00edt 5 % byt\u016f pro soci\u00e1ln\u00ed bydlen\u00ed. Jsou obce, kter\u00e9 by bylo 5 % m\u00e1lo a jsou obce, pro kter\u00e9 je to p\u0159\u00edli\u0161. A hlavn\u011b se mus\u00edme vyst\u0159\u00edhat toho, abychom stav\u011bli nov\u00e9 soci\u00e1ln\u00ed byty ve chv\u00edli, kdy tady je asi 150 tis\u00edc voln\u00fdch byt\u016f a pokud se stav\u00ed soci\u00e1ln\u00ed byty, tak se vystav\u00edme ghettizaci al\u00e1 pan sen\u00e1tor \u010cunek, proto\u017ee my nesm\u00edme tyto lidi dostat vlastn\u011b do n\u011bjak\u00e9ho koncentrovan\u00e9ho bydlen\u00ed, to riziko je tam potom mimo\u0159\u00e1dn\u011b velik\u00e9 a budeme to \u0159e\u0161it dlouhodob\u011b.<\/p>\n<p>moder\u00e1tor:<br \/>\nJenom stru\u010dn\u00e1 reakce, pan\u00ed ministryn\u011b.<\/p>\n<p>Michaela MARKSOV\u00c1,<br \/>\ntakhle to opravdu nen\u00ed. To pan\u00ed kolegyn\u011b asi \u0161patn\u011b \u010detla. Po\u010d\u00edt\u00e1 se s vyu\u017eit\u00edm t\u011bch pr\u00e1zdn\u00fdch byt\u016f, v\u00fdstavba je jenom jedna sou\u010d\u00e1st a t\u011bch 5 %, od toho u\u017e jsme opustili, nicm\u00e9n\u011b mezi t\u00edm, nicm\u00e9n\u011b i to byl jenom n\u00e1vrh a nen\u00ed to n\u011bjak\u00e1 demagogie.<\/p>\n<p>moder\u00e1tor:<br \/>\nO\u010dek\u00e1v\u00e1te, pan\u00ed mistryn\u011b, kdy\u017e tedy budete na z\u00e1skok i ministryn\u00ed \u0161kolstv\u00ed, \u017ee v\u00e1s tr\u00e1p\u00ed n\u011bjak\u00e1 v\u011bc ve \u0161kolstv\u00ed&#8230;Kterou byste mohla do\u0159e\u0161it v tom mezi\u010dase tedy od odch\u00e1zej\u00edc\u00edho ministra Chl\u00e1dka po va\u0161i, po asi jeho n\u00e1stupkyni, proto\u017ee premi\u00e9r se netaj\u00ed t\u00edm, \u017ee by cht\u011bl \u017eenu v \u010dele resortu \u0161kolstv\u00ed?<\/p>\n<p>Michaela MARKSOV\u00c1,<br \/>\nJ\u00e1 ur\u010dit\u011b nebudu m\u00edt mand\u00e1t na to, \u0159e\u0161it tam n\u011bjakou opravdu \u0161kolskou politiku. Nicm\u00e9n\u011b ano, ur\u010dit\u011b bych m\u011bla v\u011bci. Nap\u0159\u00edklad m\u00e1me rozd\u011blan\u00e9 memorandum, kter\u00e9 se t\u00fdk\u00e1 p\u00e9\u010de o ohro\u017een\u00e9 d\u011bti, d\u011btsk\u00fdch domov\u016f, \u017ee bych sama se sebou to memorandum podepsala, to by se mi l\u00edbilo.<\/p>\n<p>moder\u00e1tor:<br \/>\nTo bude aspo\u0148 jeden krok, kter\u00fd budete pova\u017eovat za z\u00e1sadn\u00ed, \u017ee sama se sebou podep\u00ed\u0161ete jako ministryn\u011b \u0161kolstv\u00ed a ministryn\u011b pr\u00e1ce a soci\u00e1ln\u00edch v\u011bc\u00ed memorandum?<\/p>\n<p>Michaela MARKSOV\u00c1,<br \/>\nj\u00e1 bych r\u00e1da, ale asi to p\u0159enech\u00e1m n\u00e1stupkyni, nebo n\u00e1stupci.<\/p>\n<p> moder\u00e1tor:<br \/>\nKonstatuje m\u00edstop\u0159edsedkyn\u011b \u010cSSD, ministryn\u011b pr\u00e1ce a soci\u00e1ln\u00edch v\u011bc\u00ed Michaela Marksov\u00e1. A hostem byla i m\u00edstop\u0159edsedkyn\u011b TOP 09, poslankyn\u011b Helena Lang\u0161\u00e1dlov\u00e1. D\u011bkuji za tuto v\u011bcnou diskusi a t\u011b\u0161\u00edm se na shledanou.<\/p>\n","protected":false},"excerpt":{"rendered":"<div class=\"mh-excerpt\"><p>Kter\u00e9 jsou dal\u0161\u00ed je\u0161t\u011b kroky t\u00e9 prorodinn\u00e9 politiky? Jak\u00e9 v\u00fdrazn\u011bj\u0161\u00ed \u00fapravy soci\u00e1ln\u00edho syst\u00e9mu ministryn\u011b MKarksov\u00e1 chyst\u00e1? to rozeb\u00edral po\u0159ad \u010cT V\u00e1clava Moravce&#8230;,<\/p>\n<\/div>","protected":false},"author":1,"featured_media":16408,"comment_status":"open","ping_status":"closed","sticky":false,"template":"","format":"standard","meta":{"footnotes":""},"categories":[12],"tags":[],"class_list":["post-21581","post","type-post","status-publish","format-standard","has-post-thumbnail","hentry","category-rozhovory"],"_links":{"self":[{"href":"https:\/\/www.invarena.cz\/index.php?rest_route=\/wp\/v2\/posts\/21581","targetHints":{"allow":["GET"]}}],"collection":[{"href":"https:\/\/www.invarena.cz\/index.php?rest_route=\/wp\/v2\/posts"}],"about":[{"href":"https:\/\/www.invarena.cz\/index.php?rest_route=\/wp\/v2\/types\/post"}],"author":[{"embeddable":true,"href":"https:\/\/www.invarena.cz\/index.php?rest_route=\/wp\/v2\/users\/1"}],"replies":[{"embeddable":true,"href":"https:\/\/www.invarena.cz\/index.php?rest_route=%2Fwp%2Fv2%2Fcomments&post=21581"}],"version-history":[{"count":0,"href":"https:\/\/www.invarena.cz\/index.php?rest_route=\/wp\/v2\/posts\/21581\/revisions"}],"wp:featuredmedia":[{"embeddable":true,"href":"https:\/\/www.invarena.cz\/index.php?rest_route=\/wp\/v2\/media\/16408"}],"wp:attachment":[{"href":"https:\/\/www.invarena.cz\/index.php?rest_route=%2Fwp%2Fv2%2Fmedia&parent=21581"}],"wp:term":[{"taxonomy":"category","embeddable":true,"href":"https:\/\/www.invarena.cz\/index.php?rest_route=%2Fwp%2Fv2%2Fcategories&post=21581"},{"taxonomy":"post_tag","embeddable":true,"href":"https:\/\/www.invarena.cz\/index.php?rest_route=%2Fwp%2Fv2%2Ftags&post=21581"}],"curies":[{"name":"wp","href":"https:\/\/api.w.org\/{rel}","templated":true}]}}