{"id":21594,"date":"2015-06-02T15:53:57","date_gmt":"2015-06-02T13:53:57","guid":{"rendered":"http:\/\/www.invarena.cz\/?p=21594"},"modified":"2015-06-02T15:53:57","modified_gmt":"2015-06-02T13:53:57","slug":"pavel-bocek-nasi-snahou-je-spojit-nemocne-na-dusi-s-nemocnymi-na-tele","status":"publish","type":"post","link":"https:\/\/www.invarena.cz\/?p=21594","title":{"rendered":"Pavel Bo\u010dek: Na\u0161\u00ed snahou je spojit nemocn\u00e9 na du\u0161i s nemocn\u00fdmi na t\u011ble"},"content":{"rendered":"<p><strong>Uzn\u00e1van\u00fd pediatr a onkolog Pavel Bo\u010dek zalo\u017eil v roce 2009 Ob\u010dansk\u00e9 sdru\u017een\u00ed Slune\u010dn\u00ed paprsek, jeho\u017e c\u00edlem je alespo\u0148 \u010d\u00e1ste\u010dn\u011b vracet do b\u011b\u017en\u00e9ho \u017eivota d\u011bti po onkologick\u00fdch a dal\u0161\u00edch z\u00e1va\u017en\u00fdch onemocn\u011bn\u00edch.<\/strong><!--more--><\/p>\n<p>Vybran\u00e1 skupina d\u011bt\u00ed se ka\u017ed\u00fd rok v l\u00e9t\u011b vyd\u00e1v\u00e1 na ozdravn\u00fd pobyt u mo\u0159e, kde se jim v\u011bnuje zku\u0161en\u00fd t\u00fdm l\u00e9ka\u0159\u016f, fyzioterapeut\u016f, vedouc\u00edch i nad\u0161en\u00fdch anim\u00e1tor\u016f. &#8222;Za\u010d\u00ednali jsme se \u010dty\u0159iceti d\u011btmi ro\u010dn\u011b, nyn\u00ed jich m\u00e1me t\u0159ikr\u00e1t tolik,&#8220; shrnuje \u00fasp\u011bchy sv\u00e9ho sna\u017een\u00ed Pavel Bo\u010dek.<\/p>\n<p>&#8211; Co v\u00e1m dalo podn\u011bt k zalo\u017een\u00ed organizace Slune\u010dn\u00ed paprsek?<\/p>\n<p>Ozdravn\u00e9 pobyty organizuji ji\u017e od roku 1992. Nejprve jsem jezdil s d\u011btmi z Onkologick\u00e9 kliniky na pobyty po \u010cech\u00e1ch, pot\u00e9 pod z\u00e1\u0161titou V\u00fdboru dobr\u00e9 v\u016fle, kter\u00fd organizoval ozdravn\u00e9 pobyty pro d\u011bti diabetick\u00e9, s mukoviscid\u00f3zou (chronick\u00fdm posti\u017een\u00edm d\u00fdchac\u00edch cest a plic, pozn. red.) a s astmatem. V t\u011bchto pobytech jsem pokra\u010doval i v Nada\u010dn\u00edm fondu Kapka nad\u011bje. Po ur\u010dit\u00e9 dob\u011b jsem si \u0159ekl, \u017ee by bylo fajn zalo\u017eit ob\u010dansk\u00e9 sdru\u017een\u00ed, kter\u00e9 se bude zab\u00fdvat jen touto \u010dinnost\u00ed a na profesion\u00e1ln\u00ed \u00farovni. Cht\u011bli jsme, aby ozdravn\u00e9 pobyty pro d\u011bti byly pro n\u011b prosp\u011b\u0161n\u00e9 po str\u00e1nce zdravotn\u00ed i psychosoci\u00e1ln\u00ed.<\/p>\n<p>&#8211; Na jak\u00e9 d\u011bti se zam\u011b\u0159uje a jakou pomoc jim nab\u00edz\u00edte?<\/p>\n<p>V\u00edce ne\u017e devades\u00e1t procent d\u011bt\u00ed tvo\u0159\u00ed pacienti z kliniky d\u011btsk\u00e9 hematologie a onkologie v Praze Motole. Samoz\u0159ejm\u011b se ale nebr\u00e1n\u00edme d\u011btem z moravsk\u00fdch onkologi\u00ed \u010di z jin\u00fdch hematologick\u00fdch odd\u011blen\u00ed. Bereme tak\u00e9 d\u011bti se z\u00e1va\u017en\u00fdmi chronick\u00fdmi onemocn\u011bn\u00edmi, kter\u00e9 by se jinak k mo\u0159i nedostaly, nebo by se jejich rodi\u010de b\u00e1li jet tam s nimi bez l\u00e9ka\u0159sk\u00e9ho doprovodu. Jezd\u00ed s n\u00e1mi i d\u011bti, kter\u00e9 jsou z rozvr\u00e1cen\u00fdch nebo ze soci\u00e1ln\u011b slab\u00fdch rodin. Spolupracujeme tak\u00e9 s klubem p\u0159\u00e1tel d\u011bt\u00ed z d\u011btsk\u00fdch domov\u016f, odkud bereme ka\u017ed\u00fd rok zhruba p\u011bt a\u017e deset d\u011bt\u00ed. Sna\u017e\u00edme se vyb\u00edrat ty, kter\u00e9 jsou nav\u00edc nemocn\u00e9. Zkr\u00e1tka spojujeme nemocn\u00e9 na du\u0161i s nemocn\u00fdmi na t\u011ble.<\/p>\n<p>&#8211; Sh\u00e1n\u011bt pen\u00edze na jakoukoliv dobrovolnickou organizaci je t\u011b\u017ek\u00e9. Je to tak i ve va\u0161em p\u0159\u00edpad\u011b?<\/p>\n<p>Konkurence je velik\u00e1. U\u017e jen kdy\u017e vezmeme v \u00favahu, \u017ee organizac\u00ed ve zdravotnictv\u00ed a v\u016fbec obecn\u011b prosp\u011b\u0161n\u00fdch spole\u010dnost\u00ed registrovan\u00fdch u ministerstva vnitra je v\u00edce ne\u017e \u0161edes\u00e1t tis\u00edc. Slune\u010dn\u00ed paprsek m\u00e1 v\u00fdhodu v tom, \u017ee nem\u00e1 v\u00fddaje na provoz, ani \u017e\u00e1dn\u00e9 zam\u011bstnance. V\u0161echny z\u00edskan\u00e9 pen\u00edze tak mohou b\u00fdt pou\u017eity na ozdravn\u00e9 pobyty. Cel\u00fd n\u00e1\u0161 projekt je zkr\u00e1tka pr\u016fhledn\u00fd a ten, kdo n\u00e1m chce d\u00e1t pen\u00edze, v\u00ed, kam p\u0159esn\u011b sm\u011b\u0159uj\u00ed. A m\u016f\u017ee pak m\u00edt dobr\u00fd pocit z toho, \u017ee poslal n\u011bkolik d\u011bt\u00ed k mo\u0159i.<\/p>\n<p>&#8211; Setk\u00e1v\u00e1te se i s nepochopen\u00edm?<\/p>\n<p>Ob\u010das jsem se setkal s n\u00e1zorem, \u017ee si p\u0159i d\u011btsk\u00fdch pobytech z\u00e1rove\u0148 my dosp\u011bl\u00ed ud\u011bl\u00e1me p\u011bknou dovolenou.<\/p>\n<p>&#8211; Co na to \u0159\u00edk\u00e1te?<\/p>\n<p>Ka\u017ed\u00e9mu, kdo si to mysl\u00ed, bych dop\u0159\u00e1l m\u00edt na starosti pades\u00e1t d\u011bt\u00ed u mo\u0159e. Po p\u00e1r hodin\u00e1ch by ur\u010dit\u011b zm\u011bnil n\u00e1zor. Mysl\u00edm si, \u017ee d\u011blat n\u011bco podobn\u00e9ho, je obrovsk\u00e1 zodpov\u011bdnost a starost, nav\u00edc to d\u011bl\u00e1me bez n\u00e1roku na odm\u011bnu a v\u0161ichni si na to mus\u00edme vz\u00edt volno z pr\u00e1ce. Ale d\u011bl\u00e1me to r\u00e1di, jinak by to ani ne\u0161lo.<\/p>\n<p>&#8211; D\u011bt\u00ed s onkologick\u00fdmi probl\u00e9my p\u0159ib\u00fdv\u00e1. Jak vyb\u00edr\u00e1te mezi z\u00e1jemci?<\/p>\n<p>V sou\u010dasn\u00e9 dob\u011b onemocn\u00ed n\u011bjak\u00fdm onkologick\u00fdm onemocn\u011bn\u00edm zhruba t\u0159i sta pades\u00e1t d\u011bt\u00ed za rok. Vyb\u00edr\u00e1me mezi t\u011bmi, kter\u00e9 prod\u011blaly onkologickou nemoc nebo jinou hematologickou nemoc a tak\u00e9 podle v\u011bku, kter\u00fd by m\u011bl b\u00fdt v rozmez\u00ed od sedmi do osmn\u00e1cti let. V\u00fdjime\u010dn\u011b bereme i star\u0161\u00ed d\u011bti, kter\u00e9 byly nemocn\u00e9, kdy\u017e jim bylo \u0161estn\u00e1ct. Ty, kter\u00e9 se p\u0159ihl\u00e1sily a nedostalo se na n\u011b, se automaticky za\u0159azuj\u00ed do po\u0159adn\u00edku na p\u0159\u00ed\u0161t\u00ed rok.<\/p>\n<p>&#8211; Kolik z p\u0159ihl\u00e1\u0161en\u00fdch se pobytu z\u00fa\u010dastn\u00ed?<\/p>\n<p>Za\u010d\u00ednali jsme se 40 d\u011btmi ro\u010dn\u011b a nyn\u00ed jich m\u00e1me t\u0159ikr\u00e1t tolik. Proto jsme pobyty museli rozd\u011blit do dvou turnus\u016f. Jeden trv\u00e1 dva t\u00fddny.<\/p>\n<p>&#8211; V \u010dem je jejich nejv\u011bt\u0161\u00ed p\u0159\u00ednos, krom\u011b toho, \u017ee se mnoh\u00fdm spln\u00ed sen, jet poprv\u00e9 k mo\u0159i?<\/p>\n<p>Na n\u011bkter\u00fdch d\u011btech se ani nepozn\u00e1, \u017ee byly nemocn\u00e9. Na \u0159ad\u011b z nich, nap\u0159\u00edklad po l\u00e9\u010db\u011b n\u00e1doru mozku, to ale zn\u00e1t je. A tam m\u00e1 l\u00e9\u010debn\u00e1 rehabilitace, a\u0165 u\u017e dechov\u00e1 nebo motorick\u00e1, velk\u00fd v\u00fdznam. Pobyt u mo\u0159e je ide\u00e1ln\u00ed v tom, \u017ee tam mohou d\u011bti plavat, cvi\u010dit a c\u00edt\u00ed se tam dob\u0159e i ti m\u00e9n\u011b pohybliv\u00ed. \u0158ada z nich m\u00e1 nav\u00edc ko\u017en\u00ed nebo plicn\u00ed probl\u00e9my a pomoc\u00ed mo\u0159sk\u00e9ho vzduchu, kter\u00fd je velmi zdrav\u00fd, je lze minimalizovat.<\/p>\n<p>&#8211; Je t\u011b\u017ek\u00e9 vybrat spr\u00e1vn\u00e9 m\u00edsto na takov\u00fd ozdravn\u00fd pobyt?<\/p>\n<p>Je to nesm\u00edrn\u011b t\u011b\u017ek\u00e9. U\u017e jen z toho d\u016fvodu, \u017ee m\u00e1me vysok\u00e9 n\u00e1roky na objekt, ve kter\u00e9m se pobyt uskute\u010dn\u00ed.<\/p>\n<p>&#8211; Jak\u00e9?<\/p>\n<p>Pot\u0159ebujeme, aby tam mohly b\u00fdt hendikepovan\u00e9 d\u011bti, aby tam byl pozvoln\u00fd vstup do mo\u0159e, abychom m\u011bli svoji rehabilita\u010dn\u00ed nebo spole\u010denskou m\u00edstnost. A tak\u00e9, aby tam bylo dobr\u00e9 j\u00eddlo a mo\u017enost dopl\u0148ovat pitn\u00fd re\u017eim.<\/p>\n<p>&#8211; A da\u0159\u00ed se to napl\u0148ovat?<\/p>\n<p>V\u0161echno tohle zajistit nen\u00ed jednoduch\u00e9. \u0158ada hotel\u016f bohu\u017eel takov\u00fd typ klient\u016f nechce, proto\u017ee tam nic neutrat\u00ed. A takov\u00ed klienti jsou pro n\u011b nev\u00fdhodn\u00ed. Oslov\u00edme i p\u0159es dvacet hotel\u016f, ne\u017e najdeme ten spr\u00e1vn\u00fd.<\/p>\n<p>&#8211; Jak\u00fd je denn\u00ed re\u017eim d\u011bt\u00ed u mo\u0159e vzhledem k p\u0159edchoz\u00ed l\u00e9\u010db\u011b?<\/p>\n<p>D\u011bti se b\u011bhem dne st\u0159\u00eddaj\u00ed na individu\u00e1ln\u00edch rehabilitac\u00edch podle konkr\u00e9tn\u00edch posti\u017een\u00ed. Cvi\u010d\u00ed se nap\u0159\u00edklad rozvoj p\u00e1te\u0159e nebo rozh\u00fdb\u00e1n\u00ed par\u00e9zy (chab\u00e9 obrny, pozn. red.), m\u00e1me tam ale i d\u011bti po amputaci kon\u010detin, kter\u00e9 je pot\u0159eba nau\u010dit pr\u00e1ci s prot\u00e9zou. Denn\u00ed re\u017eim zahrnuje tak\u00e9 rann\u00ed rozcvi\u010dku zam\u011b\u0159enou na dechov\u00e9 cvi\u010den\u00ed nebo cvi\u010den\u00ed u mo\u0159e, ale tak\u00e9 dostatek poledn\u00edho klidu, kter\u00fd je nutn\u00fd dodr\u017eovat vzhledem k siln\u00e9mu poledn\u00edmu slun\u00ed\u010dku. Samoz\u0159ejm\u011b d\u011bl\u00e1me pro d\u011bti r\u016fzn\u00e9 sout\u011b\u017ee, olympi\u00e1du a tak\u00e9 ve\u010dern\u00ed program, pokud nen\u00ed sou\u010d\u00e1st\u00ed hotelov\u00fdch slu\u017eeb. Zkr\u00e1tka se sna\u017e\u00edme, aby se tam d\u011bti zasm\u00e1ly a poznaly nov\u00e9 kamar\u00e1dy. K tomu n\u00e1m pom\u00e1h\u00e1 i na\u0161e patronka Hanka K\u0159\u00ed\u017ekov\u00e1, kter\u00e1 je dobrosrde\u010dn\u00e1 a r\u00e1da se sm\u011bje. Ta jezd\u00ed pravideln\u011b.<\/p>\n<p>&#8211; Kolik lid\u00ed je pot\u0159eba pro zabezpe\u010den\u00ed ozdravn\u00fdch procedur a nav\u00edc z\u00e1bavy pro pades\u00e1t d\u011bt\u00ed?<\/p>\n<p>V sou\u010dasn\u00e9 dob\u011b jezd\u00ed v\u017edy dva l\u00e9ka\u0159i, zpravidla t\u0159i nebo \u010dty\u0159i fyzioterapeuti, \u0161est nebo sedm vedouc\u00edch a jedna zdravotn\u00ed sestra.<\/p>\n<p>&#8211; Jsou pro v\u00e1s tyto pobyty s d\u011btmi mimo nemocnici, \u0159ekn\u011bme ur\u010dit\u00fdm hnac\u00edm motorem k dal\u0161\u00ed \u010dinnosti?<\/p>\n<p>Pro m\u011b je to v\u017edycky takov\u00e1 odm\u011bna. Ve sv\u00e9 pr\u00e1ci nevid\u00edm tolik vesel\u00e9ho a optimistick\u00e9ho. A tady vid\u00edm d\u011bti, kter\u00e9 jsou ji\u017e v podstat\u011b \u0161\u0165astn\u00e9 a spokojen\u00e9, i kdy\u017e po hrozn\u011b velk\u00e9m \u017eivotn\u00edm traumatu, kter\u00e9 pro\u017eily.<\/p>\n<p>&#8211; Dojal v\u00e1s n\u011bkdy n\u011bjak\u00fd konkr\u00e9tn\u00ed p\u0159\u00edb\u011bh d\u00edt\u011bte?<\/p>\n<p>Na jednom pobytu s n\u00e1mi byli brat\u0159i \u2013 dvoj\u010data, z nich\u017e jeden byl nevyl\u00e9\u010diteln\u011b nemocn\u00fd. Na jeho p\u0159\u00e1n\u00ed jsme mu umo\u017enili jet k mo\u0159i a byl tam hrozn\u011b \u0161\u0165astn\u00fd. Jeho bratr, kter\u00fd je ji\u017e dosp\u011bl\u00fd, n\u00e1s nyn\u00ed podporuje a dokonce by cht\u011bl jezdit s n\u00e1mi jako vedouc\u00ed. A to n\u00e1s t\u011b\u0161\u00ed.<\/p>\n<p>&#8211; Funguj\u00ed podle v\u00e1s obdobn\u00e9 organizace v \u010cesku spr\u00e1vn\u011b?<\/p>\n<p>Nadace v \u010cesku bohu\u017eel supluj\u00ed st\u00e1t a pen\u00edze z\u00edskan\u00e9 na nemocn\u00e9 lidi jdou sp\u00ed\u0161e na p\u0159\u00edstroje do nemocnic a na dopln\u011bn\u00ed l\u00e9k\u016f. \u0158ada z t\u011bchto organizac\u00ed, kdy\u017e to p\u0159e\u017eenu, vyb\u00edr\u00e1 jeden den na slep\u00e9, druh\u00fd den na psy a t\u0159et\u00ed den na zem\u011bt\u0159esen\u00ed. M\u00edsto toho, aby se v\u011bnovaly n\u011bjak\u00e9mu konkr\u00e9tn\u00edmu probl\u00e9mu nebo okruhu probl\u00e9m\u016f.<\/p>\n<p>&#8211; O to slo\u017eit\u011bj\u0161\u00ed je pak z\u0159ejm\u011b z\u00edsk\u00e1v\u00e1n\u00ed finan\u010dn\u00edch partner\u016f&#8230;<\/p>\n<p>Partne\u0159i nebo sponzo\u0159i ji\u017e v sou\u010dasnosti v\u00edce sleduj\u00ed, jak jednotliv\u00e9 organizace funguj\u00ed, a rozhoduj\u00ed se pe\u010dliv\u011b a v\u00edce selektivn\u011b. Cht\u011bj\u00ed p\u0159esn\u011b v\u011bd\u011bt, na co konkr\u00e9tn\u011b d\u00e1vaj\u00ed pen\u00edze a jak\u00fd m\u00e1 dan\u00fd projekt v\u00fdsledky.<\/p>\n<p>&#8212;<\/p>\n<p>Ob\u010dansk\u00e9 sdru\u017een\u00ed Slune\u010dn\u00ed paprsek<br \/>\nJeho posl\u00e1n\u00edm je oslovit osoby, organizace a spole\u010dnosti, kter\u00e9 mohou pomoci s realizac\u00ed a finan\u010dn\u00edm zabezpe\u010den\u00edm ozdravn\u00fdch pobyt\u016f pro d\u011bti. Pobyty jsou ur\u010den\u00e9 p\u0159edev\u0161\u00edm pro d\u011bti, kter\u00e9 prod\u011blaly hemato-onkologick\u00e9 onemocn\u011bn\u00ed, jsou chronicky a v\u00e1\u017en\u011b nemocn\u00e9 nebo pro d\u011bti, kter\u00fdm jejich onemocn\u011bn\u00ed neumo\u017e\u0148uje z\u00fa\u010dastnit se ozdravn\u00fdch pobyt\u016f s jin\u00fdm subjektem (nap\u0159\u00edklad Mo\u0159sk\u00fd kon\u00edk).<br \/>\nK pobytu se mohou hl\u00e1sit i d\u011bti nemocn\u00e9 a vyr\u016fstaj\u00edc\u00ed v d\u011btsk\u00e9m domov\u011b, s definovanou psychickou deprivac\u00ed (nap\u0159\u00edklad rozvod rodi\u010d\u016f, t\u00fdran\u00ed a podobn\u011b) a s jin\u00fdm t\u011b\u017ek\u00fdm somatick\u00fdm \u010di psychosoci\u00e1ln\u00edm handicapem.<\/p>\n<p>nevzdali se<\/p>\n<p>AD\u00c9LA Kdy\u017e mi bylo p\u016fl roku, diagnostikovali mi n\u00e1dor v mal\u00e9 p\u00e1nvi. Od d\u011btstv\u00ed m\u00e1m pravou nohu krat\u0161\u00ed a napad\u00e1m na ni. Probl\u00e9my neza\u017eehnaly ani n\u011bkolikan\u00e1sobn\u00e9 ortopedick\u00e9 operace. Nikdy jsem s kamar\u00e1dy nemohla ly\u017eovat, sk\u00e1kat pan\u00e1ka \u010di b\u011bhat z\u00e1vody na poli. Nejhor\u0161\u00ed obdob\u00ed bylo, kdy\u017e jsem p\u0159ich\u00e1zela do puberty. Nejde ani spo\u010d\u00edtat, kolikr\u00e1t jsem od u\u0161t\u011bpa\u010dn\u00fdch puber\u0165\u00e1k\u016f sly\u0161ela pozn\u00e1mky typu: &#8222;Co m\u00e1\u0161 s nohou?&#8220; Jakmile jsem se dozv\u011bd\u011bla o ozdravn\u00fdch pobytech, nev\u00e1hala jsem a okam\u017eit\u011b se p\u0159ihl\u00e1sila. Byla to nejlep\u0161\u00ed v\u011bc, jakou jsem mohla ud\u011blat. Poznala jsem spoustu skv\u011bl\u00fdch lid\u00ed! Zjistila jsem, \u017ee v\u016fbec nejsem odli\u0161n\u00e1. Pr\u00e1v\u011b naopak. C\u00edtila jsem se, jako bych se s ostatn\u00edmi znala cel\u00e9 roky. V\u0161echny n\u00e1s toti\u017e spojovala jedna v\u011bc. Dostali jsme druhou \u0161anci. D\u00edky fyzioterapi\u00edm se mi noha zlep\u0161ila a po psychick\u00e9 str\u00e1nce jsem se c\u00edtila tak\u00e9 mnohem l\u00e9pe, a to jen d\u00edky b\u00e1je\u010dn\u00e9mu kolektivu d\u011bt\u00ed a t\u011bch nejlep\u0161\u00edch vedouc\u00edch.<br \/>\nVLAST\u00cdK Kdy\u017e mi bylo deset let, l\u00e9ka\u0159i zjistili, \u017ee m\u00e1m na mozku zhoubn\u00fd n\u00e1dor. Po n\u00e1ro\u010dn\u00e9 operaci p\u0159i\u0161ly komplikace. Vypadalo to dokonce, \u017ee pokud p\u0159e\u017eiji, str\u00e1v\u00edm zbytek \u017eivota na voz\u00edku. V\u0161e jsem se u\u010dil znovu jako mal\u00e9 d\u00edt\u011b. Jsem ale bojovn\u00edk, p\u0159ed operac\u00ed jsem hr\u00e1l z\u00e1vodn\u011b fotbal za Viktorii Plze\u0148. Dodnes trp\u00edm poruchou rovnov\u00e1hy a koordinace pohyb\u016f. Nevynech\u00e1m ale jedinou p\u0159\u00edle\u017eitost, kdy si mohu &#8222;za\u010dutat s m\u00ed\u010dem&#8220;. Moc r\u00e1d se od mali\u010dka pot\u00e1p\u00edm a plavu. C\u00edt\u00edm, \u017ee mi voda dok\u00e1\u017ee moc pom\u00e1hat a nem\u00e1m probl\u00e9my s t\u00edm, \u017ee m\u011b smete vlna. Myslel jsem, \u017ee u\u017e se nikdy k mo\u0159i nedostanu. Ale d\u00edky b\u00e1je\u010dn\u00e9mu kolektivu d\u011bt\u00ed, kter\u00e9 v\u0161echny spojuje jedna v\u011bc a v\u0161em t\u011bm nejlep\u0161\u00edm vedouc\u00edm, jsem si mo\u0159e moc u\u017eil.<br \/>\nSO\u0147A Kdy\u017e jsem se l\u00e9\u010dila na onkologii, p\u0159estala jsem v\u011b\u0159it, \u017ee n\u011bco hezk\u00e9ho v\u016fbec v \u017eivot\u011b bude. \u017dila jsem mezi z\u00e1\u0159en\u00edm, zvracen\u00edm, kapa\u010dkami a operacemi. V neust\u00e1l\u00e9m strachu jak to dopadne, abych to vydr\u017eela j\u00e1 i moje m\u00e1ma a babi\u010dka. Pak jsem chodila rok, dva na kontroly a najednou se vyskytla mo\u017enost jet k mo\u0159i. Necht\u011bla jsem, jeliko\u017e napad\u00e1m na jednu nohu, m\u00e1m obrovsk\u00e9 jizvy. Pak m\u011b v\u0161ak p\u0159esv\u011bd\u010dili a j\u00e1 jela. Nikdo se mi nesm\u00e1l, v\u0161ichni mi pom\u00e1hali, cvi\u010dila jsem a v\u00fdrazn\u011b jsem si zlep\u0161ila hybnost lev\u00e9 nohy, ustoupily i bolesti p\u00e1te\u0159e. Poznala jsem spoustu d\u011bt\u00ed a mladistv\u00fdch se stejn\u00fdm osudem. Jela jsem je\u0161t\u011b t\u0159ikr\u00e1t a pobyty mi moc pomohly nejen zdravotn\u011b.<\/p>\n<p>LENKA VA\u0160KOV\u00c1<br \/>\nPra\u017esk\u00fd den\u00edk<br \/>\n<a href=\"http:\/\/www.prazsky.denik.cz\/\">http:\/\/www.prazsky.denik.cz\/<\/a><\/p>\n","protected":false},"excerpt":{"rendered":"<div class=\"mh-excerpt\"><p>Uzn\u00e1van\u00fd pediatr a onkolog Pavel Bo\u010dek zalo\u017eil v roce 2009 Ob\u010dansk\u00e9 sdru\u017een\u00ed Slune\u010dn\u00ed paprsek, jeho\u017e c\u00edlem je alespo\u0148 \u010d\u00e1ste\u010dn\u011b vracet do b\u011b\u017en\u00e9ho \u017eivota d\u011bti po <a class=\"mh-excerpt-more\" href=\"https:\/\/www.invarena.cz\/?p=21594\" title=\"Pavel Bo\u010dek: Na\u0161\u00ed snahou je spojit nemocn\u00e9 na du\u0161i s nemocn\u00fdmi na t\u011ble\">[&#8230;]<\/a><\/p>\n<\/div>","protected":false},"author":1,"featured_media":14944,"comment_status":"open","ping_status":"closed","sticky":false,"template":"","format":"standard","meta":{"footnotes":""},"categories":[9],"tags":[],"class_list":["post-21594","post","type-post","status-publish","format-standard","has-post-thumbnail","hentry","category-zpravy"],"_links":{"self":[{"href":"https:\/\/www.invarena.cz\/index.php?rest_route=\/wp\/v2\/posts\/21594","targetHints":{"allow":["GET"]}}],"collection":[{"href":"https:\/\/www.invarena.cz\/index.php?rest_route=\/wp\/v2\/posts"}],"about":[{"href":"https:\/\/www.invarena.cz\/index.php?rest_route=\/wp\/v2\/types\/post"}],"author":[{"embeddable":true,"href":"https:\/\/www.invarena.cz\/index.php?rest_route=\/wp\/v2\/users\/1"}],"replies":[{"embeddable":true,"href":"https:\/\/www.invarena.cz\/index.php?rest_route=%2Fwp%2Fv2%2Fcomments&post=21594"}],"version-history":[{"count":0,"href":"https:\/\/www.invarena.cz\/index.php?rest_route=\/wp\/v2\/posts\/21594\/revisions"}],"wp:featuredmedia":[{"embeddable":true,"href":"https:\/\/www.invarena.cz\/index.php?rest_route=\/wp\/v2\/media\/14944"}],"wp:attachment":[{"href":"https:\/\/www.invarena.cz\/index.php?rest_route=%2Fwp%2Fv2%2Fmedia&parent=21594"}],"wp:term":[{"taxonomy":"category","embeddable":true,"href":"https:\/\/www.invarena.cz\/index.php?rest_route=%2Fwp%2Fv2%2Fcategories&post=21594"},{"taxonomy":"post_tag","embeddable":true,"href":"https:\/\/www.invarena.cz\/index.php?rest_route=%2Fwp%2Fv2%2Ftags&post=21594"}],"curies":[{"name":"wp","href":"https:\/\/api.w.org\/{rel}","templated":true}]}}