{"id":21600,"date":"2015-06-03T09:22:56","date_gmt":"2015-06-03T07:22:56","guid":{"rendered":"http:\/\/www.invarena.cz\/?p=21600"},"modified":"2015-06-03T09:22:56","modified_gmt":"2015-06-03T07:22:56","slug":"tancem-ke-hvezdam-ukazali-ze-nemocnym-je-treba-pomoci","status":"publish","type":"post","link":"https:\/\/www.invarena.cz\/?p=21600","title":{"rendered":"Tancem ke hv\u011bzd\u00e1m uk\u00e1zali, \u017ee nemocn\u00fdm je t\u0159eba pomoci"},"content":{"rendered":"<p><strong>Zp\u011bva\u010dka Kamila N\u00fdvltov\u00e1 a tane\u010dn\u00edk nejvy\u0161\u0161\u00ed t\u0159\u00eddy latisnkoamerick\u00fdch a standardn\u00edch tanc\u016f Rostislav Neuwirth v\u010dera vystoupili na benefi\u010dn\u00ed akci Tancem ke hv\u011bzd\u00e1m.<\/strong> <!--more--><\/p>\n<p>Zl\u00edn \u2013 Show se uskute\u010dnila pro nemocnou Marianku Van\u011b\u010dkovou. Dev\u00edtilet\u00e1 Marianka trp\u00ed spin\u00e1ln\u00ed atrofi\u00ed, kv\u016fli kter\u00e9 j\u00ed odum\u00edraj\u00ed svalov\u00e9 bu\u0148ky a mus\u00ed pou\u017e\u00edvat invalidn\u00ed voz\u00edk. Aulu UTB rozezn\u011bly melodie z muzik\u00e1lu Angelika i Kleopatra a zatan\u010dily tane\u010dn\u00ed skupiny Beat up Zl\u00edn, Handicap Zl\u00edn nebo Orianadance. V minulosti uspo\u0159\u00e1dala organiz\u00e1torka akce tane\u010dnice Marie Van\u011b\u010dkov\u00e1 \u010dty\u0159i ro\u010dn\u00edky Bellydance Night v\u011bnovan\u00e9 v\u017edy jednomu posti\u017een\u00e9mu d\u00edt\u011bti. &#8222;Nen\u00ed to ani tak o v\u00fdt\u011b\u017eku, ale o tom lidem uk\u00e1zat, \u017ee takhle nemocn\u00ed lid\u00e9 existuj\u00ed a \u017ee je pot\u0159eba jim pomoct,&#8220; \u0159ekla Van\u011b\u010dkov\u00e1. Tancem ke hv\u011bzd\u00e1m je tematicky lad\u011bn\u00e9 k filmu a je jedn\u00edm z projekt\u016f k filmov\u00e9mu festivalu pro d\u011bti a ml\u00e1de\u017e.<\/p>\n<p>Vala\u0161sk\u00fd den\u00edk<br \/>\n<a href=\"http:\/\/valassky.denik.cz\/\">http:\/\/valassky.denik.cz\/<\/a><\/p>\n","protected":false},"excerpt":{"rendered":"<div class=\"mh-excerpt\"><p>Zp\u011bva\u010dka Kamila N\u00fdvltov\u00e1 a tane\u010dn\u00edk nejvy\u0161\u0161\u00ed t\u0159\u00eddy latisnkoamerick\u00fdch a standardn\u00edch tanc\u016f Rostislav Neuwirth v\u010dera vystoupili na benefi\u010dn\u00ed akci Tancem ke hv\u011bzd\u00e1m.<\/p>\n<\/div>","protected":false},"author":1,"featured_media":5673,"comment_status":"open","ping_status":"closed","sticky":false,"template":"","format":"standard","meta":{"footnotes":""},"categories":[9],"tags":[],"class_list":["post-21600","post","type-post","status-publish","format-standard","has-post-thumbnail","hentry","category-zpravy"],"_links":{"self":[{"href":"https:\/\/www.invarena.cz\/index.php?rest_route=\/wp\/v2\/posts\/21600","targetHints":{"allow":["GET"]}}],"collection":[{"href":"https:\/\/www.invarena.cz\/index.php?rest_route=\/wp\/v2\/posts"}],"about":[{"href":"https:\/\/www.invarena.cz\/index.php?rest_route=\/wp\/v2\/types\/post"}],"author":[{"embeddable":true,"href":"https:\/\/www.invarena.cz\/index.php?rest_route=\/wp\/v2\/users\/1"}],"replies":[{"embeddable":true,"href":"https:\/\/www.invarena.cz\/index.php?rest_route=%2Fwp%2Fv2%2Fcomments&post=21600"}],"version-history":[{"count":0,"href":"https:\/\/www.invarena.cz\/index.php?rest_route=\/wp\/v2\/posts\/21600\/revisions"}],"wp:featuredmedia":[{"embeddable":true,"href":"https:\/\/www.invarena.cz\/index.php?rest_route=\/wp\/v2\/media\/5673"}],"wp:attachment":[{"href":"https:\/\/www.invarena.cz\/index.php?rest_route=%2Fwp%2Fv2%2Fmedia&parent=21600"}],"wp:term":[{"taxonomy":"category","embeddable":true,"href":"https:\/\/www.invarena.cz\/index.php?rest_route=%2Fwp%2Fv2%2Fcategories&post=21600"},{"taxonomy":"post_tag","embeddable":true,"href":"https:\/\/www.invarena.cz\/index.php?rest_route=%2Fwp%2Fv2%2Ftags&post=21600"}],"curies":[{"name":"wp","href":"https:\/\/api.w.org\/{rel}","templated":true}]}}