{"id":21607,"date":"2015-06-03T10:43:46","date_gmt":"2015-06-03T08:43:46","guid":{"rendered":"http:\/\/www.invarena.cz\/?p=21607"},"modified":"2015-06-03T10:43:46","modified_gmt":"2015-06-03T08:43:46","slug":"reakce-mpsv-na-vyvoj-situace-kolem-pobytu-sourozencu-ve-zlutickem-ustavu","status":"publish","type":"post","link":"https:\/\/www.invarena.cz\/?p=21607","title":{"rendered":"Reakce MPSV na v\u00fdvoj situace kolem pobytu sourozenc\u016f ve \u017elutick\u00e9m \u00fastavu"},"content":{"rendered":"<p><strong>Ministerstvo pr\u00e1ce a soci\u00e1ln\u00edch v\u011bc\u00ed reaguje na dne\u0161n\u00ed rozhodnut\u00ed okresn\u00edho soudu v \u00dast\u00ed nad Labem, kter\u00fd zam\u00edtl p\u0159edb\u011b\u017en\u00e9 opat\u0159en\u00ed na st\u011bhov\u00e1n\u00ed osmi sourozenc\u016f do d\u011btsk\u00e9ho domova z v\u00fdchovn\u00e9ho \u00fastavu ve \u017dlutic\u00edch, kde v sou\u010dasn\u00e9 dob\u011b pob\u00fdvaj\u00ed.<\/strong><br \/>\n<!--more--><\/p>\n<p>MPSV trv\u00e1 na tom, \u017ee um\u00edst\u011bn\u00ed d\u011bt\u00ed do za\u0159\u00edzen\u00ed, kter\u00e9 naprosto neodpov\u00edd\u00e1 jejich pot\u0159eb\u00e1m, je hrub\u00fdm pochyben\u00edm. Mimo jin\u00e9 do\u0161lo k poru\u0161en\u00ed \u00damluvy o pr\u00e1vech d\u00edt\u011bte, zejm\u00e9na pr\u00e1va na zaji\u0161t\u011bn\u00ed odpov\u00eddaj\u00edc\u00edho n\u00e1hradn\u00edho prost\u0159ed\u00ed.<\/p>\n<p>Dle na\u0161ich informac\u00ed se v p\u0159\u00edpad\u011b sourozenc\u016f nejednalo se o krizovou situaci a k dispozici bylo jin\u00e9 vhodn\u00e9 prost\u0159ed\u00ed, proto se, bez ohledu na to, jak\u00e9 konkr\u00e9tn\u00ed podm\u00ednky byly d\u011btem zaji\u0161t\u011bny, jedn\u00e1 o syst\u00e9movou chybu na stran\u011b OSPOD, soudu i samotn\u00e9ho \u00fastavu, kter\u00fd m\u011bl pr\u00e1vo se proti p\u0159ijet\u00ed d\u011bt\u00ed odvolat. P\u0159em\u00edst\u011bn\u00edm d\u011bt\u00ed do vhodn\u00e9ho prost\u0159ed\u00ed nen\u00ed nijak omezeno \u00fasil\u00ed o n\u00e1vrat d\u011bt\u00ed do vlastn\u00ed rodiny.<\/p>\n<p>MPSV proto z vlastn\u00edho podn\u011btu zah\u00e1jilo \u0161et\u0159en\u00ed postupu OSPOD a n\u00e1sledn\u011b bude pod\u00e1n podn\u011bt na postup \u00fastavu z hlediska z\u00e1konnosti p\u0159ijet\u00ed d\u011bt\u00ed. MPSV ve spolupr\u00e1ci s Krajsk\u00fdm \u00fa\u0159adem \u00dasteck\u00e9ho kraje situaci d\u011bt\u00ed i nad\u00e1le monitoruje.<\/p>\n<p>Selh\u00e1n\u00ed, k n\u011bmu\u017e p\u0159i zach\u00e1zen\u00ed s d\u011btmi do\u0161lo, je mimo jin\u00e9 d\u016fsledkem rozt\u0159\u00ed\u0161t\u011bnosti syst\u00e9mu p\u00e9\u010de o ohro\u017een\u00e9 d\u011bti, kdy rezort soci\u00e1ln\u00edch v\u011bc\u00ed (OSPOD), spravedlnosti (soud) a \u0161kolstv\u00ed (\u00fastav) odli\u0161n\u011b posuzuj\u00ed pot\u0159eby a z\u00e1jem d\u011bt\u00ed. MPSV dlouhodob\u011b usiluje o sjednocen\u00ed syst\u00e9mu a v tomto sm\u011bru byla zah\u00e1jena p\u0159\u00edprava legislativn\u00edch zm\u011bn.<\/p>\n<p>Tiskov\u00e1 zpr\u00e1va MPSV<\/p>\n","protected":false},"excerpt":{"rendered":"<div class=\"mh-excerpt\"><p>Ministerstvo pr\u00e1ce a soci\u00e1ln\u00edch v\u011bc\u00ed reaguje na dne\u0161n\u00ed rozhodnut\u00ed okresn\u00edho soudu v \u00dast\u00ed nad Labem, kter\u00fd zam\u00edtl p\u0159edb\u011b\u017en\u00e9 opat\u0159en\u00ed na st\u011bhov\u00e1n\u00ed osmi sourozenc\u016f do d\u011btsk\u00e9ho <a class=\"mh-excerpt-more\" href=\"https:\/\/www.invarena.cz\/?p=21607\" title=\"Reakce MPSV na v\u00fdvoj situace kolem pobytu sourozenc\u016f ve \u017elutick\u00e9m \u00fastavu\">[&#8230;]<\/a><\/p>\n<\/div>","protected":false},"author":1,"featured_media":21071,"comment_status":"open","ping_status":"closed","sticky":false,"template":"","format":"standard","meta":{"footnotes":""},"categories":[7],"tags":[],"class_list":["post-21607","post","type-post","status-publish","format-standard","has-post-thumbnail","hentry","category-spolecnost"],"_links":{"self":[{"href":"https:\/\/www.invarena.cz\/index.php?rest_route=\/wp\/v2\/posts\/21607","targetHints":{"allow":["GET"]}}],"collection":[{"href":"https:\/\/www.invarena.cz\/index.php?rest_route=\/wp\/v2\/posts"}],"about":[{"href":"https:\/\/www.invarena.cz\/index.php?rest_route=\/wp\/v2\/types\/post"}],"author":[{"embeddable":true,"href":"https:\/\/www.invarena.cz\/index.php?rest_route=\/wp\/v2\/users\/1"}],"replies":[{"embeddable":true,"href":"https:\/\/www.invarena.cz\/index.php?rest_route=%2Fwp%2Fv2%2Fcomments&post=21607"}],"version-history":[{"count":0,"href":"https:\/\/www.invarena.cz\/index.php?rest_route=\/wp\/v2\/posts\/21607\/revisions"}],"wp:featuredmedia":[{"embeddable":true,"href":"https:\/\/www.invarena.cz\/index.php?rest_route=\/wp\/v2\/media\/21071"}],"wp:attachment":[{"href":"https:\/\/www.invarena.cz\/index.php?rest_route=%2Fwp%2Fv2%2Fmedia&parent=21607"}],"wp:term":[{"taxonomy":"category","embeddable":true,"href":"https:\/\/www.invarena.cz\/index.php?rest_route=%2Fwp%2Fv2%2Fcategories&post=21607"},{"taxonomy":"post_tag","embeddable":true,"href":"https:\/\/www.invarena.cz\/index.php?rest_route=%2Fwp%2Fv2%2Ftags&post=21607"}],"curies":[{"name":"wp","href":"https:\/\/api.w.org\/{rel}","templated":true}]}}