{"id":21615,"date":"2015-06-04T10:19:53","date_gmt":"2015-06-04T08:19:53","guid":{"rendered":"http:\/\/www.invarena.cz\/?p=21615"},"modified":"2015-06-04T10:19:53","modified_gmt":"2015-06-04T08:19:53","slug":"handicapovani-mohou-vyrazit-na-festival","status":"publish","type":"post","link":"https:\/\/www.invarena.cz\/?p=21615","title":{"rendered":"Handicapovan\u00ed mohou vyrazit na festival"},"content":{"rendered":"<p><strong>Pochod s Asistenc\u00ed, kter\u00fd zorganizovala Asistence o.p.s. za spolupr\u00e1ce s Nadac\u00ed Jedli\u010dkova \u00fastavu, je u\u017e p\u00e1r dn\u016f minulost\u00ed.<\/strong> <!--more--><\/p>\n<p>Praha \u2013 Zhruba dv\u011b st\u011b lid\u00ed \u0161lo ze Stromovky na Vy\u0161ehrad. Cestou \u00fa\u010dastn\u00edci pro\u0161li zaj\u00edmav\u00fdmi m\u00edsty s v\u00fdhledem na Prahu. C\u00edlem bylo pro\u017e\u00edt p\u0159\u00edjemn\u00e9 odpoledne a tak\u00e9 p\u0159\u00edtomn\u00ed si mohli zkusit doprovodit zdravotn\u011b handicapovan\u00e9ho. &#8222;V\u0161ichni, kte\u0159\u00ed do\u0161li na Vy\u0161ehrad, \u0159\u00edkali, ze to bylo skv\u011bl\u00e9. Tak\u00e9 \u0159\u00edkali, \u017ee forma asistence a pohyb na invalidn\u00edm voz\u00edku nen\u00ed v\u016fbec jednoduch\u00fd. Ur\u010dit\u011b se tak jejich n\u00e1zor v nahl\u00ed\u017een\u00ed a m\u00edn\u011bn\u00ed o lidech s handicapem posunul kup\u0159edu,&#8220; uvedl Jan Mazoch z Nadace Jedli\u010dkova \u00fastavu. Po\u0159adatel\u00e9 p\u0159ipravili v c\u00edli pro \u00fa\u010dastn\u00edky pochodu ob\u010derstven\u00ed, \u017eivou muziku a akrobatick\u00e9 p\u0159edstaven\u00ed lidi s handicapem.<\/p>\n<p>Lid\u00e9 s handicapem \u2013 voz\u00ed\u010dk\u00e1\u0159i maj\u00ed nyn\u00ed dal\u0161\u00ed mo\u017enost, jak spole\u010dn\u011b vyrazit pobavit se. P\u0159\u00edle\u017eitost nab\u00edz\u00ed bl\u00ed\u017e\u00edc\u00ed se hudebn\u00ed festival Rock for People, kter\u00fd se v Hradci Kr\u00e1lov\u00e9 uskute\u010dn\u00ed od 4. do 6. \u010dervna. &#8222;Tam se uskute\u010dn\u00ed projekt Staropramen Festivaly bez Z\u00e1bran. Smyslem je, aby lid\u00e9 s handicapem mohli akce nav\u0161t\u00edvit. Nadace Jedli\u010dkova \u00fastavu ve spolupr\u00e1ci se Staropramenem zaji\u0161\u0165uj\u00ed dopravu, a to jak dovoz, tak odvoz. V\u00fdjezd bude z are\u00e1lu Jedli\u010dkova \u00fastavu a \u0161kol dnes v 11 hodin. P\u0159\u00edpadn\u00ed z\u00e1jemci, lid\u00e9 s handicapem, se pro z\u00edsk\u00e1n\u00ed bli\u017e\u0161\u00edch informaci mohou bez obav obr\u00e1tit prost\u0159ednictv\u00edm emailu fundraising@nadaceju.cz,&#8220; dodal Jan Mazoch.<\/p>\n<p>Letos se projekt Staropramen Festivaly bez Z\u00e1bran krom\u011b festivalu Rock for People uskute\u010dn\u00ed i o t\u00fdden pozd\u011bji v Milovic\u00edch na Nymbursku na festivalu Votv\u00edr\u00e1k a 18. \u010dervence v Kadani na festivalu Rockfest Vysm\u00e1t\u00e9 l\u00e9to.<\/p>\n<p>Pra\u017esk\u00fd den\u00edk<br \/>\n<a href=\"http:\/\/www.prazsky.denik.cz\/\">http:\/\/www.prazsky.denik.cz\/<\/a><\/p>\n","protected":false},"excerpt":{"rendered":"<div class=\"mh-excerpt\"><p>Pochod s Asistenc\u00ed, kter\u00fd zorganizovala Asistence o.p.s. za spolupr\u00e1ce s Nadac\u00ed Jedli\u010dkova \u00fastavu, je u\u017e p\u00e1r dn\u016f minulost\u00ed.<\/p>\n<\/div>","protected":false},"author":1,"featured_media":14921,"comment_status":"open","ping_status":"closed","sticky":false,"template":"","format":"standard","meta":{"footnotes":""},"categories":[9],"tags":[],"class_list":["post-21615","post","type-post","status-publish","format-standard","has-post-thumbnail","hentry","category-zpravy"],"_links":{"self":[{"href":"https:\/\/www.invarena.cz\/index.php?rest_route=\/wp\/v2\/posts\/21615","targetHints":{"allow":["GET"]}}],"collection":[{"href":"https:\/\/www.invarena.cz\/index.php?rest_route=\/wp\/v2\/posts"}],"about":[{"href":"https:\/\/www.invarena.cz\/index.php?rest_route=\/wp\/v2\/types\/post"}],"author":[{"embeddable":true,"href":"https:\/\/www.invarena.cz\/index.php?rest_route=\/wp\/v2\/users\/1"}],"replies":[{"embeddable":true,"href":"https:\/\/www.invarena.cz\/index.php?rest_route=%2Fwp%2Fv2%2Fcomments&post=21615"}],"version-history":[{"count":0,"href":"https:\/\/www.invarena.cz\/index.php?rest_route=\/wp\/v2\/posts\/21615\/revisions"}],"wp:featuredmedia":[{"embeddable":true,"href":"https:\/\/www.invarena.cz\/index.php?rest_route=\/wp\/v2\/media\/14921"}],"wp:attachment":[{"href":"https:\/\/www.invarena.cz\/index.php?rest_route=%2Fwp%2Fv2%2Fmedia&parent=21615"}],"wp:term":[{"taxonomy":"category","embeddable":true,"href":"https:\/\/www.invarena.cz\/index.php?rest_route=%2Fwp%2Fv2%2Fcategories&post=21615"},{"taxonomy":"post_tag","embeddable":true,"href":"https:\/\/www.invarena.cz\/index.php?rest_route=%2Fwp%2Fv2%2Ftags&post=21615"}],"curies":[{"name":"wp","href":"https:\/\/api.w.org\/{rel}","templated":true}]}}