{"id":21625,"date":"2015-06-04T10:39:42","date_gmt":"2015-06-04T08:39:42","guid":{"rendered":"http:\/\/www.invarena.cz\/?p=21625"},"modified":"2015-06-04T10:39:42","modified_gmt":"2015-06-04T08:39:42","slug":"po-nestovicich-u-me-propukl-unavovy-syndrom-manzel-i-s-detmi-odesel","status":"publish","type":"post","link":"https:\/\/www.invarena.cz\/?p=21625","title":{"rendered":"Po ne\u0161tovic\u00edch u m\u011b propukl \u00fanavov\u00fd syndrom, man\u017eel i s d\u011btmi ode\u0161el"},"content":{"rendered":"<p><strong>P\u0159ed \u0161esti lety ve sv\u00fdch p\u011btat\u0159iceti letech jsem prod\u011blala plan\u00e9 ne\u0161tovice. Po nemoci jsem byla st\u00e1le unaven\u00e1 a l\u00e9ka\u0159i \u0159\u00edkali, \u017ee si to vym\u00fd\u0161l\u00edm a pot\u0159ebuji psychiatra. Nakonec se zjistilo, \u017ee m\u00e1m chronick\u00fd \u00fanavov\u00fd stav.<\/strong> <!--more--><\/p>\n<p>Cel\u00fd \u010dl\u00e1nek <a href=\"http:\/\/ona.idnes.cz\/muj-boj-s-nemoci-unavovy-syndrom-do9-\/zdravi.aspx?c=A150602_113500_zdravi_pet\">ZDE<\/a><\/p>\n","protected":false},"excerpt":{"rendered":"<div class=\"mh-excerpt\"><p>P\u0159ed \u0161esti lety ve sv\u00fdch p\u011btat\u0159iceti letech jsem prod\u011blala plan\u00e9 ne\u0161tovice. Po nemoci jsem byla st\u00e1le unaven\u00e1 a l\u00e9ka\u0159i \u0159\u00edkali, \u017ee si to vym\u00fd\u0161l\u00edm a <a class=\"mh-excerpt-more\" href=\"https:\/\/www.invarena.cz\/?p=21625\" title=\"Po ne\u0161tovic\u00edch u m\u011b propukl \u00fanavov\u00fd syndrom, man\u017eel i s d\u011btmi ode\u0161el\">[&#8230;]<\/a><\/p>\n<\/div>","protected":false},"author":1,"featured_media":13142,"comment_status":"open","ping_status":"closed","sticky":false,"template":"","format":"standard","meta":{"footnotes":""},"categories":[9],"tags":[],"class_list":["post-21625","post","type-post","status-publish","format-standard","has-post-thumbnail","hentry","category-zpravy"],"_links":{"self":[{"href":"https:\/\/www.invarena.cz\/index.php?rest_route=\/wp\/v2\/posts\/21625","targetHints":{"allow":["GET"]}}],"collection":[{"href":"https:\/\/www.invarena.cz\/index.php?rest_route=\/wp\/v2\/posts"}],"about":[{"href":"https:\/\/www.invarena.cz\/index.php?rest_route=\/wp\/v2\/types\/post"}],"author":[{"embeddable":true,"href":"https:\/\/www.invarena.cz\/index.php?rest_route=\/wp\/v2\/users\/1"}],"replies":[{"embeddable":true,"href":"https:\/\/www.invarena.cz\/index.php?rest_route=%2Fwp%2Fv2%2Fcomments&post=21625"}],"version-history":[{"count":0,"href":"https:\/\/www.invarena.cz\/index.php?rest_route=\/wp\/v2\/posts\/21625\/revisions"}],"wp:featuredmedia":[{"embeddable":true,"href":"https:\/\/www.invarena.cz\/index.php?rest_route=\/wp\/v2\/media\/13142"}],"wp:attachment":[{"href":"https:\/\/www.invarena.cz\/index.php?rest_route=%2Fwp%2Fv2%2Fmedia&parent=21625"}],"wp:term":[{"taxonomy":"category","embeddable":true,"href":"https:\/\/www.invarena.cz\/index.php?rest_route=%2Fwp%2Fv2%2Fcategories&post=21625"},{"taxonomy":"post_tag","embeddable":true,"href":"https:\/\/www.invarena.cz\/index.php?rest_route=%2Fwp%2Fv2%2Ftags&post=21625"}],"curies":[{"name":"wp","href":"https:\/\/api.w.org\/{rel}","templated":true}]}}