{"id":21633,"date":"2015-06-04T11:00:08","date_gmt":"2015-06-04T09:00:08","guid":{"rendered":"http:\/\/www.invarena.cz\/?p=21633"},"modified":"2015-06-04T11:00:08","modified_gmt":"2015-06-04T09:00:08","slug":"podle-prognoz-mu-zbyva-par-let-zivota","status":"publish","type":"post","link":"https:\/\/www.invarena.cz\/?p=21633","title":{"rendered":"Podle progn\u00f3z mu zb\u00fdv\u00e1 p\u00e1r let \u017eivota"},"content":{"rendered":"<p><strong>Man\u017eel\u016fm \u0160ovkoplasov\u00fdm z Votic na Bene\u0161ovsku se p\u0159ed jeden\u00e1cti lety narodil zdrav\u00fd syn Vl\u00e1\u010fa. Pak se u n\u011bj ale rozvinula nel\u00e9\u010diteln\u00e1 a smrteln\u00e1 nemoc &#8211; svalov\u00e1 dystrofie.<\/strong><!--more--><\/p>\n<p> Tv Barrandov<\/p>\n<p>Tragick\u00e1 progn\u00f3za rodinu nerozd\u011blila, jak to \u010dasto b\u00fdv\u00e1, sp\u00ed\u0161 naopak. Man\u017eel\u00e9 a jejich syn tak mohou b\u00fdt vzorem siln\u00e9 rodiny, kterou smutn\u00fd osud naopak stmelil.<\/p>\n<p>Jeden\u00e1ctilet\u00fd Vl\u00e1\u010fa u\u017e p\u016fl roku nechod\u00ed a svalov\u00e1 ochablost pomalu postupuje d\u00e1l. Podle progn\u00f3z l\u00e9ka\u0159\u016f se chlapec do\u017eije jen osmn\u00e1cti let. S diagn\u00f3zou \u017eije od t\u0159\u00ed let.<\/p>\n<p>Vladim\u00edr \u0160OVKOPLAS, otec:Je to, je to hodn\u011b siln\u00fd a hrozn\u011b to bol\u00ed. Bylo mu t\u0159i roky a te\u010f si vemte, \u017ee m\u00e1 \u017eivot p\u0159ed sebou, t\u011b\u0161\u00edte se, co bude tady, budeme jezdit na fotbaly a takov\u00fdhle, budeme chodit na ryby a ve fin\u00e1le v\u00e1m \u0159eknou, \u017ee za chvilku nebude.<\/p>\n<p>Jitka \u0160OVKOPLASOV\u00c1, matka:\u010clov\u011bk v\u00ed, \u017ee na to l\u00e9k nen\u00ed a ani mo\u017en\u00e1 t\u0159eba nebude, tak\u017ee prost\u011b to \u010dlov\u011bka opravdu jako skos\u00ed \u00fapln\u011b na zem a prost\u011b v tu chv\u00edli \u010dlov\u011bk nechce \u017e\u00edt.<\/p>\n<p>\u017divot pln\u00fd bolesti a nejistoty celou rodinu je\u0161t\u011b v\u00edce sbl\u00ed\u017eil. Otec Vladim\u00edr je v\u0161em obrovskou oporou.<\/p>\n<p>Jitka \u0160OVKOPLASOV\u00c1, :Je \u00fa\u017easnej jakoby chlap, kterej se jakoby postar\u00e1 \u00fapln\u011b senza\u010dn\u011b. Jsem r\u00e1da, \u017ee Vl\u00e1\u010fa takov\u00fdho t\u00e1tu m\u00e1.<\/p>\n<p>Rodi\u010de s Vl\u00e1\u010fou jezd\u00ed na r\u016fzn\u00e1 setk\u00e1n\u00ed s podobn\u011b handicapovan\u00fdmi d\u011btmi. Sna\u017e\u00ed se mu tak vykouzlit \u00fasm\u011bv na tv\u00e1\u0159i.<\/p>\n<p>Jitka \u0160OVKOPLASOV\u00c1, :On m\u00e1 svoje kamar\u00e1dy, kter\u00fd vid\u00ed, \u017ee jsou na tom i jakoby u\u017e h\u016f\u0159 a opravdu pro\u017e\u00edvaj kluci hodn\u011b dobr\u00fd v\u011bci, kter\u00fd norm\u00e1ln\u011b zdrav\u00fd d\u011bti neza\u017eijou.<\/p>\n<p>Oba man\u017eel\u00e9 mus\u00ed chodit do pr\u00e1ce, aby pro syna mohli kupovat speci\u00e1ln\u00ed rehabilita\u010dn\u00ed pom\u016fcky, v\u00fd\u017eivu i pot\u0159ebn\u00e9 l\u00e9ky. \u017dena pom\u00e1h\u00e1 ve \u0161koln\u00ed j\u00eddeln\u011b a otec pracuje jako dispe\u010der. I tak ale nemaj\u00ed pen\u011bz nazbyt. Tady na prknech Divadla Semafor prob\u011bhne charitativn\u00ed koncert, kter\u00fd po\u0159\u00e1d\u00e1 Dagmar Z\u00e1zv\u016frkov\u00e1. V\u0161ichni pevn\u011b v\u011b\u0159\u00ed a doufaj\u00ed, \u017ee se pro Vl\u00e1d\u00edka poda\u0159\u00ed sehnat dostatek prost\u0159edk\u016f k tomu, aby mu rodi\u010de mohli po\u0159\u00eddit nov\u00fd invalidn\u00ed voz\u00edk. Oporou Vl\u00e1\u010fovi i jeho rodi\u010d\u016fm jsou jeho kamar\u00e1di, ale tak\u00e9 t\u0159\u00eddn\u00ed u\u010ditelka z\u00e1kladn\u00ed \u0161koly.<\/p>\n<p>Blanka N\u011aME\u010cKOV\u00c1, u\u010ditelka Z\u00e1kladn\u00ed \u0161koly Votice:  Vl\u00e1d\u00edk je takov\u00fd slun\u00ed\u010dko t\u0159\u00eddy bych \u0159ekla, to posti\u017een\u00ed mu bere dost sil.<\/p>\n<p>Snem v\u0161ech je, aby se v medic\u00edn\u011b objevila l\u00e9\u010dba na chlapcovu nemoc. Ta pr\u016fm\u011brn\u011b postihuje zhruba jednoho novorozence z t\u0159\u00ed a p\u016fl tis\u00edc. <\/p>\n<p> Tv Barrandov<\/p>\n","protected":false},"excerpt":{"rendered":"<div class=\"mh-excerpt\"><p>Man\u017eel\u016fm \u0160ovkoplasov\u00fdm z Votic na Bene\u0161ovsku se p\u0159ed jeden\u00e1cti lety narodil zdrav\u00fd syn Vl\u00e1\u010fa. Pak se u n\u011bj ale rozvinula nel\u00e9\u010diteln\u00e1 a smrteln\u00e1 nemoc &#8211; <a class=\"mh-excerpt-more\" href=\"https:\/\/www.invarena.cz\/?p=21633\" title=\"Podle progn\u00f3z mu zb\u00fdv\u00e1 p\u00e1r let \u017eivota\">[&#8230;]<\/a><\/p>\n<\/div>","protected":false},"author":1,"featured_media":0,"comment_status":"open","ping_status":"closed","sticky":false,"template":"","format":"standard","meta":{"footnotes":""},"categories":[9],"tags":[],"class_list":["post-21633","post","type-post","status-publish","format-standard","hentry","category-zpravy"],"_links":{"self":[{"href":"https:\/\/www.invarena.cz\/index.php?rest_route=\/wp\/v2\/posts\/21633","targetHints":{"allow":["GET"]}}],"collection":[{"href":"https:\/\/www.invarena.cz\/index.php?rest_route=\/wp\/v2\/posts"}],"about":[{"href":"https:\/\/www.invarena.cz\/index.php?rest_route=\/wp\/v2\/types\/post"}],"author":[{"embeddable":true,"href":"https:\/\/www.invarena.cz\/index.php?rest_route=\/wp\/v2\/users\/1"}],"replies":[{"embeddable":true,"href":"https:\/\/www.invarena.cz\/index.php?rest_route=%2Fwp%2Fv2%2Fcomments&post=21633"}],"version-history":[{"count":0,"href":"https:\/\/www.invarena.cz\/index.php?rest_route=\/wp\/v2\/posts\/21633\/revisions"}],"wp:attachment":[{"href":"https:\/\/www.invarena.cz\/index.php?rest_route=%2Fwp%2Fv2%2Fmedia&parent=21633"}],"wp:term":[{"taxonomy":"category","embeddable":true,"href":"https:\/\/www.invarena.cz\/index.php?rest_route=%2Fwp%2Fv2%2Fcategories&post=21633"},{"taxonomy":"post_tag","embeddable":true,"href":"https:\/\/www.invarena.cz\/index.php?rest_route=%2Fwp%2Fv2%2Ftags&post=21633"}],"curies":[{"name":"wp","href":"https:\/\/api.w.org\/{rel}","templated":true}]}}