{"id":21653,"date":"2015-06-06T09:42:24","date_gmt":"2015-06-06T07:42:24","guid":{"rendered":"http:\/\/www.invarena.cz\/?p=21653"},"modified":"2015-06-06T09:42:24","modified_gmt":"2015-06-06T07:42:24","slug":"nevidoma-kuzelkarka-privezla-z-mistrovstvi-sveta-tri-stribrne","status":"publish","type":"post","link":"https:\/\/www.invarena.cz\/?p=21653","title":{"rendered":"Nevidom\u00e1 ku\u017eelk\u00e1\u0159ka p\u0159ivezla z mistrovstv\u00ed sv\u011bta t\u0159i st\u0159\u00edbrn\u00e9"},"content":{"rendered":"<p><strong>T\u0159i st\u0159\u00edbrn\u00e9 medaile ze 3. mistrovstv\u00ed sv\u011bta zrakov\u011b posti\u017een\u00fdch ku\u017eelk\u00e1\u0159\u016f si o posledn\u00edm kv\u011btnov\u00e9m v\u00edkendu p\u0159ivezla ze slovensk\u00fdch Rakovic osmat\u0159icetilet\u00e1 Daniela Hlad\u00edkov\u00e1 z Doln\u00edho N\u011bm\u010d\u00ed. <\/strong><br \/>\n<!--more--><\/p>\n<p>St\u0159\u00edbro brala jak za celkov\u00e9 um\u00edst\u011bn\u00ed v kategorii, tak za druh\u00fd nejlep\u0161\u00ed v\u00fdkon ve fin\u00e1lov\u00e9 \u010d\u00e1sti sout\u011b\u017ee i za v\u00fdkon dru\u017estev, o n\u011bj\u017e se p\u0159i\u010dinila cel\u00e1 t\u0159\u00ed\u010dlenn\u00e1 reprezenta\u010dn\u00ed v\u00fdprava \u010cesk\u00e9 republiky. Daniela Hlad\u00edkov\u00e1 sice na Slovensku neobh\u00e1jila titul mistryn\u011b sv\u011bta z minul\u00e9ho \u0161ampion\u00e1tu v roce 2011 v Sarajevu, kde porazila svou velkou konkurentku, Chorvatku Petru De\u0161a, ale s t\u0159emi st\u0159\u00edbrn\u00fdmi kovy se stala nej\u00fasp\u011b\u0161n\u011bj\u0161\u00edm \u010dlenem na\u0161\u00ed reprezenta\u010dn\u00ed v\u00fdpravy.<br \/>\n&#8222;I kdy\u017e zisk jak\u00fdchkoliv medail\u00ed na mistrovstv\u00ed sv\u011bta je jedine\u010dn\u00e1 ud\u00e1lost, p\u0159inejmen\u0161\u00edm stejnou radost m\u00e1m z leto\u0161n\u00edch v\u00fdsledk\u016f. Loni jsem absolvovala onkologickou l\u00e9\u010dbu, a tak byl n\u00e1stup k hran\u00ed ku\u017eelek samoz\u0159ejm\u011b pomal\u00fd, jednak kv\u016fli v\u00fdpadku v tr\u00e9ninku, jednak i kv\u016fli zhor\u0161en\u00e9 kondici,&#8220; vysv\u011btluje Daniela Hlad\u00edkov\u00e1 s t\u00edm, \u017ee na \u0161ampion\u00e1t jela proto nejist\u00e1. Jej\u00ed v\u00fdkony p\u0159ed n\u00edm byly sice dobr\u00e9, ale nevyrovnan\u00e9.<br \/>\n&#8222;Dala jsem si za c\u00edl hru \u00fapln\u011b nezkazit, a kdy\u017e to p\u016fjde, dostat se do fin\u00e1le,&#8220; dopl\u0148uje \u00fasp\u011b\u0161n\u00e1 ku\u017eelk\u00e1\u0159ka a maminka dev\u00edtilet\u00e9ho synka Ladislava. Mo\u017enosti \u010desk\u00e9 v\u00fdpravy byly p\u0159itom t\u00e9m\u011b\u0159 do posledn\u00ed chv\u00edle nejist\u00e9, proto\u017ee \u010cesk\u00fd svaz zrakov\u011b posti\u017een\u00fdch sportovc\u016f ku\u017eelk\u00e1\u0159sk\u00e9 sout\u011b\u017ee finan\u010dn\u011b nepodporuje. &#8222;Nakonec se poda\u0159ilo z\u00edskat pen\u00edze, kter\u00e9 n\u00e1m umo\u017enily sestavit alespo\u0148 kompletn\u00ed dru\u017estvo \u017een a t\u00e9to v\u00fdznamn\u00e9 sout\u011b\u017ee se z\u00fa\u010dastnit. Na Slovensko jsme tedy jeli v sestav\u011b Ivana Vlachov\u00e1 (slabozrac\u00ed), Anna Paulusov\u00e1 (se zbytky zraku) a Daniela Hlad\u00edkov\u00e1 (nevidom\u00ed). Doprovodili n\u00e1s tren\u00e9\u0159i, Jaroslav Kom\u00e1rek a Zden\u011bk Paulus,&#8220; vypo\u010d\u00edt\u00e1v\u00e1 Daniela Hlad\u00edkov\u00e1.<br \/>\nNakonec vynesly skv\u011bl\u00e9 v\u00fdkony cel\u00e9ho reprezenta\u010dn\u00edho t\u00fdmu \u010cR druh\u00e9 m\u00edsto v sout\u011b\u017ei dru\u017estev. P\u0159edb\u011bhly jej pouze favorizovan\u00e9 Chorvatky. Bronzovou p\u0159\u00ed\u010dku obsadily Rumunky. O dal\u0161\u00ed dv\u011b st\u0159\u00edbra se postarala Daniela Hlad\u00edkov\u00e1. T\u00e9 v Rakovic\u00edch oplatila por\u00e1\u017eku ze Sarajeva pr\u00e1v\u011b Chorvatka Petra De\u0161a. T\u0159et\u00ed skon\u010dila Polka Regina Szczypiorsk\u00e1.<br \/>\n&#8222;Nejv\u011bt\u0161\u00ed v\u00fdznam p\u0159ikl\u00e1d\u00e1m um\u00edst\u011bn\u00ed v sout\u011b\u017ei dru\u017estev, kde se nejv\u00edce projev\u00ed \u00farove\u0148 cel\u00e9ho t\u00fdmu a z\u00e1le\u017e\u00ed na tom, aby v\u0161ichni hr\u00e1\u010di p\u0159edvedli hru velmi vysok\u00e9 kvality. A to se poda\u0159ilo n\u00e1m v\u0161em, samoz\u0159ejm\u011b tak\u00e9 ale d\u00edky vynikaj\u00edc\u00edm tren\u00e9r\u016fm, kte\u0159\u00ed maj\u00ed na v\u00fdkonech hr\u00e1\u010d\u016f v\u00fdznamn\u00fd pod\u00edl. Jejich pr\u00e1ce si velmi cen\u00edme,&#8220; \u0159ekla z\u00e1v\u011brem Daniela Hlad\u00edkov\u00e1.<\/p>\n<p>PAVEL BOHUN<br \/>\nSlov\u00e1ck\u00e9 noviny \u2013 t\u00fdden\u00edk<\/p>\n","protected":false},"excerpt":{"rendered":"<div class=\"mh-excerpt\"><p>T\u0159i st\u0159\u00edbrn\u00e9 medaile ze 3. mistrovstv\u00ed sv\u011bta zrakov\u011b posti\u017een\u00fdch ku\u017eelk\u00e1\u0159\u016f si o posledn\u00edm kv\u011btnov\u00e9m v\u00edkendu p\u0159ivezla ze slovensk\u00fdch Rakovic osmat\u0159icetilet\u00e1 Daniela Hlad\u00edkov\u00e1 z Doln\u00edho N\u011bm\u010d\u00ed.<\/p>\n<\/div>","protected":false},"author":1,"featured_media":19103,"comment_status":"open","ping_status":"closed","sticky":false,"template":"","format":"standard","meta":{"footnotes":""},"categories":[9],"tags":[],"class_list":["post-21653","post","type-post","status-publish","format-standard","has-post-thumbnail","hentry","category-zpravy"],"_links":{"self":[{"href":"https:\/\/www.invarena.cz\/index.php?rest_route=\/wp\/v2\/posts\/21653","targetHints":{"allow":["GET"]}}],"collection":[{"href":"https:\/\/www.invarena.cz\/index.php?rest_route=\/wp\/v2\/posts"}],"about":[{"href":"https:\/\/www.invarena.cz\/index.php?rest_route=\/wp\/v2\/types\/post"}],"author":[{"embeddable":true,"href":"https:\/\/www.invarena.cz\/index.php?rest_route=\/wp\/v2\/users\/1"}],"replies":[{"embeddable":true,"href":"https:\/\/www.invarena.cz\/index.php?rest_route=%2Fwp%2Fv2%2Fcomments&post=21653"}],"version-history":[{"count":0,"href":"https:\/\/www.invarena.cz\/index.php?rest_route=\/wp\/v2\/posts\/21653\/revisions"}],"wp:featuredmedia":[{"embeddable":true,"href":"https:\/\/www.invarena.cz\/index.php?rest_route=\/wp\/v2\/media\/19103"}],"wp:attachment":[{"href":"https:\/\/www.invarena.cz\/index.php?rest_route=%2Fwp%2Fv2%2Fmedia&parent=21653"}],"wp:term":[{"taxonomy":"category","embeddable":true,"href":"https:\/\/www.invarena.cz\/index.php?rest_route=%2Fwp%2Fv2%2Fcategories&post=21653"},{"taxonomy":"post_tag","embeddable":true,"href":"https:\/\/www.invarena.cz\/index.php?rest_route=%2Fwp%2Fv2%2Ftags&post=21653"}],"curies":[{"name":"wp","href":"https:\/\/api.w.org\/{rel}","templated":true}]}}