{"id":21679,"date":"2015-06-15T10:09:20","date_gmt":"2015-06-15T08:09:20","guid":{"rendered":"http:\/\/www.invarena.cz\/?p=21679"},"modified":"2015-06-16T08:21:13","modified_gmt":"2015-06-16T06:21:13","slug":"mpsv-system-vyplaty-socialnich-davek-neni-ohrozen","status":"publish","type":"post","link":"https:\/\/www.invarena.cz\/?p=21679","title":{"rendered":"MPSV: Syst\u00e9m v\u00fdplaty soci\u00e1ln\u00edch d\u00e1vek nen\u00ed ohro\u017een"},"content":{"rendered":"<p><strong>Ministerstvo pr\u00e1ce a soci\u00e1ln\u00edch v\u011bc\u00ed se ohrazuje proti tvrzen\u00edm z \u010dl\u00e1nk\u016f v MfD a tvrd\u00ed, \u017ee syst\u00e9m v\u00fdplaty soci\u00e1ln\u00edch d\u00e1vek nen\u00ed ohro\u017een sporem se spole\u010dnost\u00ed Gordic. MPSV se s firmou soud\u00ed. Z\u00edskala toti\u017e za Dr\u00e1bka zak\u00e1zku nez\u00e1konn\u011b.<\/strong><br \/>\n<!--more--><\/p>\n<p>A\u010dkoliv MPSV v\u00fdslovn\u011b ve sv\u00fdch odpov\u011bd\u00edch den\u00edku MfD uvedlo, \u017ee syst\u00e9m Gordic nen\u00ed pro v\u00fdplatu soci\u00e1ln\u00edch d\u00e1vek rozhoduj\u00edc\u00ed, proto\u017ee k tomu je vyu\u017e\u00edv\u00e1n syst\u00e9m ozna\u010dovan\u00fd jako JVM na platform\u011b SAP.<\/p>\n<p>V\u00fdplata d\u00e1vek prob\u00edhala bez probl\u00e9m\u016f i p\u0159ed implementac\u00ed syst\u00e9mu Gordic, syst\u00e9m JVM je provozov\u00e1n nep\u0159etr\u017eit\u011b na t\u00e9to platform\u011b ji\u017e v\u00edce jak t\u0159i roky. Ministerstvo \u010din\u00ed v\u0161echny kroky prim\u00e1rn\u011b s ohledem na \u0159\u00e1dn\u00e9 a bezprobl\u00e9mov\u00e9 fungov\u00e1n\u00ed v\u00fdplaty soci\u00e1ln\u00edch d\u00e1vek, \u017e\u00e1dn\u00fd kolaps nehroz\u00ed.<\/p>\n<p>\u201eMPSV dnes \u0159e\u0161\u00ed situaci se spole\u010dnost\u00ed Gordic, kterou zd\u011bdilo po p\u0159edchoz\u00edm veden\u00ed, a sna\u017e\u00ed se v souladu se z\u00e1konem odstranit n\u00e1sledky nez\u00e1konn\u00e9ho zad\u00e1n\u00ed ve\u0159ejn\u00e9 zak\u00e1zky t\u00e9to spole\u010dnosti,\u201c vysv\u011btlila ministryn\u011b pr\u00e1ce a soci\u00e1ln\u00edch v\u011bc\u00ed Michaela Marksov\u00e1.<\/p>\n<p>Dlouhodob\u011b nelze \u0159e\u0161it budov\u00e1n\u00ed ekonomick\u00e9ho informa\u010dn\u00edho syst\u00e9mu MPSV na tom, co bylo p\u016fvodn\u011b popt\u00e1no jako do\u010dasn\u00e9 p\u0159eklenovac\u00ed \u0159e\u0161en\u00ed, nav\u00edc za podez\u0159el\u00fdch a pro ministerstvo nev\u00fdhodn\u00fdch okolnost\u00ed, a v rozporu se z\u00e1konem o ve\u0159ejn\u00fdch zak\u00e1zk\u00e1ch.<\/p>\n<p>Opatrn\u00fd postup MPSV tak nelze ch\u00e1pat jako absenci \u0159\u00e1dn\u00e9 p\u00e9\u010de. \u201eV \u010dl\u00e1nku je opom\u00edjen fakt, \u017ee okolnosti uzav\u0159en\u00ed smlouvy se spole\u010dnost\u00ed Gordic jsou p\u0159edm\u011btem p\u0159ezkumu jak \u00da\u0159adem pro ochranu hospod\u00e1\u0159sk\u00e9 sout\u011b\u017ee, tak org\u00e1ny \u010dinn\u00fdmi v trestn\u00edm \u0159\u00edzen\u00ed, p\u0159i\u010dem\u017e \u00daOHS ji\u017e v prvn\u00edm stupni konstatoval, \u017ee smlouva se spole\u010dnost\u00ed Gordic byla uzav\u0159ena v rozporu se z\u00e1konem,\u201c doplnila ministryn\u011b.<\/p>\n<p>MPSV d\u00e1le dopl\u0148uje, \u017ee v \u010dl\u00e1nku zmi\u0148ovan\u00fd rozsudek soudu ve prosp\u011bch spole\u010dnosti Gordic nen\u00ed pravomocn\u00fd. MPSV podalo v\u010das odvol\u00e1n\u00ed a o\u010dek\u00e1v\u00e1 jeho zru\u0161en\u00ed. Samotn\u00fd rozsudek, i pokud by byl pravomocn\u00fd, by s sebou nep\u0159inesl \u017e\u00e1dn\u00e9 pen\u00e1le, kter\u00e9 je zmi\u0148ov\u00e1no v \u010dl\u00e1nku, pouze povinnost podepsat akcepta\u010dn\u00ed protokol t\u0159et\u00ed etapy implementace syst\u00e9mu GINIS prov\u00e1d\u011bn\u00e9 spole\u010dnost\u00ed Gordic.<\/p>\n<p>\u0158\u00e1dn\u00e9 pln\u011bn\u00ed spole\u010dnosti Gordic, kter\u00e9 je p\u0159edm\u011btem sporu, m\u011blo b\u00fdt podle \u010dl\u00e1nku potvrzeno ze strany MPSV podpisem p\u0159ed\u00e1vac\u00edho protokolu ze dne 28. \u00fanora 2015. MPSV dlouhodob\u011b rozporuje datum, kdy byl syst\u00e9m dokon\u010den, nebo\u0165 je\u0161t\u011b v \u010dervenci 2014 vykazoval vady, kter\u00e9 br\u00e1nily akceptaci, co\u017e potvrzuje i znaleck\u00fd posudek, kter\u00fd si MPSV nechalo vypracovat. Pr\u00e1v\u011b povinnost MPSV podepsat akcepta\u010dn\u00ed protokol byla p\u0159edm\u011btem sporu se spole\u010dnost\u00ed Gordic.<\/p>\n<p>MPSV zva\u017euje v\u0161echny mo\u017enosti k zaji\u0161t\u011bn\u00ed p\u0159edm\u011btn\u00fdch agend. Mezi n\u011b pat\u0159\u00ed i vyu\u017eit\u00ed licenc\u00ed k syst\u00e9mu SAP, kter\u00fd a\u017e do roku 2013 ministerstvo vyu\u017e\u00edvalo a disponuje tak bez omezen\u00ed opr\u00e1vn\u011bn\u00edm k u\u017eit\u00ed tohoto informa\u010dn\u00edho syst\u00e9mu. \u201eDementujeme tvrzen\u00ed, \u017ee bychom snad zam\u00fd\u0161leli zadat jakoukoliv zak\u00e1zku p\u0159\u00edmo spole\u010dnosti SAP. Realizujeme ve\u0159ejn\u00e9 zak\u00e1zky transparentn\u011b tak, aby byl dodr\u017een z\u00e1kon, a hodl\u00e1me v tomto postupu pokra\u010dovat,\u201c uvedl n\u00e1m\u011bstek pro IT Robert Baxa.<\/p>\n<p>MF DNES cituje Olega Bla\u0161ka, kter\u00fd za sv\u00e9ho p\u016fsoben\u00ed v rezortu MPSV rozhodl o uzav\u0159en\u00ed smlouvy se spole\u010dnost\u00ed Gordic prost\u0159ednictv\u00edm Jednac\u00edho \u0159\u00edzen\u00ed bez uve\u0159ejn\u011bn\u00ed, co\u017e dle rozhodnut\u00ed \u00da\u0159adu pro ochranu hospod\u00e1\u0159sk\u00e9 sout\u011b\u017ee bylo zjevn\u011b v rozporu se z\u00e1konem o ve\u0159ejn\u00fdch zak\u00e1zk\u00e1ch.<\/p>\n<p>Z\u00e1v\u011brem se MPSV ohrazuje proti srovn\u00e1v\u00e1n\u00ed aktu\u00e1ln\u00edho stavu se situac\u00ed za ministra Dr\u00e1bka. Je velik\u00fd rozd\u00edl mezi vyu\u017eit\u00edm r\u00e1mcov\u00e9 smlouvy na n\u00e1kup licenc\u00ed softwaru Microsoft pro vytvo\u0159en\u00ed nov\u00e9ho rozs\u00e1hl\u00e9ho informa\u010dn\u00edho syst\u00e9mu v rozporu s pr\u00e1vem a vyu\u017eit\u00edm ji\u017e v minulosti po\u0159\u00edzen\u00e9ho a zaplacen\u00e9ho informa\u010dn\u00edho syst\u00e9mu. Sou\u010dasn\u00e9 veden\u00ed ministerstva postupuje v\u017edy v souladu s pr\u00e1vn\u00edmi p\u0159edpisy \u010cesk\u00e9 republiky, zejm\u00e9na se z\u00e1konem \u010d. 137\/2006 Sb., o ve\u0159ejn\u00fdch zak\u00e1zk\u00e1ch, co\u017e pr\u00e1v\u011b za doby ministra Dr\u00e1bka neprob\u00edhalo.<\/p>\n<p>MPSV respektuje svobodu tisku, apeluje v\u0161ak na uve\u0159ej\u0148ov\u00e1n\u00ed pravdiv\u00fdch a objektivn\u00edch informac\u00ed.<\/p>\n<p>Petr Hab\u00e1\u0148<br \/>\ntiskov\u00fd mluv\u010d\u00ed MPSV<\/p>\n","protected":false},"excerpt":{"rendered":"<div class=\"mh-excerpt\"><p>Ministerstvo pr\u00e1ce a soci\u00e1ln\u00edch v\u011bc\u00ed se ohrazuje proti tvrzen\u00edm z \u010dl\u00e1nk\u016f v MfD a tvrd\u00ed, \u017ee syst\u00e9m v\u00fdplaty soci\u00e1ln\u00edch d\u00e1vek nen\u00ed ohro\u017een sporem se spole\u010dnost\u00ed <a class=\"mh-excerpt-more\" href=\"https:\/\/www.invarena.cz\/?p=21679\" title=\"MPSV: Syst\u00e9m v\u00fdplaty soci\u00e1ln\u00edch d\u00e1vek nen\u00ed ohro\u017een\">[&#8230;]<\/a><\/p>\n<\/div>","protected":false},"author":1,"featured_media":14065,"comment_status":"open","ping_status":"closed","sticky":false,"template":"","format":"standard","meta":{"footnotes":""},"categories":[7],"tags":[],"class_list":["post-21679","post","type-post","status-publish","format-standard","has-post-thumbnail","hentry","category-spolecnost"],"_links":{"self":[{"href":"https:\/\/www.invarena.cz\/index.php?rest_route=\/wp\/v2\/posts\/21679","targetHints":{"allow":["GET"]}}],"collection":[{"href":"https:\/\/www.invarena.cz\/index.php?rest_route=\/wp\/v2\/posts"}],"about":[{"href":"https:\/\/www.invarena.cz\/index.php?rest_route=\/wp\/v2\/types\/post"}],"author":[{"embeddable":true,"href":"https:\/\/www.invarena.cz\/index.php?rest_route=\/wp\/v2\/users\/1"}],"replies":[{"embeddable":true,"href":"https:\/\/www.invarena.cz\/index.php?rest_route=%2Fwp%2Fv2%2Fcomments&post=21679"}],"version-history":[{"count":0,"href":"https:\/\/www.invarena.cz\/index.php?rest_route=\/wp\/v2\/posts\/21679\/revisions"}],"wp:featuredmedia":[{"embeddable":true,"href":"https:\/\/www.invarena.cz\/index.php?rest_route=\/wp\/v2\/media\/14065"}],"wp:attachment":[{"href":"https:\/\/www.invarena.cz\/index.php?rest_route=%2Fwp%2Fv2%2Fmedia&parent=21679"}],"wp:term":[{"taxonomy":"category","embeddable":true,"href":"https:\/\/www.invarena.cz\/index.php?rest_route=%2Fwp%2Fv2%2Fcategories&post=21679"},{"taxonomy":"post_tag","embeddable":true,"href":"https:\/\/www.invarena.cz\/index.php?rest_route=%2Fwp%2Fv2%2Ftags&post=21679"}],"curies":[{"name":"wp","href":"https:\/\/api.w.org\/{rel}","templated":true}]}}