{"id":21713,"date":"2015-06-13T15:10:40","date_gmt":"2015-06-13T13:10:40","guid":{"rendered":"http:\/\/www.invarena.cz\/?p=21713"},"modified":"2015-06-13T15:10:40","modified_gmt":"2015-06-13T13:10:40","slug":"sbirka-zaplati-chlapci-asistenta","status":"publish","type":"post","link":"https:\/\/www.invarena.cz\/?p=21713","title":{"rendered":"Sb\u00edrka zaplat\u00ed chlapci asistenta"},"content":{"rendered":"<p><strong>Co je to vz\u00e1jemn\u00e1 podpora, se tentokr\u00e1t mohou nau\u010dit dosp\u011bl\u00ed od d\u011bt\u00ed. Pen\u00edze z ve\u0159ejn\u00e9 sb\u00edrky u p\u0159\u00edle\u017eitosti D\u011btsk\u00e9ho baz\u00e1rku dostane mal\u00fd Pavel, prv\u0148\u00e1k ze z\u00e1kladn\u00ed \u0161koly Bohuslava Martin\u016f v Hodon\u00edn\u011b.<\/strong> <!--more--><\/p>\n<p>Je mu sedm let, trp\u00ed autismem a m\u00e1 probl\u00e9my s \u0159e\u010d\u00ed. Bez pomoci se neobejde. &#8222;Pavl\u00edkova rodina m\u00e1 je\u0161t\u011b jednoho posti\u017een\u00e9ho chlape\u010dka, a pro jejich maminku je toho te\u010f v\u00e1\u017en\u011b hodn\u011b,&#8220; \u0159ekla vedouc\u00ed Odboru soci\u00e1ln\u00edch slu\u017eeb v Hodon\u00edn\u011b Michaela Klep\u00e1\u010dov\u00e1, kter\u00e1 sb\u00edrku po\u0159\u00e1d\u00e1.<br \/>\nNa pomoci pro chlapce se domluvila s Osobn\u00ed asistenc\u00ed centra pro rodinu a D\u011btsk\u00fdm rehabilita\u010dn\u00edm stacion\u00e1\u0159em Vla\u0161tovka. D\u011btsk\u00fd baz\u00e1rek se bude konat v p\u00e1tek \u0161estadvac\u00e1t\u00e9ho \u010dervna na prostranstv\u00ed p\u0159ed zimn\u00edm stadionem v Hodon\u00edn\u011b. D\u011bti si takto mohou vz\u00e1jemn\u011b vym\u011bnit nebo darovat sv\u00e9 hra\u010dky. &#8222;V parku um\u00edst\u00edme kasi\u010dku. Kdo v\u011bnuje alespo\u0148 dvacet korun, dostane raz\u00edtko. Kdo jich nasb\u00edr\u00e1 nejv\u00edc, z\u00edsk\u00e1 od m\u011bsta hlavn\u00ed cenu. D\u00e1le budou p\u0159ipraven\u00e9 drobn\u011bj\u0161\u00ed odm\u011bny, jako l\u00edz\u00e1tka nebo t\u0159eba tu\u017eky,&#8220; prozradila Klep\u00e1\u010dov\u00e1.<br \/>\nNa konci akce po\u0159adatel\u00e9 kasi\u010dku otev\u0159ou a v \u0161est hodin ve\u010der vyhl\u00e1s\u00ed vybranou \u010d\u00e1stku. &#8222;S rodi\u010di chlapce jsme se domluvili na tom, co pot\u0159ebuj\u00ed nejv\u00edce. Za pen\u00edze, kter\u00e9 d\u00e1rci ve ve\u0159ejn\u00e9 sb\u00edrce odevzdaj\u00ed, zaplat\u00ed asistenta pro sv\u00e9ho syna,&#8220; dodala Klep\u00e1\u010dov\u00e1. Posl\u00e1n\u00edm osobn\u00ed asistence je pomoci rodin\u00e1m, kter\u00e9 pe\u010duj\u00ed o d\u00edt\u011b se zdravotn\u00edm hendikepem.<\/p>\n<p>Hodon\u00ednsk\u00fd den\u00edk<br \/>\nhttp:\/\/hodoninsky.denik.cz\/<\/p>\n","protected":false},"excerpt":{"rendered":"<div class=\"mh-excerpt\"><p>Co je to vz\u00e1jemn\u00e1 podpora, se tentokr\u00e1t mohou nau\u010dit dosp\u011bl\u00ed od d\u011bt\u00ed. Pen\u00edze z ve\u0159ejn\u00e9 sb\u00edrky u p\u0159\u00edle\u017eitosti D\u011btsk\u00e9ho baz\u00e1rku dostane mal\u00fd Pavel, prv\u0148\u00e1k ze <a class=\"mh-excerpt-more\" href=\"https:\/\/www.invarena.cz\/?p=21713\" title=\"Sb\u00edrka zaplat\u00ed chlapci asistenta\">[&#8230;]<\/a><\/p>\n<\/div>","protected":false},"author":1,"featured_media":0,"comment_status":"open","ping_status":"closed","sticky":false,"template":"","format":"standard","meta":{"footnotes":""},"categories":[9],"tags":[],"class_list":["post-21713","post","type-post","status-publish","format-standard","hentry","category-zpravy"],"_links":{"self":[{"href":"https:\/\/www.invarena.cz\/index.php?rest_route=\/wp\/v2\/posts\/21713","targetHints":{"allow":["GET"]}}],"collection":[{"href":"https:\/\/www.invarena.cz\/index.php?rest_route=\/wp\/v2\/posts"}],"about":[{"href":"https:\/\/www.invarena.cz\/index.php?rest_route=\/wp\/v2\/types\/post"}],"author":[{"embeddable":true,"href":"https:\/\/www.invarena.cz\/index.php?rest_route=\/wp\/v2\/users\/1"}],"replies":[{"embeddable":true,"href":"https:\/\/www.invarena.cz\/index.php?rest_route=%2Fwp%2Fv2%2Fcomments&post=21713"}],"version-history":[{"count":0,"href":"https:\/\/www.invarena.cz\/index.php?rest_route=\/wp\/v2\/posts\/21713\/revisions"}],"wp:attachment":[{"href":"https:\/\/www.invarena.cz\/index.php?rest_route=%2Fwp%2Fv2%2Fmedia&parent=21713"}],"wp:term":[{"taxonomy":"category","embeddable":true,"href":"https:\/\/www.invarena.cz\/index.php?rest_route=%2Fwp%2Fv2%2Fcategories&post=21713"},{"taxonomy":"post_tag","embeddable":true,"href":"https:\/\/www.invarena.cz\/index.php?rest_route=%2Fwp%2Fv2%2Ftags&post=21713"}],"curies":[{"name":"wp","href":"https:\/\/api.w.org\/{rel}","templated":true}]}}