{"id":21743,"date":"2015-06-16T08:18:40","date_gmt":"2015-06-16T06:18:40","guid":{"rendered":"http:\/\/www.invarena.cz\/?p=21743"},"modified":"2015-06-16T08:18:40","modified_gmt":"2015-06-16T06:18:40","slug":"musi-mi-po-pracovnim-urazu-zamestnavatel-doplacet-plat","status":"publish","type":"post","link":"https:\/\/www.invarena.cz\/?p=21743","title":{"rendered":"Mus\u00ed mi po pracovn\u00edm \u00farazu zam\u011bstnavatel dopl\u00e1cet plat?"},"content":{"rendered":"<p><strong>Dotaz: M\u011bl jsem pracovn\u00ed \u00faraz a dostal jsem invalidn\u00ed d\u016fchod 3. stupn\u011b. Mus\u00ed mi zam\u011bstnavatel dopl\u00e1cet d\u016fchod do v\u00fd\u0161e m\u00e9ho platu p\u0159ed \u00farazem a nebo nemus\u00ed?<\/strong><br \/>\n<!--more-->ilustra\u010dn\u00ed foto: LeoSynapse \/ sxc.hu<br \/>\n<strong>Odpov\u011b\u010f:<\/strong><br \/>\nPokud jste m\u011bl pracovn\u00ed \u00faraz, kv\u016fli kter\u00e9mu jste p\u0159i\u0161el o mo\u017enost pracovat na p\u016fvodn\u00ed pracovn\u00ed pozici a za p\u016fvodn\u00ed finan\u010dn\u00ed ohodnocen\u00ed, je V\u00e1m zam\u011bstnavatel povinen plat dopl\u00e1cet.<\/p>\n<p>Pokud jste zcela p\u0159i\u0161el o schopnost pracovat a pob\u00edr\u00e1te pouze invalidn\u00ed d\u016fchod, mus\u00ed V\u00e1m dopl\u00e1cet finan\u010dn\u00ed rozd\u00edl mezi v\u00fd\u0161\u00ed pr\u016fm\u011brn\u00e9ho platu, kter\u00fd jste dost\u00e1val p\u0159ed \u00farazem a v\u00fd\u0161\u00ed invalidn\u00edho d\u016fchodu.<\/p>\n<p>Pokud jste schopen i nad\u00e1le chodit do zam\u011bstn\u00e1n\u00ed, p\u0159i\u010dte se k invalidn\u00edmu d\u016fchodu je\u0161t\u011b V\u00e1\u0161 sou\u010dasn\u00fd p\u0159\u00edjem a zam\u011bstnavatel V\u00e1m n\u00e1sledn\u011b mus\u00ed vypl\u00e1cet rozd\u00edl mezi t\u00edmto sou\u010dtem a v\u00fd\u0161\u00ed p\u016fvodn\u00edho pr\u016fm\u011brn\u00e9ho p\u0159\u00edjmu.<\/p>\n<p>Ji\u0159\u00ed Marek<br \/>\ninvArena<\/p>\n","protected":false},"excerpt":{"rendered":"<div class=\"mh-excerpt\"><p>Dotaz: M\u011bl jsem pracovn\u00ed \u00faraz a dostal jsem invalidn\u00ed d\u016fchod 3. stupn\u011b. Mus\u00ed mi zam\u011bstnavatel dopl\u00e1cet d\u016fchod do v\u00fd\u0161e m\u00e9ho platu p\u0159ed \u00farazem a nebo <a class=\"mh-excerpt-more\" href=\"https:\/\/www.invarena.cz\/?p=21743\" title=\"Mus\u00ed mi po pracovn\u00edm \u00farazu zam\u011bstnavatel dopl\u00e1cet plat?\">[&#8230;]<\/a><\/p>\n<\/div>","protected":false},"author":3,"featured_media":14424,"comment_status":"open","ping_status":"closed","sticky":false,"template":"","format":"standard","meta":{"footnotes":""},"categories":[18],"tags":[],"class_list":["post-21743","post","type-post","status-publish","format-standard","has-post-thumbnail","hentry","category-poradna"],"_links":{"self":[{"href":"https:\/\/www.invarena.cz\/index.php?rest_route=\/wp\/v2\/posts\/21743","targetHints":{"allow":["GET"]}}],"collection":[{"href":"https:\/\/www.invarena.cz\/index.php?rest_route=\/wp\/v2\/posts"}],"about":[{"href":"https:\/\/www.invarena.cz\/index.php?rest_route=\/wp\/v2\/types\/post"}],"author":[{"embeddable":true,"href":"https:\/\/www.invarena.cz\/index.php?rest_route=\/wp\/v2\/users\/3"}],"replies":[{"embeddable":true,"href":"https:\/\/www.invarena.cz\/index.php?rest_route=%2Fwp%2Fv2%2Fcomments&post=21743"}],"version-history":[{"count":0,"href":"https:\/\/www.invarena.cz\/index.php?rest_route=\/wp\/v2\/posts\/21743\/revisions"}],"wp:featuredmedia":[{"embeddable":true,"href":"https:\/\/www.invarena.cz\/index.php?rest_route=\/wp\/v2\/media\/14424"}],"wp:attachment":[{"href":"https:\/\/www.invarena.cz\/index.php?rest_route=%2Fwp%2Fv2%2Fmedia&parent=21743"}],"wp:term":[{"taxonomy":"category","embeddable":true,"href":"https:\/\/www.invarena.cz\/index.php?rest_route=%2Fwp%2Fv2%2Fcategories&post=21743"},{"taxonomy":"post_tag","embeddable":true,"href":"https:\/\/www.invarena.cz\/index.php?rest_route=%2Fwp%2Fv2%2Ftags&post=21743"}],"curies":[{"name":"wp","href":"https:\/\/api.w.org\/{rel}","templated":true}]}}