{"id":21754,"date":"2015-06-15T15:18:28","date_gmt":"2015-06-15T13:18:28","guid":{"rendered":"http:\/\/www.invarena.cz\/?p=21754"},"modified":"2015-06-15T15:18:28","modified_gmt":"2015-06-15T13:18:28","slug":"expert-praha-nekontroluje-vodu-je-to-bezpecnostni-riziko","status":"publish","type":"post","link":"https:\/\/www.invarena.cz\/?p=21754","title":{"rendered":"Expert: Praha nekontroluje vodu. Je to bezpe\u010dnostn\u00ed riziko"},"content":{"rendered":"<p><strong>Gener\u00e1l a bezpe\u010dnostn\u00ed odborn\u00edk Andor \u0160\u00e1ndor upozornil na velk\u00e9 bezpe\u010dnostn\u00ed riziko, kter\u00e9 se odehr\u00e1lo p\u0159ed n\u011bkolika t\u00fddny v Praze 6, kde byla kontaminov\u00e1na voda. Podle n\u011bj by m\u011blo hl. m\u011bsto Praha dod\u00e1vky pitn\u00e9 vody ob\u010dan\u016fm l\u00e9pe kontrolovat&#8230;<\/strong><!--more--><\/p>\n<p>foto: Studio CI Art Photl<\/p>\n<p>Nejv\u011bt\u0161\u00edm bezpe\u010dnostn\u00edm rizikem Prahy je chyb\u011bj\u00edc\u00ed kontrola nad strategick\u00fdmi komoditami, blackout a kybernetick\u00fd \u00fatok. Na Pra\u017esk\u00e9 bezpe\u010dnostn\u00ed konferenci to \u0159ekl gener\u00e1l a bezpe\u010dnostn\u00ed odborn\u00edk Andor \u0160\u00e1ndor. <\/p>\n<p>Ten z\u00e1rove\u0148 upozornil na velk\u00e9 bezpe\u010dnostn\u00ed riziko, kter\u00e9 se odehr\u00e1lo p\u0159ed n\u011bkolika t\u00fddny v Praze 6, kde byla kontaminov\u00e1na voda. L\u00e9ka\u0159e tehdy vyhledaly skoro t\u0159i tis\u00edcovky lid\u00ed a 32.000 bylo zhruba t\u00fdden bez vody.<\/p>\n<p>    &#8222;To, co pova\u017euji za velk\u00fd probl\u00e9m, je, \u017ee Praha ztratila vl\u00e1du nad strategick\u00fdmi komoditami. To je velk\u00fd probl\u00e9m,&#8220; \u0159ekl. Pozastavil se nad t\u00edm, \u017ee voda v Praze 6 nebyla p\u0159i kontaminaci ihned vypnuta. <\/p>\n<p>&#8222;Mnoho lid\u00ed mohlo b\u00fdt mrtv\u00fdch, kdyby se nejednalo &#8218;pouze&#8216; o koliformn\u00ed bakterie,&#8220; zd\u016fraznil. Je podle n\u011bj t\u0159eba, aby Praha m\u011bla kontrolu nad strategick\u00fdmi komoditami a nebyly zisky vyv\u00e1d\u011bny do zahrani\u010d\u00ed. V \u0159e\u010di nar\u00e1\u017eel na to, \u017ee pra\u017eskou vodovodn\u00ed s\u00ed\u0165 m\u00e1 pronajatu francouzsk\u00e1 firma Veolia prost\u0159ednictv\u00edm sv\u00e9 firmy Pra\u017esk\u00e9 vodovody a kanalizace.<\/p>\n<p>    \u0160\u00e1ndor zm\u00ednil v souvislosti s v\u00fdpadkem vody v Praze 6 i chyby v koordinaci mezi integrovan\u00fdm z\u00e1chrann\u00fdm syst\u00e9mem a samospr\u00e1vou. &#8222;Jednozna\u010dn\u011b se potvrdilo, \u017ee nen\u00ed vyjasn\u011bno mezi pracovn\u00edky magistr\u00e1tu i odborn\u00edky jak postupovat,&#8220; \u0159ekl.<\/p>\n<p>    Nebezpe\u010d\u00edm je pro hlavn\u00ed m\u011bsto podle jeho n\u00e1zoru i riziko kompletn\u00edho v\u00fdpadku energi\u00ed, tzv. blackoutu. Cvi\u010den\u00ed blackout absolvovala Praha loni pod veden\u00edm tehdej\u0161\u00edho prim\u00e1tora Tom\u00e1\u0161e Hude\u010dka. &#8222;Kdyby se blackout ud\u00e1l, tak by se ud\u00e1l na v\u011bt\u0161\u00ed \u010d\u00e1sti Prahy, ne\u017e bylo cvi\u010den\u00ed. V Praze by vodu nem\u011bl v\u016fbec nikdo,&#8220; \u0159ekl \u0160\u00e1ndor.<br \/>\n    \u0160\u00e1ndor na konferenci v \u00favodu sv\u00e9 \u0159e\u010di rovn\u011b\u017e vyzval volen\u00e9 z\u00e1stupce Prahy, aby stranick\u00e9 z\u00e1jmy nep\u0159ev\u00e1\u017eily nad bezpe\u010dnost\u00ed Pra\u017ean\u016f, co\u017e nen\u00ed podle n\u011bj zcela za\u017eehn\u00e1no. Na co konkr\u00e9tn\u011b nar\u00e1\u017eel, ne\u0159ekl. Ve sv\u00e9 \u0159e\u010di tak\u00e9 zd\u016fraznil nebezpe\u010d\u00ed kybernetick\u00fdch \u00fatok\u016f zejm\u00e9na v oblasti dopravy. <\/p>\n","protected":false},"excerpt":{"rendered":"<div class=\"mh-excerpt\"><p>Gener\u00e1l a bezpe\u010dnostn\u00ed odborn\u00edk Andor \u0160\u00e1ndor upozornil na velk\u00e9 bezpe\u010dnostn\u00ed riziko, kter\u00e9 se odehr\u00e1lo p\u0159ed n\u011bkolika t\u00fddny v Praze 6, kde byla kontaminov\u00e1na voda. Podle <a class=\"mh-excerpt-more\" href=\"https:\/\/www.invarena.cz\/?p=21754\" title=\"Expert: Praha nekontroluje vodu. Je to bezpe\u010dnostn\u00ed riziko\">[&#8230;]<\/a><\/p>\n<\/div>","protected":false},"author":1,"featured_media":14563,"comment_status":"open","ping_status":"closed","sticky":false,"template":"","format":"standard","meta":{"footnotes":""},"categories":[6],"tags":[],"class_list":["post-21754","post","type-post","status-publish","format-standard","has-post-thumbnail","hentry","category-politika"],"_links":{"self":[{"href":"https:\/\/www.invarena.cz\/index.php?rest_route=\/wp\/v2\/posts\/21754","targetHints":{"allow":["GET"]}}],"collection":[{"href":"https:\/\/www.invarena.cz\/index.php?rest_route=\/wp\/v2\/posts"}],"about":[{"href":"https:\/\/www.invarena.cz\/index.php?rest_route=\/wp\/v2\/types\/post"}],"author":[{"embeddable":true,"href":"https:\/\/www.invarena.cz\/index.php?rest_route=\/wp\/v2\/users\/1"}],"replies":[{"embeddable":true,"href":"https:\/\/www.invarena.cz\/index.php?rest_route=%2Fwp%2Fv2%2Fcomments&post=21754"}],"version-history":[{"count":0,"href":"https:\/\/www.invarena.cz\/index.php?rest_route=\/wp\/v2\/posts\/21754\/revisions"}],"wp:featuredmedia":[{"embeddable":true,"href":"https:\/\/www.invarena.cz\/index.php?rest_route=\/wp\/v2\/media\/14563"}],"wp:attachment":[{"href":"https:\/\/www.invarena.cz\/index.php?rest_route=%2Fwp%2Fv2%2Fmedia&parent=21754"}],"wp:term":[{"taxonomy":"category","embeddable":true,"href":"https:\/\/www.invarena.cz\/index.php?rest_route=%2Fwp%2Fv2%2Fcategories&post=21754"},{"taxonomy":"post_tag","embeddable":true,"href":"https:\/\/www.invarena.cz\/index.php?rest_route=%2Fwp%2Fv2%2Ftags&post=21754"}],"curies":[{"name":"wp","href":"https:\/\/api.w.org\/{rel}","templated":true}]}}