{"id":21759,"date":"2015-06-15T21:41:14","date_gmt":"2015-06-15T19:41:14","guid":{"rendered":"http:\/\/www.invarena.cz\/?p=21759"},"modified":"2015-06-15T21:41:47","modified_gmt":"2015-06-15T19:41:47","slug":"evropsti-vedci-meri-nad-krusnymi-horami-radioaktivitu","status":"publish","type":"post","link":"https:\/\/www.invarena.cz\/?p=21759","title":{"rendered":"Evrop\u0161t\u00ed v\u011bdci m\u011b\u0159\u00ed nad Kru\u0161n\u00fdmi horami radioaktivitu"},"content":{"rendered":"<p><strong>Na n\u011bmeck\u00e9 i \u010desk\u00e9 stran\u011b Kru\u0161n\u00fdch hor dnes za\u010dalo \u010dty\u0159denn\u00ed cvi\u010den\u00ed, b\u011bhem n\u011bho\u017e evrop\u0161t\u00ed odborn\u00edci m\u011b\u0159\u00ed radioaktivitu ve vzduchu. <\/strong><!--more--><\/p>\n<p>Na sv\u00e9m webu o tom informoval n\u011bmeck\u00fd Spolkov\u00fd \u00fa\u0159ad pro ochranu proti z\u00e1\u0159en\u00ed (BfS). <\/p>\n<p>Nyn\u011bj\u0161\u00ed \u010d\u00e1st cvi\u010den\u00ed pro p\u0159\u00edpad mo\u017en\u00e9 jadern\u00e9 hav\u00e1rie je zam\u011b\u0159ena na leteck\u00fd sb\u011br dat, na konci \u010dervna se uskute\u010dn\u00ed druh\u00e1 \u010d\u00e1st man\u00e9vr\u016f, kdy budou v\u011bdci shroma\u017e\u010fovat \u00fadaje pomoc\u00ed vozidel.<\/p>\n<p>    Na m\u011b\u0159en\u00ed radioaktivity nad \u00fazem\u00edm, kter\u00e9 zahrnuje \u010d\u00e1st n\u011bmeck\u00fdch spolkov\u00fdch zem\u00ed Sasko a Durynsko a tak\u00e9 severoz\u00e1pad \u010cesk\u00e9 republiky, se pod\u00edlej\u00ed experti z N\u011bmecka, \u010ceska, Francie a \u0160v\u00fdcarska. \u010ceskou stranu zastupuje St\u00e1tn\u00ed \u00fastav radia\u010dn\u00ed ochrany (S\u00daRO).<\/p>\n<p>    C\u00edlem cvi\u010den\u00ed, kter\u00e9 skon\u010d\u00ed ve \u010dtvrtek, je pomoc\u00ed citliv\u00fdch p\u0159\u00edstroj\u016f rychle a plo\u0161n\u011b pomoc\u00ed helikopt\u00e9r zm\u011b\u0159it nad dan\u00fdm \u00fazem\u00edm \u00farove\u0148 radiace. Takov\u00e9to nasazen\u00ed je kl\u00ed\u010dov\u00e9 v p\u0159\u00edpad\u011b hav\u00e1rie v jadern\u00fdch elektr\u00e1rn\u00e1ch. Za t\u00fdden 23. a 24. \u010dervna pak budou odborn\u00edci sledovat \u00farove\u0148 radiace z m\u011b\u0159ic\u00edch vozidel. V\u00fdsledky pozemn\u00edho a vzdu\u0161n\u00e9ho m\u011b\u0159en\u00ed pak odborn\u00edci podle BfS vyu\u017eij\u00ed k vz\u00e1jemn\u00e9mu porovn\u00e1n\u00ed dat a k optimalizaci jejich sb\u011bru.<\/p>\n<p>    Oblast cvi\u010den\u00ed byla vybr\u00e1na z\u00e1m\u011brn\u011b, nebo\u0165 se zde v minulosti t\u011b\u017eil uran, p\u0159\u00edpadn\u011b zde jsou skl\u00e1dky nebezpe\u010dn\u00fdch odpad\u016f, kter\u00e9 na sanaci teprve \u010dekaj\u00ed. <\/p>\n","protected":false},"excerpt":{"rendered":"<div class=\"mh-excerpt\"><p>Na n\u011bmeck\u00e9 i \u010desk\u00e9 stran\u011b Kru\u0161n\u00fdch hor dnes za\u010dalo \u010dty\u0159denn\u00ed cvi\u010den\u00ed, b\u011bhem n\u011bho\u017e evrop\u0161t\u00ed odborn\u00edci m\u011b\u0159\u00ed radioaktivitu ve vzduchu.<\/p>\n<\/div>","protected":false},"author":1,"featured_media":0,"comment_status":"open","ping_status":"closed","sticky":false,"template":"","format":"standard","meta":{"footnotes":""},"categories":[9],"tags":[],"class_list":["post-21759","post","type-post","status-publish","format-standard","hentry","category-zpravy"],"_links":{"self":[{"href":"https:\/\/www.invarena.cz\/index.php?rest_route=\/wp\/v2\/posts\/21759","targetHints":{"allow":["GET"]}}],"collection":[{"href":"https:\/\/www.invarena.cz\/index.php?rest_route=\/wp\/v2\/posts"}],"about":[{"href":"https:\/\/www.invarena.cz\/index.php?rest_route=\/wp\/v2\/types\/post"}],"author":[{"embeddable":true,"href":"https:\/\/www.invarena.cz\/index.php?rest_route=\/wp\/v2\/users\/1"}],"replies":[{"embeddable":true,"href":"https:\/\/www.invarena.cz\/index.php?rest_route=%2Fwp%2Fv2%2Fcomments&post=21759"}],"version-history":[{"count":0,"href":"https:\/\/www.invarena.cz\/index.php?rest_route=\/wp\/v2\/posts\/21759\/revisions"}],"wp:attachment":[{"href":"https:\/\/www.invarena.cz\/index.php?rest_route=%2Fwp%2Fv2%2Fmedia&parent=21759"}],"wp:term":[{"taxonomy":"category","embeddable":true,"href":"https:\/\/www.invarena.cz\/index.php?rest_route=%2Fwp%2Fv2%2Fcategories&post=21759"},{"taxonomy":"post_tag","embeddable":true,"href":"https:\/\/www.invarena.cz\/index.php?rest_route=%2Fwp%2Fv2%2Ftags&post=21759"}],"curies":[{"name":"wp","href":"https:\/\/api.w.org\/{rel}","templated":true}]}}