{"id":21760,"date":"2015-06-15T21:44:00","date_gmt":"2015-06-15T19:44:00","guid":{"rendered":"http:\/\/www.invarena.cz\/?p=21760"},"modified":"2015-06-15T22:38:42","modified_gmt":"2015-06-15T20:38:42","slug":"domov-pro-seniory-v-benesove-koupi-36-novych-polohovacich-luzek","status":"publish","type":"post","link":"https:\/\/www.invarena.cz\/?p=21760","title":{"rendered":"Domov pro seniory v Bene\u0161ov\u011b koup\u00ed 36 nov\u00fdch polohovac\u00edch l\u016f\u017eek"},"content":{"rendered":"<p><strong>Domov pro seniory v Bene\u0161ov\u011b po\u0159\u00edd\u00ed pro sv\u00e9 klienty 36 nov\u00fdch elektrick\u00fdch polohovac\u00edch l\u016f\u017eek za 1,2 milionu korun. N\u00e1kup schv\u00e1lili st\u0159edo\u010de\u0161t\u00ed radn\u00ed, sd\u011blila dnes mluv\u010d\u00ed hejtmanstv\u00ed Nicole Mertinov\u00e1.<\/strong><!--more--><\/p>\n<p> Zlep\u0161\u00ed se tak komfort pro seniory, kte\u0159\u00ed vy\u017eaduj\u00ed v\u011bt\u0161\u00ed p\u00e9\u010di, a z\u00e1rove\u0148 se usnadn\u00ed pr\u00e1ce person\u00e1lu. L\u016f\u017eka budou poj\u00edzdn\u00e1, v\u00fd\u0161kov\u011b nastaviteln\u00e1, s polohov\u00e1n\u00edm trupu a nohou a do \u017e\u00e1dan\u00e9 polohy nastaviteln\u00e1 pomoc\u00ed d\u00e1lkov\u00e9ho ovlada\u010de.<\/p>\n<p>    &#8222;V Domov\u011b senior\u016f Bene\u0161ov se postupn\u011b zvy\u0161uje po\u010det klient\u016f s vy\u0161\u0161\u00ed pot\u0159ebou p\u00e9\u010de. Hodn\u011b jich je zcela upout\u00e1no na l\u016f\u017eko. Dosavadn\u00ed l\u016f\u017eka tu maj\u00ed polohovateln\u00e1 pouze mechanicky, proto je nutn\u00e9 vybavit domov alespo\u0148 \u010d\u00e1ste\u010dn\u011b l\u016f\u017eky elektrick\u00fdmi,&#8220; uvedla krajsk\u00e1 radn\u00ed pro soci\u00e1ln\u00ed v\u011bci Emilie T\u0159\u00edskov\u00e1 (\u010cSSD).<br \/>\n    Domov senior\u016f Bene\u0161ov vznikl v roce 1999 a od roku 2003 je jeho z\u0159izovatelem St\u0159edo\u010desk\u00fd kraj. M\u00e1 kapacitu 100 m\u00edst. Mechanick\u00e1 l\u016f\u017eka, kter\u00e1 nahrad\u00ed elektrick\u00e1, chce bene\u0161ovsk\u00fd domov nab\u00eddnout k u\u017e\u00edv\u00e1n\u00ed v ostatn\u00edch st\u0159edo\u010desk\u00fdch za\u0159\u00edzen\u00edch soci\u00e1ln\u00ed p\u00e9\u010de.<br \/>\n    St\u0159edo\u010desk\u00fd kraj na sv\u00e9m \u00fazem\u00ed z\u0159izuje 61 p\u0159\u00edsp\u011bvkov\u00fdch organizac\u00ed, kter\u00e9 p\u0159ev\u00e1\u017en\u011b poskytuj\u00ed pobytov\u00e9 soci\u00e1ln\u00ed slu\u017eby. Jde zejm\u00e9na o domovy pro seniory, jich\u017e jsou \u010dty\u0159i des\u00edtky. <\/p>\n","protected":false},"excerpt":{"rendered":"<div class=\"mh-excerpt\"><p>Domov pro seniory v Bene\u0161ov\u011b po\u0159\u00edd\u00ed pro sv\u00e9 klienty 36 nov\u00fdch elektrick\u00fdch polohovac\u00edch l\u016f\u017eek za 1,2 milionu korun. N\u00e1kup schv\u00e1lili st\u0159edo\u010de\u0161t\u00ed radn\u00ed, sd\u011blila dnes mluv\u010d\u00ed <a class=\"mh-excerpt-more\" href=\"https:\/\/www.invarena.cz\/?p=21760\" title=\"Domov pro seniory v Bene\u0161ov\u011b koup\u00ed 36 nov\u00fdch polohovac\u00edch l\u016f\u017eek\">[&#8230;]<\/a><\/p>\n<\/div>","protected":false},"author":1,"featured_media":0,"comment_status":"open","ping_status":"closed","sticky":false,"template":"","format":"standard","meta":{"footnotes":""},"categories":[9],"tags":[],"class_list":["post-21760","post","type-post","status-publish","format-standard","hentry","category-zpravy"],"_links":{"self":[{"href":"https:\/\/www.invarena.cz\/index.php?rest_route=\/wp\/v2\/posts\/21760","targetHints":{"allow":["GET"]}}],"collection":[{"href":"https:\/\/www.invarena.cz\/index.php?rest_route=\/wp\/v2\/posts"}],"about":[{"href":"https:\/\/www.invarena.cz\/index.php?rest_route=\/wp\/v2\/types\/post"}],"author":[{"embeddable":true,"href":"https:\/\/www.invarena.cz\/index.php?rest_route=\/wp\/v2\/users\/1"}],"replies":[{"embeddable":true,"href":"https:\/\/www.invarena.cz\/index.php?rest_route=%2Fwp%2Fv2%2Fcomments&post=21760"}],"version-history":[{"count":0,"href":"https:\/\/www.invarena.cz\/index.php?rest_route=\/wp\/v2\/posts\/21760\/revisions"}],"wp:attachment":[{"href":"https:\/\/www.invarena.cz\/index.php?rest_route=%2Fwp%2Fv2%2Fmedia&parent=21760"}],"wp:term":[{"taxonomy":"category","embeddable":true,"href":"https:\/\/www.invarena.cz\/index.php?rest_route=%2Fwp%2Fv2%2Fcategories&post=21760"},{"taxonomy":"post_tag","embeddable":true,"href":"https:\/\/www.invarena.cz\/index.php?rest_route=%2Fwp%2Fv2%2Ftags&post=21760"}],"curies":[{"name":"wp","href":"https:\/\/api.w.org\/{rel}","templated":true}]}}