{"id":21770,"date":"2015-06-16T10:21:29","date_gmt":"2015-06-16T08:21:29","guid":{"rendered":"http:\/\/www.invarena.cz\/?p=21770"},"modified":"2015-06-16T10:22:02","modified_gmt":"2015-06-16T08:22:02","slug":"na-deti-na-propustce-nedoistavaji-penize","status":"publish","type":"post","link":"https:\/\/www.invarena.cz\/?p=21770","title":{"rendered":"Na d\u011bti na propustce nedost\u00e1vaj\u00ed pen\u00edze"},"content":{"rendered":"<p><strong>Krizov\u00e1 sch\u016fzka p\u0159\u00edslu\u0161n\u00fdch ministerstev a fondu uk\u00e1zala cestu, kterou by se za\u0159\u00edzen\u00ed Klok\u00e1nk\u016f mohla vydat, aby p\u0159e\u017eila. Na soci\u00e1ln\u00edch odvodech za 600 zam\u011bstnanc\u016f dlu\u017e\u00ed fond p\u0159es 20 milion\u016f korun. Za provoz pak des\u00edtky milion\u016f. N\u011bkter\u00fdm hroz\u00ed exekuce.<\/strong><!--more--><\/p>\n<p><em><strong>\u010cT report\u00e1\u017e<\/strong><\/em><\/p>\n<p>V Klok\u00e1nku v Doln\u00edm Bene\u0161ov\u011b na Opavsku m\u011bli v\u017edycky v\u00edc d\u011bt\u00ed ne\u017e povolovalo ministersk\u00e9 na\u0159\u00edzen\u00ed. Kapacita za\u0159\u00edzen\u00ed je 28 m\u00edst. Te\u010f je jich zapln\u011bn\u00fdch jen 15. Pr\u00e1zdn\u00e9 postele, na kter\u00fdch nikdo nesp\u00ed. T\u0159i ze sedmi byt\u016f v bene\u0161ovsk\u00e9m Klok\u00e1nku jsou v tuto chv\u00edli pr\u00e1zdn\u00e9 a \u017e\u00e1dn\u00e9 d\u011bti v nich nebydl\u00ed.<\/p>\n<p>Hana NALEVAJKOV\u00c1, vedouc\u00ed Klok\u00e1nku, Doln\u00ed Bene\u0161ov:<br \/>\nTen d\u016fvod je ten, aby se n\u00e1m nesv\u011b\u0159ovaly do na\u0161ich za\u0159\u00edzen\u00ed d\u011bti, jako i to, \u017ee takov\u00e9 jako prohl\u00e1\u0161en\u00ed: my v\u00e1m nem\u016f\u017eeme d\u00e1t d\u011bti, proto\u017ee Klok\u00e1nek kon\u010d\u00ed.<br \/>\nZam\u011bstnanci tvrd\u00ed, \u017ee takov\u00fd postoj soci\u00e1ln\u00edch pracovnic nen\u00ed ojedin\u011bl\u00fd.<\/p>\n<p>Hana NALEVAJKOV\u00c1,<br \/>\nStejn\u00fd p\u0159\u00edpad se stal v Olomouci. Tak\u017ee j\u00e1 si tady nevym\u00fd\u0161l\u00edm.<br \/>\nPodle ministerstva pr\u00e1ce takov\u00fd pokyn od nich neexistuje. Dne\u0161n\u00ed sch\u016fzka m\u011bla soci\u00e1ln\u00edm odbor\u016fm uk\u00e1zat \u017ee s Klok\u00e1nky st\u00e1t i p\u0159es finan\u010dn\u00ed probl\u00e9my d\u00e1l po\u010d\u00edt\u00e1. Vznikl tak\u00e9 seznam konkr\u00e9tn\u00edch krok\u016f, kter\u00e9 maj\u00ed situaci vy\u0159e\u0161it.<\/p>\n<p>Radka MAXOV\u00c1, poslankyn\u011b \/ANO\/:<br \/>\nKl\u00ed\u010dov\u00e9 je zalo\u017eit, ustanovit ve stanov\u00e1ch pobo\u010dn\u00e9 spolky, kter\u00e9 by dos\u00e1hly na daleko lep\u0161\u00ed financov\u00e1n\u00ed z v\u00edce zdroj\u016f.<\/p>\n<p>Iva MERHAUTOV\u00c1, n\u00e1m\u011bstkyn\u011b ministryn\u011b pr\u00e1ce a soci\u00e1ln\u00edch v\u011bc\u00ed:<br \/>\nMohli by hospoda\u0159it se sv\u011b\u0159en\u00fdmi prost\u0159edky. To znamen\u00e1 i s pen\u011bzi od ministerstva pr\u00e1ce samostatn\u011b.<br \/>\nA dal\u0161\u00ed n\u00e1vrhy: v azylov\u00fdch domech by m\u011bla prob\u011bhnout kontrola n\u00e1klad\u016f. Fond by m\u011bl provozovat jen takov\u00fd po\u010det l\u016f\u017eek, na kter\u00fd dost\u00e1v\u00e1 dotace.<\/p>\n<p>Marie VODI\u010cKOV\u00c1, p\u0159edsedkyn\u011b Fondu ohro\u017een\u00fdch d\u011bt\u00ed:<br \/>\nJsem pro, aby ta mo\u017enost tam byla v t\u011bch stanov\u00e1ch, aby tam ty spolky mohly b\u00fdt. Proto\u017ee n\u011bkter\u00e9 kraje skute\u010dn\u011b jinak t\u0159eba ty dotace by nevyplatily.<br \/>\nDal\u0161\u00ed jedn\u00e1n\u00ed ministerstev, spr\u00e1vy soci\u00e1ln\u00edho zabezpe\u010den\u00ed i Fondu ohro\u017een\u00fdch d\u011bt\u00ed prob\u011bhne do 14 dn\u016f. Tentokr\u00e1t by se ho m\u011bla z\u00fa\u010dastnit i ministryn\u011b pr\u00e1ce a soci\u00e1ln\u00edch v\u011bc\u00ed.<\/p>\n<p>&nbsp;<\/p>\n<p>moder\u00e1tor:<br \/>\n<strong>Pan\u00ed Vodi\u010dkov\u00e1, pro\u010d fond neplat\u00ed soci\u00e1ln\u00ed odvody, neplat\u00ed za provoz, neplat\u00ed na platy, pro\u010d se to \u0159e\u0161\u00ed a\u017e kdy\u017e ten dluh je 20 milion\u016f?<\/strong><\/p>\n<p>Marie VODI\u010cKOV\u00c1, p\u0159edsedkyn\u011b, Fond ohro\u017een\u00fdch d\u011bt\u00ed:<br \/>\nNo my jsme to samoz\u0159ejm\u011b \u0159e\u0161ili d\u0159\u00edv a neplat\u00edme proto, \u017ee ty pen\u00edze nejsou, proto\u017ee od novely z\u00e1kona o soci\u00e1ln\u011b-pr\u00e1vn\u00ed ochran\u011b, kter\u00e1 plat\u00ed od 1. ledna 2013 n\u00e1m st\u00e1t nevyplatil na stovky d\u011bt\u00ed, o kter\u00e9 jsme se starali, \u017e\u00e1dn\u00fd st\u00e1tn\u00ed p\u0159\u00edsp\u011bvek s od\u016fvodn\u011bn\u00edm, \u017ee jsou p\u0159espo\u010detn\u00e9. A p\u0159espo\u010detn\u00e9 proto, \u017ee vlastn\u011b 7 Klok\u00e1nk\u016f m\u011blo bu\u010f v\u00edc ne\u017e 28 d\u011bt\u00ed, anebo tedy t\u011bch 28 a z\u00e1kon \u0159\u00edk\u00e1, \u017ee nesm\u00ed b\u00fdt v za\u0159\u00edzen\u00ed teda um\u00edst\u011bno v\u00edc ne\u017e 28 d\u011bt\u00ed, \u0159\u00edk\u00e1 um\u00edst\u011bno. Ale <span class=\"highlight\">MPSV<\/span> po\u010d\u00edt\u00e1 do um\u00edst\u011bn\u00fdch d\u011bt\u00ed, kter\u00e9 u\u017e jsou um\u00edst\u011bny n\u011bkde jinde, tedy t\u0159eba ve sv\u00fdch rodin\u00e1ch, nebo v n\u00e1hradn\u00edch rodin\u00e1ch a u n\u00e1s jsou pouze ve stavu. A tam, kde vlastn\u011b ta za\u0159\u00edzen\u00ed maj\u00ed ni\u017e\u0161\u00ed kapacitu, tak se n\u011bkdy ani s t\u011bmi propustkami dlouhodob\u00fdmi ne\u017e soud rozhodne, \u017ee u\u017e d\u011bti jsou n\u011bkde tam, kde maj\u00ed b\u00fdt, tak se nedostanou p\u0159es t\u011bch 28 m\u00edst. Ale ty na\u0161e Klok\u00e1nky, kter\u00e9 maj\u00ed v\u011bt\u0161\u00ed kapacitu, ne\u017e 28, nebo m\u011bly a te\u010f t\u011bch 28, tak jedno d\u00edt\u011b je na propustce u\u017e to dal\u0161\u00ed je vlastn\u011b nadlimitn\u00ed takzvan\u011b.<\/p>\n<p>moder\u00e1tor:<br \/>\nPan\u00ed Kotalov\u00e1, jak je mo\u017en\u00e9, \u017ee st\u00e1t nezaplat\u00ed za n\u011bco, co vlastn\u011b po\u017eaduje? To znamen\u00e1 p\u00e9\u010di o d\u011bti. A on za to nezaplat\u00ed.<\/p>\n<p>Krist\u00fdna KOTALOV\u00c1, odd\u011blen\u00ed soci\u00e1ln\u011b-pr\u00e1vn\u00ed ochrany d\u011bt\u00ed <span class=\"highlight\">MPSV<\/span>:<br \/>\nTak j\u00e1 bych k tomu \u0159ekla, \u017ee st\u00e1t je r\u00e1d, \u017ee se jin\u00e9 organizace pod\u00edl\u00ed na p\u00e9\u010di o ohro\u017een\u00e9 d\u011bti, ale z\u00e1rove\u0148 st\u00e1t za tyto d\u011bti z\u016fst\u00e1v\u00e1 zodpov\u011bdn\u00fd a proto je nutn\u00e9, aby byla zaji\u0161t\u011bn\u00e1 kvantita a kvalita hlavn\u011b udr\u017eitelnost t\u00e9 p\u00e9\u010de. Proto, kdy\u017e jak\u00fdkoliv&#8230;<\/p>\n<p>moder\u00e1tor:<br \/>\nA to nesouvis\u00ed s t\u00edm, \u017ee byste za to m\u011bli zaplatit, aby toto v\u0161echno byly tedy, bylo udr\u017eeno. Z toho se asi Klok\u00e1nek nevy\u017eije, kdy\u017e mu \u0159eknete, \u017ee st\u00e1t je r\u00e1d, \u017ee se star\u00e1.<\/p>\n<p>Krist\u00fdna KOTALOV\u00c1<br \/>\nNe, ur\u010dit\u011b, ur\u010dit\u011b to ne. My jsme r\u00e1di, chci t\u00edm \u0159\u00edct, \u017ee jsme r\u00e1di, \u017ee jin\u00e1 za\u0159\u00edzen\u00ed sd\u00edl\u00ed se st\u00e1tem p\u00e9\u010di o ohro\u017een\u00e9 d\u011bti, z\u00e1rove\u0148 mus\u00ed ale dok\u00e1zat, \u017ee jsou schopni zajistit kvalitu a hlavn\u011b udr\u017eitelnost p\u00e9\u010de o ty d\u011bti. Kdy\u017e se jak\u00fdkoliv z\u0159izovatel vlastn\u011b rozhodne, \u017ee se bude v\u011bnovat, a\u0165 u\u017e jako soci\u00e1ln\u00ed slu\u017eba nebo jako pov\u011b\u0159en\u00e1 osoba vlastn\u011b p\u00e9\u010de o ohro\u017een\u00e9 d\u011bti, mus\u00ed s\u00e1m b\u00fdt schopen tuto p\u00e9\u010di zajistit. A mus\u00ed tedy po\u010d\u00edtat i s t\u00edm, \u017ee se p\u0159\u00edpadn\u011b m\u011bn\u00ed z\u00e1kony, nejen t\u0159eba z\u00e1kon o soci\u00e1ln\u011b-pr\u00e1vn\u00ed ochran\u011b d\u011bt\u00ed, ale i t\u0159eba ob\u010dansk\u00fd z\u00e1kon\u00edk a dal\u0161\u00ed p\u0159edpisy. A cht\u011bla bych k tomu je\u0161t\u011b&#8230;<\/p>\n<p>moder\u00e1tor:<br \/>\nTak\u017ee, promi\u0148te, tak\u017ee Klok\u00e1nek nen\u00ed schopen zajistit kvalitu p\u00e9\u010de o d\u011bti a proto mu neplat\u00edte. Rozum\u00edm tomu dob\u0159e?<\/p>\n<p>Krist\u00fdna KOTALOV\u00c1<br \/>\nNe, tak to nen\u00ed. Chci t\u00edm \u0159\u00edct, \u017ee ve\u0161ker\u00e1, ve\u0161ker\u00e1 legislativn\u00ed a metodick\u00e1 \u010dinnost ministerstva pr\u00e1ce a soci\u00e1ln\u00edch v\u011bc\u00ed sm\u011b\u0159uje k tomu, aby byla zaji\u0161t\u011bn\u00e1 p\u0159edev\u0161\u00edm kvalita p\u00e9\u010de o ohro\u017een\u00e9 d\u011bti. A potom je na t\u011bch poskytovatel\u00edch slu\u017eeb, nebo na r\u016fzn\u00fdch za\u0159\u00edzen\u00edch, kter\u00e1 se o d\u011bti staraj\u00ed, aby tyto po\u017eadavky, standardy kvality n\u011bjak\u00fdm zp\u016fsobem naplnily. Z\u00e1rove\u0148 kdykoliv se d\u011bl\u00e1 n\u011bjak\u00e1 zm\u011bna, je v\u017edycky p\u0159edjedn\u00e1v\u00e1na a v\u017edycky potom existuje dlouh\u00e9 p\u0159echodn\u00e9 obdob\u00ed na to, aby se za\u0159\u00edzen\u00ed t\u011bmto zm\u011bn\u00e1m p\u0159izp\u016fsobily. Stejn\u011b jako m\u011bl tuto mo\u017enost tedy i Fond ohro\u017een\u00fdch d\u011bt\u00ed a v\u0161echna ostatn\u00ed za\u0159\u00edzen\u00ed okam\u017eit\u00e9 pomoci.<\/p>\n<p>moder\u00e1tor:<br \/>\nNo a Klok\u00e1nek tedy pln\u00ed nebo nepln\u00ed ty standardy? J\u00e1 tomu nerozum\u00edm. Vy \u0159\u00edk\u00e1te, \u017ee ka\u017ed\u00e9 za\u0159\u00edzen\u00ed mus\u00ed plnit a j\u00e1 se pt\u00e1m: pln\u00ed nebo nepln\u00ed? A proto plat\u00edte anebo neplat\u00edte?<\/p>\n<p>Krist\u00fdna KOTALOV\u00c1,<br \/>\nMy plat\u00edme na ty d\u011bti, kter\u00e9 jsou um\u00edst\u011bny soudem se z\u00e1konem z d\u016fvodu, kter\u00e9 z\u00e1kon p\u0159ipou\u0161t\u00ed a po dobu, kterou z\u00e1kon tak\u00e9 p\u0159ipou\u0161t\u00ed. Ten, ten probl\u00e9m, kter\u00fd zde zmi\u0148ovala pan\u00ed doktorka Vodi\u010dkov\u00e1, v podstat\u011b je o tom, \u017ee vlastn\u011b se financuje p\u00e9\u010de na d\u011bti, kter\u00e9 jsou skute\u010dn\u011b v za\u0159\u00edzen\u00ed um\u00edst\u011bny, co\u017e plat\u00ed pro jak\u00e9koliv za\u0159\u00edzen\u00ed a kde vznikaj\u00ed n\u00e1klady na p\u00e9\u010di o tyto d\u011bti. A ne na d\u011bti, kter\u00e9 v za\u0159\u00edzen\u00ed fyzicky nejsou.<\/p>\n<p>moder\u00e1tor:<br \/>\nPan\u00ed Vodi\u010dkov\u00e1, tak vy se star\u00e1te o d\u011bti, kter\u00e9 tam b\u00fdt nemaj\u00ed a proto na n\u011b nedost\u00e1v\u00e1te pen\u00edze? Nebo nejste schopni&#8230;<\/p>\n<p>Marie VODI\u010cKOV\u00c1, p\u0159edsedkyn\u011b, Fond ohro\u017een\u00fdch d\u011bt\u00ed:<br \/>\nNo my m\u00e1me sam\u00e9 tedy jednak pochvaln\u00e9 zpr\u00e1vy od st\u00e1tn\u00edch org\u00e1n\u016f na p\u00e9\u010di. Chod\u00ed to tam obdivovat k n\u00e1m zahrani\u010dn\u00ed n\u00e1v\u0161t\u011bvy. Ale takhle, oni n\u00e1m, st\u00e1t n\u00e1m neplat\u00ed na d\u011bti, o kter\u00e9 se skute\u010dn\u011b star\u00e1me, t\u0159eba z rozhodnut\u00ed soudu, nebo na \u017e\u00e1dost o spot. Ale proto\u017ee tam maj\u00ed b\u00fdt jako podle nich teda ty d\u011bti, co u\u017e tam nejsou, tak a na kter\u00e9 nen\u00ed st\u00e1tn\u00ed p\u0159\u00edsp\u011bvek, tak m\u00e1me ta l\u016f\u017eka nechat, tedy jaksi pr\u00e1zdn\u00e1, bez jak\u00e9hokoliv zaji\u0161t\u011bn\u00ed. Tak\u017ee t\u0159eba ve \u0160t\u011brbohol\u00edch byly 4, 19 dlouhodob\u00fdch propustech, to je v podstat\u011b 4 byty by byly pr\u00e1zdn\u00e9, tety by tam mohly koukat jenom tak do stropu a kdy\u017e ty \u00fa\u0159ady cht\u011bly, abychom t\u0159eba p\u0159ijali 8 d\u011bt\u00ed, kter\u00e9 by jinak se musely rozd\u011blit do n\u011bkolika \u00fastav\u016f, jako i v\u010dera nap\u0159\u00edklad teda to je\u0161t\u011b bych se k tomu vr\u00e1tila, no tak n\u00e1m na ty d\u011bti nic ned\u00e1. A\u010dkoliv se o n\u011b star\u00e1me. Tak\u017ee to je divn\u00fd.<\/p>\n<p>moder\u00e1tor:<br \/>\nTak tomu, tomu ale nerozum\u00edm. Tak pan\u00ed Kotalov\u00e1, pro\u010d ten st\u00e1t tam po\u0161le ty d\u011bti a nic na to ned\u00e1?<\/p>\n<p>Krist\u00fdna KOTALOV\u00c1,<br \/>\nSt\u00e1t tam m\u016f\u017ee d\u011bti spr\u00e1vn\u011b poslat jenom v p\u0159\u00edpad\u011b, \u017ee je tam skute\u010dn\u011b voln\u00e1 kapacita, proto\u017ee pokud tam je d\u00edt\u011b, kter\u00e9 je um\u00edst\u011bno soudn\u011b, nebo z n\u011bjak\u00e9ho rozhodnut\u00ed nebo na \u017e\u00e1dost do Klok\u00e1nku, i kdy\u017e tam fyzicky nen\u00ed, je nap\u0159\u00edklad na dlouhodob\u00e9 propustce, tak to znamen\u00e1 zm\u011bnu jeho situace a je t\u0159eba tu jeho situaci zm\u011bnit celou i pr\u00e1vn\u011b, proto\u017ee jinak to d\u00edt\u011b z\u016fst\u00e1v\u00e1 po\u0159\u00e1d jakoby um\u00edst\u011bn\u00e9 v za\u0159\u00edzen\u00ed, kter\u00e9 za n\u011bj jakoby nese i n\u011bjakou \u010d\u00e1ste\u010dnou odpov\u011bdnost a nem\u016f\u017ee teda na jedno l\u016f\u017eko vlastn\u011b b\u00fdt poskytov\u00e1n p\u0159\u00edsp\u011bvek t\u0159eba nap\u0159\u00edklad na t\u0159i d\u011bti, proto\u017ee n\u011bkter\u00e9 z t\u011bch d\u011bt\u00ed, kter\u00e9 tam nen\u00ed, by se mohlo v n\u011bjakou jakoukoliv chv\u00edli z n\u011bjak\u00e9ho d\u016fvodu pot\u0159ebovat vr\u00e1tit. To je to stejn\u00e9, jako kdyby n\u011bkdo byl t\u0159eba v nemocnici, \u0161el, \u0161el na vych\u00e1zku a ne\u017e by se vr\u00e1til, tak by na jeho l\u016f\u017eku vlastn\u011b u\u017e le\u017eel jin\u00fd pacient.<\/p>\n<p>moder\u00e1tor:<br \/>\nA pan\u00ed Vodi\u010dkov\u00e1, v\u00e1m to nesta\u010d\u00ed, kdy\u017e to d\u00edt\u011b tam tedy chv\u00edli je, chv\u00edli nen\u00ed, \u017ee ty pen\u00edze dost\u00e1v\u00e1te jenom po dobu, kdy tam je?<\/p>\n<p>VODI\u010cKOV\u00c1<br \/>\nNo my je nedost\u00e1v\u00e1me po dobu, kdy tam je. Pr\u00e1v\u011b pokud ty d\u011bti jsou t\u0159eba rok na t\u00e9 dlouhodob\u00e9 propustce a je tam&#8230;<\/p>\n<p>moder\u00e1tor:<br \/>\nTo je to, \u017ee jsou u rodi\u010d\u016f, u sv\u00fdch, to je dlouhodob\u00e1 propustka?<\/p>\n<p>VODI\u010cKOV\u00c1,<br \/>\nU\u017e anebo, ano, anebo u\u017e v &#8230;<\/p>\n<p>moder\u00e1tor:<br \/>\nAnebo v n\u011bjak\u00e9m \u00fastavu t\u0159eba?<\/p>\n<p>VODI\u010cKOV\u00c1<br \/>\nN\u00e1hradn\u00ed rodin\u011b&#8230;<\/p>\n<p>moder\u00e1tor:<br \/>\nNebo v n\u00e1hradn\u00ed rodin\u011b?<\/p>\n<p>VODI\u010cKOV\u00c1,<br \/>\nAno, a soud je\u0161t\u011b pravomocn\u011b nerozhodl. Tak\u017ee my bychom m\u011bli t\u0159eba rok nechat ta m\u00edsta voln\u00e1 bez jak\u00e9hokoliv zaji\u0161t\u011bn\u00ed, proto\u017ee tam nejsou, to je pravda, a kdy\u017e ale st\u00e1t pot\u0159eboval um\u00edstit d\u011bti aby se nemuseli sourozenci trhat, jako nap\u0159\u00edklad v\u010dera, to m\u011b docela tedy fakt vad\u00ed. 4 sourozenci, kte\u0159\u00ed jsou na sebe v\u00e1z\u00e1ni, tak&#8230;Je rozd\u011bl\u00ed.<\/p>\n<p>moder\u00e1tor:<br \/>\nToto m\u00edsto, kter\u00e9 vlastn\u011b jakoby je obsazen\u00e9, ale jenom pap\u00edrov\u011b obsazen\u00e9, fyzicky na n\u011bm nikdo nesp\u00ed, tam poslal nov\u00e9 d\u00edt\u011b ten st\u00e1t, ale neposlal za n\u011b pen\u00edze. A t\u00edm vznikly ty dluhy?<\/p>\n<p>VODI\u010cKOV\u00c1<br \/>\nNo ale neposlal ani na ty d\u011bti, co jsou samoz\u0159ejm\u011b na t\u00e9 propustce. Tak\u017ee, ta m\u00edsta jsou vlastn\u011b bez jak\u00e9hokoliv zaji\u0161t\u011bn\u00ed, ale my mus\u00edme platit mzdy, my mus\u00edme tedy platit energie a&#8230;<\/p>\n<p>moder\u00e1tor:<br \/>\nP\u016fvodn\u00ed, promi\u0148te mi laick\u00e9 vyj\u00e1d\u0159en\u00ed, ani na to p\u016fvodn\u00ed d\u00edt\u011b, ani na to nov\u00e9 d\u00edt\u011b st\u00e1t nepos\u00edl\u00e1 ani korunu.<\/p>\n<p>VODI\u010cKOV\u00c1,<br \/>\nAno, nepos\u00edl\u00e1.<\/p>\n<p>moder\u00e1tor:<br \/>\nTo nen\u00ed divn\u00e9, pan\u00ed Kotalov\u00e1, kdy\u017e to d\u00edt\u011b tam je, n\u011bjak\u00e9 d\u00edt\u011b tam je, tak pro\u010d na n\u011bj nepos\u00edl\u00e1te pen\u00edze?<\/p>\n<p>Krist\u00fdna KOTALOV\u00c1,<br \/>\nProto\u017ee tam mus\u00ed v takov\u00e9mhle p\u0159\u00edpad\u011b, pokud to trv\u00e1 nap\u0159\u00edklad rok, doch\u00e1zet k n\u011bjak\u00e9 pr\u00e1vn\u00ed chyb\u011b, nebo k n\u011bjak\u00e9 procesn\u00ed chyb\u011b, proto\u017ee p\u0159eci, kdy\u017e d\u00edt\u011b je um\u00edst\u011bno v za\u0159\u00edzen\u00ed okam\u017eit\u00e9 pomoci, to znamen\u00e1, \u017ee akutn\u011b v tu chv\u00edli pot\u0159ebuje n\u011bjakou pomoc, pokud u\u017e mezi t\u00edm m\u016f\u017ee t\u0159eba rok pob\u00fdvat ve vlastn\u00ed nebo n\u00e1hradn\u00ed rodin\u011b, tak by se jeho pr\u00e1vn\u00ed statut m\u011bl zm\u011bnit. Proto, jak jsem p\u0159ed t\u00edm \u0159\u00edkala, ono je po\u0159\u00e1d technicky sv\u011b\u0159eno do jednoho za\u0159\u00edzen\u00ed, kter\u00e9 o n\u011bj vlastn\u011b nepe\u010duje, t\u0159eba o n\u011bm ani nem\u00e1 ani p\u0159ehled, i kdy\u017e za n\u011bj \u010d\u00e1ste\u010dn\u011b st\u00e1le odpov\u00edd\u00e1. To je rizikov\u00e9 jak pro d\u00edt\u011b, tak pro to za\u0159\u00edzen\u00ed. Proto by m\u011blo potom doj\u00edt k zm\u011bn\u011b statutu toho d\u00edt\u011bte a to d\u00edt\u011b by tedy m\u011blo b\u00fdt sv\u011b\u0159eno do p\u00e9\u010de rodi\u010d\u016f, nebo t\u011bch n\u00e1hradn\u00edch rodi\u010d\u016f a u\u017e nem\u011blo by b\u00fdt teda jakoby zab\u00edrat to l\u016f\u017eko toho Klok\u00e1nku, kdy\u017e tam nen\u00ed. Pokud jde o to, \u017ee to n\u011bkdy trv\u00e1 dlouho, tak to u\u017e je potom ot\u00e1zka rozhodovac\u00edch lh\u016ft soud\u016f, se kterou my se pot\u00fdk\u00e1me i v jin\u00fdch oblastech, ale nem\u016f\u017eu bohu\u017eel n\u011bjak\u00fdm zp\u016fsobem vysv\u011btlovat t\u0159eba, pro\u010d k tomu doch\u00e1z\u00ed. To je ot\u00e1zka na, na soudy.<\/p>\n<p>moder\u00e1tor:<br \/>\nTak te\u010f, pros\u00edm, ta budoucnost. Velmi stru\u010dn\u011b d\u00e1my popros\u00edm ob\u011b dv\u011b. Ta dohoda, kter\u00e1 se dnes uzav\u0159ela, mo\u017en\u00e1 \u0159ekn\u011bme restrukturalizace Klok\u00e1nk\u016f, to je cesta, kterou je dobr\u00e9 j\u00edt, pan\u00ed Vodi\u010dkov\u00e1?<\/p>\n<p>VODI\u010cKOV\u00c1,<br \/>\nNo j\u00e1 mysl\u00edm, \u017ee to nen\u00ed \u00fapln\u011b ta cesta, proto\u017ee pokud nad\u00e1le nebudeme dost\u00e1vat finan\u010dn\u00ed prost\u0159edky na d\u011bti, o kter\u00e9 tedy se star\u00e1me, tak ty dluhy budou nar\u016fstat. A jinak ty dluhy d\u011blaj\u00ed je\u0161t\u011b v\u00edc ne\u017e kolik dlu\u017e\u00edme na odvodech st\u00e1tu a na\u0161im zam\u011bstnanc\u016fm. Krom\u011b toho t\u00edm, \u017ee nem\u00e1me bezdlu\u017enost, tak jsme nedostali ani 11 milion\u016f dotac\u00ed, kter\u00e9 u\u017e jsme m\u011bli schv\u00e1len\u00e9. Tak\u017ee to je pak t\u011b\u017ek\u00e9. A p\u016fj\u010dka tedy ze strany st\u00e1tu, j\u00e1 mysl\u00edm, \u017ee by \u0159e\u0161en\u00edm bylo, kdyby n\u00e1m doplatili za d\u011bti, o kter\u00e9 jsme se skute\u010dn\u011b starali. T\u0159eba nech\u00e1pu, \u017ee&#8230;<\/p>\n<p>moder\u00e1tor:<br \/>\na z toho byste pak zaplatili ty dluhy p\u0159\u00edpadn\u011b?<\/p>\n<p>VODI\u010cKOV\u00c1,<br \/>\nNo tak jist\u011b, to by v\u0161echny dluhy byly pokryt\u00fd.<\/p>\n<p>moder\u00e1tor:<br \/>\nPan\u00ed Kotalov\u00e1, ten dne\u0161n\u00ed kompromis, ta dohoda, to je cesta, kterou bude ministerstvo pr\u00e1ce a soci\u00e1ln\u00edch v\u011bc\u00ed podporovat a s jednotliv\u00fdmi \u010dleny Fondu ohro\u017een\u00fdch d\u011bt\u00ed se na nich dohodne?<\/p>\n<p>Krist\u00fdna KOTALOV\u00c1<br \/>\nNo my v podstat\u011b nem\u00e1me tady v tomhle sm\u011bru ani \u017e\u00e1dnou ani rozhodovac\u00ed ani vlastn\u011b jako dohadovac\u00ed pravomoc. Tady vznik\u00e1 n\u011bjak\u00fd vztah v, v, ke spr\u00e1v\u011b soci\u00e1ln\u00edho zabezpe\u010den\u00ed, kde vlastn\u011b jako tady existuje n\u011bjak\u00fd dluh, jak zazn\u011blo v report\u00e1\u017ei, kter\u00fd se mus\u00ed vy\u0159e\u0161it v souladu se z\u00e1konem a my vlastn\u011b z vlastn\u00ed iniciativy se n\u011bjak\u00fdm zp\u016fsobem sna\u017e\u00edme pod\u00edlet na tom, aby se na\u0161lo, pokud mo\u017eno, vhodn\u00e9 \u0159e\u0161en\u00ed pro to, aby byla tedy zaji\u0161t\u011bna budoucnost t\u011bch d\u011bt\u00ed. Nen\u00ed to \u00fapln\u011b o Klok\u00e1nc\u00edch, je to o tom, \u017ee prost\u011b, pokud n\u011bjak\u00e9 za\u0159\u00edzen\u00ed, kter\u00e9 m\u00e1 sv\u011b\u0159eno d\u011bti a ocit\u00e1 se v probl\u00e9mech, pot\u0159ebuje n\u011bjakou pomoc. Stejn\u011b tak \u0159e\u0161\u00edme tuhle situaci preventivn\u011b i s kraji, kter\u00e9 byly vyzv\u00e1ny k tomu, aby si vlastn\u011b nach\u00e1zely i krizov\u00e9 \u0159e\u0161en\u00ed pro to, \u017ee by teda do\u0161lo skute\u010dn\u011b k tomu, \u017ee by n\u011bjak\u00e9 za\u0159\u00edzen\u00ed bylo uzav\u0159eno, tak kam by ty d\u011bti byly potom um\u00edst\u011bny, aby to bylo n\u011bjak dop\u0159edu napl\u00e1nov\u00e1no. Tak\u017ee my v\u00edt\u00e1me ur\u010dit\u011b to, \u017ee je snaha se sej\u00edt, \u017ee je snaha d\u00e1vat n\u011bjak\u00e9 n\u00e1vrhy, kter\u00e9 my jsme tedy tak\u00e9 zkou\u0161eli d\u00e1vat u\u017e p\u0159ed n\u011bjakou dobu a douf\u00e1me sami, \u017ee to dopadne p\u0159\u00edzniv\u011b pro Fond ohro\u017een\u00fdch d\u011bt\u00ed.<\/p>\n<p>moder\u00e1tor:<br \/>\n<strong>My to budem sledovat a douf\u00e1me tedy taky. D\u00e1my, ob\u011bma d\u011bkuju za \u00fa\u010dast v Ud\u00e1lostech, koment\u00e1\u0159\u00edch.<\/strong><\/p>\n","protected":false},"excerpt":{"rendered":"<div class=\"mh-excerpt\"><p>Krizov\u00e1 sch\u016fzka p\u0159\u00edslu\u0161n\u00fdch ministerstev a fondu uk\u00e1zala cestu, kterou by se za\u0159\u00edzen\u00ed Klok\u00e1nk\u016f mohla vydat, aby p\u0159e\u017eila. Na soci\u00e1ln\u00edch odvodech za 600 zam\u011bstnanc\u016f dlu\u017e\u00ed fond <a class=\"mh-excerpt-more\" href=\"https:\/\/www.invarena.cz\/?p=21770\" title=\"Na d\u011bti na propustce nedost\u00e1vaj\u00ed pen\u00edze\">[&#8230;]<\/a><\/p>\n<\/div>","protected":false},"author":1,"featured_media":6457,"comment_status":"open","ping_status":"closed","sticky":false,"template":"","format":"standard","meta":{"footnotes":""},"categories":[7],"tags":[],"class_list":["post-21770","post","type-post","status-publish","format-standard","has-post-thumbnail","hentry","category-spolecnost"],"_links":{"self":[{"href":"https:\/\/www.invarena.cz\/index.php?rest_route=\/wp\/v2\/posts\/21770","targetHints":{"allow":["GET"]}}],"collection":[{"href":"https:\/\/www.invarena.cz\/index.php?rest_route=\/wp\/v2\/posts"}],"about":[{"href":"https:\/\/www.invarena.cz\/index.php?rest_route=\/wp\/v2\/types\/post"}],"author":[{"embeddable":true,"href":"https:\/\/www.invarena.cz\/index.php?rest_route=\/wp\/v2\/users\/1"}],"replies":[{"embeddable":true,"href":"https:\/\/www.invarena.cz\/index.php?rest_route=%2Fwp%2Fv2%2Fcomments&post=21770"}],"version-history":[{"count":0,"href":"https:\/\/www.invarena.cz\/index.php?rest_route=\/wp\/v2\/posts\/21770\/revisions"}],"wp:featuredmedia":[{"embeddable":true,"href":"https:\/\/www.invarena.cz\/index.php?rest_route=\/wp\/v2\/media\/6457"}],"wp:attachment":[{"href":"https:\/\/www.invarena.cz\/index.php?rest_route=%2Fwp%2Fv2%2Fmedia&parent=21770"}],"wp:term":[{"taxonomy":"category","embeddable":true,"href":"https:\/\/www.invarena.cz\/index.php?rest_route=%2Fwp%2Fv2%2Fcategories&post=21770"},{"taxonomy":"post_tag","embeddable":true,"href":"https:\/\/www.invarena.cz\/index.php?rest_route=%2Fwp%2Fv2%2Ftags&post=21770"}],"curies":[{"name":"wp","href":"https:\/\/api.w.org\/{rel}","templated":true}]}}