{"id":21782,"date":"2015-06-18T11:50:51","date_gmt":"2015-06-18T09:50:51","guid":{"rendered":"http:\/\/www.invarena.cz\/?p=21782"},"modified":"2015-06-18T11:50:51","modified_gmt":"2015-06-18T09:50:51","slug":"pulmaraton-odstartuje-stafeta-na-voziku","status":"publish","type":"post","link":"https:\/\/www.invarena.cz\/?p=21782","title":{"rendered":"P\u016flmaraton odstartuje \u0161tafeta na voz\u00edku"},"content":{"rendered":"<p><strong>Jak\u00e9 je b\u00fdt na voz\u00ed\u010dku pro hendikepovan\u00e9 od narozen\u00ed? Sv\u00e9 o tom v\u00ed Tom\u00e1\u0161 Hel\u00edsek ze Spolku Trend voz\u00ed\u010dk\u00e1\u0159\u016f Olomouc. Je jedn\u00edm z inici\u00e1tor\u016f ojedin\u011bl\u00e9 sportovn\u00ed akce, Olomouck\u00e9 \u0161tafety na voz\u00edku na 24 hodin. Odstartuje den p\u0159ed p\u016flmaratonem a jej\u00edm c\u00edlem je, jak s\u00e1m Tom\u00e1\u0161 \u0159\u00edk\u00e1, spojit dva sv\u011bty.<\/strong><!--more--><\/p>\n<p>&#8222;V roce 2014 jsme uspo\u0159\u00e1dali nult\u00fd, zku\u0161ebn\u00ed ro\u010dn\u00edk t\u00e9to \u0161tafety. Hlavn\u00ed my\u0161lenkou bylo formou jak\u00e9hosi happeningu spojit dva sv\u011bty a uk\u00e1zat zdrav\u00fdm lidem, jak\u00e9 to je sed\u011bt na voz\u00edku, ujet na n\u011bm 250 metr\u016f a pot\u00e9 voz\u00edk a \u0161tafetu p\u0159edat dal\u0161\u00edmu \u00fa\u010dastn\u00edku,&#8220; vysv\u011btluje Hel\u00edsek zrod a princip akce.<br \/>\nV lo\u0148sk\u00e9m roce se \u0161tafety z\u00fa\u010dastnilo v\u00edce ne\u017e 170 lid\u00ed a trvala p\u016flden.<\/p>\n<p>&#8222;O akci jsem se dozv\u011bd\u011bla prost\u0159ednictv\u00edm hendikepovan\u00e9ho kamar\u00e1da. \u0158ekla jsem si, \u017ee by bylo fajn se z\u00fa\u010dastnit a alespo\u0148 na chvilku si vyzkou\u0161et, jak\u00e9 n\u00e1strahy mus\u00ed voz\u00ed\u010dk\u00e1\u0159 p\u0159ekon\u00e1vat v ka\u017edodenn\u00edm \u017eivot\u011b. Pro zdrav\u00e9 lidi jde o vz\u00e1cnou zku\u0161enost, kterou by m\u011bl absolvovat ka\u017ed\u00fd z n\u00e1s. Mo\u017en\u00e1 by to pak donutilo lidi v\u00edce p\u0159em\u00fd\u0161let o z\u00e1sadn\u00edch v\u011bcech,&#8220; vzpom\u00edn\u00e1 na lo\u0148skou zku\u0161enost osmadvacetilet\u00e1 Anna.<br \/>\nLetos by organiz\u00e1to\u0159i cht\u011bli p\u0159idat dal\u0161\u00ed p\u016flden a prodlou\u017eit trv\u00e1n\u00ed \u0161tafety na 24 hodin. V\u0161e se odehraje v Rudolfov\u011b aleji olomouck\u00fdch Smetanov\u00fdch sad\u016f. Start je napl\u00e1nov\u00e1n na p\u00e1te\u010dn\u00ed r\u00e1no 19. \u010dervna. P\u0159ijde-li si j\u00edzdu na voz\u00edku vyzkou\u0161et dostate\u010dn\u00fd po\u010det \u00fa\u010dastn\u00edk\u016f, doraz\u00ed \u0161tafeta do c\u00edle o den pozd\u011bji o dev\u00e1t\u00e9 hodin\u011b rann\u00ed. &#8222;Ujet 250 metr\u016f na voz\u00edku? Pro zdrav\u00e9ho \u010dlov\u011bka mali\u010dkost. Mo\u017en\u00e1 v\u0161ak i d\u00edky t\u00e9to mali\u010dkosti za\u010dne v\u00edce p\u0159em\u00fd\u0161let o sv\u011bt\u011b kolem sebe, o zbyte\u010dn\u00fdch bari\u00e9r\u00e1ch mezi lidmi,&#8220; dopl\u0148uje Hel\u00edsek.<br \/>\nV\u00edce informac\u00ed a registrace na www.trendvozickaru. cz\/stafeta, p\u0159\u00edpadn\u011b na telefonu 776 708 696 \u010di e-mailu stafeta@trendvozickaru. cz.<\/p>\n<p>Radni\u010dn\u00ed listy<\/p>\n","protected":false},"excerpt":{"rendered":"<div class=\"mh-excerpt\"><p>Jak\u00e9 je b\u00fdt na voz\u00ed\u010dku pro hendikepovan\u00e9 od narozen\u00ed? Sv\u00e9 o tom v\u00ed Tom\u00e1\u0161 Hel\u00edsek ze Spolku Trend voz\u00ed\u010dk\u00e1\u0159\u016f Olomouc. Je jedn\u00edm z inici\u00e1tor\u016f ojedin\u011bl\u00e9 <a class=\"mh-excerpt-more\" href=\"https:\/\/www.invarena.cz\/?p=21782\" title=\"P\u016flmaraton odstartuje \u0161tafeta na voz\u00edku\">[&#8230;]<\/a><\/p>\n<\/div>","protected":false},"author":1,"featured_media":6904,"comment_status":"open","ping_status":"closed","sticky":false,"template":"","format":"standard","meta":{"footnotes":""},"categories":[7],"tags":[],"class_list":["post-21782","post","type-post","status-publish","format-standard","has-post-thumbnail","hentry","category-spolecnost"],"_links":{"self":[{"href":"https:\/\/www.invarena.cz\/index.php?rest_route=\/wp\/v2\/posts\/21782","targetHints":{"allow":["GET"]}}],"collection":[{"href":"https:\/\/www.invarena.cz\/index.php?rest_route=\/wp\/v2\/posts"}],"about":[{"href":"https:\/\/www.invarena.cz\/index.php?rest_route=\/wp\/v2\/types\/post"}],"author":[{"embeddable":true,"href":"https:\/\/www.invarena.cz\/index.php?rest_route=\/wp\/v2\/users\/1"}],"replies":[{"embeddable":true,"href":"https:\/\/www.invarena.cz\/index.php?rest_route=%2Fwp%2Fv2%2Fcomments&post=21782"}],"version-history":[{"count":0,"href":"https:\/\/www.invarena.cz\/index.php?rest_route=\/wp\/v2\/posts\/21782\/revisions"}],"wp:featuredmedia":[{"embeddable":true,"href":"https:\/\/www.invarena.cz\/index.php?rest_route=\/wp\/v2\/media\/6904"}],"wp:attachment":[{"href":"https:\/\/www.invarena.cz\/index.php?rest_route=%2Fwp%2Fv2%2Fmedia&parent=21782"}],"wp:term":[{"taxonomy":"category","embeddable":true,"href":"https:\/\/www.invarena.cz\/index.php?rest_route=%2Fwp%2Fv2%2Fcategories&post=21782"},{"taxonomy":"post_tag","embeddable":true,"href":"https:\/\/www.invarena.cz\/index.php?rest_route=%2Fwp%2Fv2%2Ftags&post=21782"}],"curies":[{"name":"wp","href":"https:\/\/api.w.org\/{rel}","templated":true}]}}