{"id":2181,"date":"2014-01-21T01:47:01","date_gmt":"2014-01-21T00:47:01","guid":{"rendered":"http:\/\/www.invarena.cz\/?p=2181"},"modified":"2014-01-21T10:20:09","modified_gmt":"2014-01-21T09:20:09","slug":"strach-lidi-z-neznameho","status":"publish","type":"post","link":"https:\/\/www.invarena.cz\/?p=2181","title":{"rendered":"Strach lid\u00ed z nezn\u00e1m\u00e9ho"},"content":{"rendered":"<p><strong>Posti\u017een\u00ed se postupn\u011b st\u011bhuj\u00ed z \u00fastav\u016f do men\u0161\u00edch domk\u016f. V n\u011bkter\u00fdch obc\u00edch jsou z toho ale obavy.<\/strong><br \/>\n<!--more--><br \/>\nProjekt, kter\u00fd mohl vzniknout d\u00edky Evropsk\u00e9mu soci\u00e1ln\u00edmu fondu, se ch\u00fdl\u00ed ke sv\u00e9mu konci. Nap\u0159\u00ed\u010d celou republikou byly postaveny men\u0161\u00ed domky, ve kter\u00fdch budou \u017e\u00edt zdravotn\u011b a ment\u00e1ln\u011b posti\u017een\u00ed. P\u0159est\u011bhuj\u00ed se tam z \u00fastav\u016f, kde \u010dasto \u017eij\u00ed uzav\u0159en\u00fdm \u017eivotem. Nemaj\u00ed \u017e\u00e1dn\u00e9 pon\u011bt\u00ed o realit\u011b, p\u0159itom se \u010dasto jedn\u00e1 o lidi, kte\u0159\u00ed maj\u00ed jen n\u011bjak\u00fd men\u0161\u00ed zdravotn\u00ed handicap.<\/p>\n<p>D\u00edky projektu se tak snad poda\u0159\u00ed odbourat ten neblaze proslul\u00fd stav je\u0161t\u011b z hlubok\u00e9 totality, kdy ka\u017ed\u00fd zdravotn\u011b posti\u017een\u00fd byl automaticky pova\u017eov\u00e1n za \u010dlov\u011bka, kter\u00fd ve spole\u010dnosti nem\u00e1 sv\u00e9 m\u00edsto a mus\u00ed str\u00e1vit \u017eivot v \u00fastavu.<br \/>\nJen\u017ee lid\u00e9 hlavn\u011b v men\u0161\u00edch vesnic\u00edch, kde tak\u00e9 domky p\u0159ev\u00e1\u017en\u011b vznikaj\u00ed, se dodnes nem\u011bli mo\u017enost s handicapovan\u00fdmi lidmi st\u00fdkat. Z toho plyne jejich strach. Ob\u00e1vaj\u00ed se, \u017ee posti\u017een\u00ed budou nebezpe\u010dn\u00ed pro jejich d\u011bti, a \u017ee v obci bude nadm\u011brn\u00fd hluk.<\/p>\n<p>Lid\u00e9, kte\u0159\u00ed se ale s posti\u017een\u00fdmi b\u011b\u017en\u011b st\u00fdkaj\u00ed tvrd\u00ed, \u017ee v\u0161e je jen o p\u0159ekon\u00e1n\u00ed strachu. Ka\u017ed\u00fd m\u016f\u017ee zdravotn\u011b posti\u017een\u00e9ho oslovit a ve v\u011bt\u0161in\u011b p\u0159\u00edpad\u016f zjist\u00ed, \u017ee se jedn\u00e1 o t\u00e9m\u011b\u0159 norm\u00e1ln\u00edho \u010dlov\u011bka. \u010casto takto vznikaj\u00ed pevn\u00e1 p\u0159\u00e1telstv\u00ed a mnohdy i partnersk\u00e9 vztahy.<\/p>\n<p>&#8222;Ty strachy v\u0161echny jsou z toho nezn\u00e1ma. Tak\u017ee jde o to prolomit ty prvn\u00ed strachy. Prost\u011b to risknout. A kdy\u017e ta v\u011bt\u0161inov\u00e1 spole\u010dnost na\u0161e klienty bude b\u011b\u017en\u011b potk\u00e1vat dneska, tak ani nev\u00ed, \u017ee to jsou ti na\u0161i klienti. Ty se boj\u00ed prost\u011b opravdu n\u011bjak\u00fd bubliny,&#8220; \u0159ekla \u010cesk\u00e9mu rozhlasu \u0159editelka domova pro osoby se zdravotn\u00edm posti\u017een\u00edm v Ma\u0159enic\u00edch Petra Br\u00e9cklov\u00e1.<\/p>\n<p>V n\u011bkter\u00fdch obc\u00edch se ale nepoda\u0159ilo dodr\u017eet pl\u00e1n cel\u00e9ho projektu. Pak jsou asi n\u011bkter\u00e9 n\u00e1mytky z \u010d\u00e1sti pochopiteln\u00e9.<\/p>\n<p>&#8222;M\u011bsto Z\u00e1kupy nebo i moje osoba nikdy ne\u0159eklo, \u017ee tady ty posti\u017een\u00e9 nechceme. Podle modulu transformace se v\u0161ude deklaruje pouze 6 handicapovan\u00fdch na jednu lokalitu, na m\u011bsta velikosti Z\u00e1kup, kter\u00e9 m\u00e1 zhruba 2900 obyvatel, jich m\u00e1 b\u00fdt p\u0159est\u011bhov\u00e1no 24. To m\u00e1 b\u00fdt zm\u011bna bydlen\u00ed, zm\u011bna p\u0159\u00edstupu. A ty dva domky od sebe budou vzd\u00e1leny 200 metr\u016f. Mysl\u00edm si, \u017ee tohle transformace nen\u00ed,&#8220; popisuje celou situaci v \u010cRo starosta Z\u00e1kup Radek L\u00edpa.<\/p>\n<p>Lid\u00e9 v\u0161ak v obc\u00edch Jest\u0159eb\u00ed, Zahr\u00e1dky a Z\u00e1kupy sepsali petici, ve kter\u00fdch se boj\u00ed o bezpe\u010dnost sv\u00fdch d\u011bt\u00ed a mysl\u00ed si, \u017ee p\u0159est\u011bhov\u00e1n\u00ed tolika posti\u017een\u00fdch bude znamenat v obci nadm\u011brn\u00fd hluk.<\/p>\n<p>&#8222;Jezd\u00edme do obce nakupovat, do t\u011bch mal\u00fdch obch\u016fdk\u016f, abysme byli vid\u011bt. A p\u0159esto si ta populace b\u011b\u017en\u00e1 p\u0159edstavuje nehor\u00e1zn\u00fd v\u011bci, kter\u00fd by se mohly st\u00e1t. Ale za 100 let existence \u00fastavu my jsme nem\u011bli probl\u00e9m s obc\u00ed a obec nem\u011bla probl\u00e9m s n\u00e1ma. \u017d\u00e1dn\u00e1 a nikde. To jsou prost\u011b jenom takov\u00e9 utkv\u011bl\u00e9 p\u0159edstavy a stra\u0161en\u00ed se sama sebe, \u017ee by se n\u011bco mohlo st\u00e1t,&#8220; \u0159ekl pro \u010cesk\u00fd rozhlas \u0159editel domova Slune\u010dn\u00ed dv\u016fr Pavel Kos.<\/p>\n<p>invArena<\/p>\n<p><em>foto: windchime sxc.hu<br \/>\n<\/em><\/p>\n","protected":false},"excerpt":{"rendered":"<div class=\"mh-excerpt\"><p>Posti\u017een\u00ed se postupn\u011b st\u011bhuj\u00ed z \u00fastav\u016f do men\u0161\u00edch domk\u016f. V n\u011bkter\u00fdch obc\u00edch jsou z toho ale obavy.<\/p>\n<\/div>","protected":false},"author":3,"featured_media":14487,"comment_status":"open","ping_status":"open","sticky":false,"template":"","format":"standard","meta":{"footnotes":""},"categories":[7],"tags":[],"class_list":["post-2181","post","type-post","status-publish","format-standard","has-post-thumbnail","hentry","category-spolecnost"],"_links":{"self":[{"href":"https:\/\/www.invarena.cz\/index.php?rest_route=\/wp\/v2\/posts\/2181","targetHints":{"allow":["GET"]}}],"collection":[{"href":"https:\/\/www.invarena.cz\/index.php?rest_route=\/wp\/v2\/posts"}],"about":[{"href":"https:\/\/www.invarena.cz\/index.php?rest_route=\/wp\/v2\/types\/post"}],"author":[{"embeddable":true,"href":"https:\/\/www.invarena.cz\/index.php?rest_route=\/wp\/v2\/users\/3"}],"replies":[{"embeddable":true,"href":"https:\/\/www.invarena.cz\/index.php?rest_route=%2Fwp%2Fv2%2Fcomments&post=2181"}],"version-history":[{"count":0,"href":"https:\/\/www.invarena.cz\/index.php?rest_route=\/wp\/v2\/posts\/2181\/revisions"}],"wp:featuredmedia":[{"embeddable":true,"href":"https:\/\/www.invarena.cz\/index.php?rest_route=\/wp\/v2\/media\/14487"}],"wp:attachment":[{"href":"https:\/\/www.invarena.cz\/index.php?rest_route=%2Fwp%2Fv2%2Fmedia&parent=2181"}],"wp:term":[{"taxonomy":"category","embeddable":true,"href":"https:\/\/www.invarena.cz\/index.php?rest_route=%2Fwp%2Fv2%2Fcategories&post=2181"},{"taxonomy":"post_tag","embeddable":true,"href":"https:\/\/www.invarena.cz\/index.php?rest_route=%2Fwp%2Fv2%2Ftags&post=2181"}],"curies":[{"name":"wp","href":"https:\/\/api.w.org\/{rel}","templated":true}]}}