{"id":21816,"date":"2015-06-19T11:51:36","date_gmt":"2015-06-19T09:51:36","guid":{"rendered":"http:\/\/www.invarena.cz\/?p=21816"},"modified":"2015-06-19T11:51:36","modified_gmt":"2015-06-19T09:51:36","slug":"italka-prisla-v-nemecku-o-deti-prosla-si-peklem","status":"publish","type":"post","link":"https:\/\/www.invarena.cz\/?p=21816","title":{"rendered":"Italka p\u0159i\u0161la v N\u011bmecku o d\u011bti. Pro\u0161la si peklem"},"content":{"rendered":"<p><strong>Mil\u00e1n, m\u011bsto ekonomiky, m\u00f3dy a v\u0161eho modern\u00edho. Kdo by tady \u010dekal doslova st\u0159edov\u011bk\u00e9 praktiky? Marinela byla potrest\u00e1na za l\u00e1sku ke sv\u00fdm d\u011btem. V N\u011bmecku byla obvin\u011bna za \u00fanos vlastn\u00edch d\u011bt\u00ed. Uv\u011bznili ji jako zlo\u010dince. Policie zak\u00e1zala nato\u010dit v\u011bzen\u00ed. Marinela popisuje peklo, kter\u00fdm si za p\u011bt let pro\u0161la.<\/strong><!--more--><\/p>\n<p><strong>ilustra\u010dn\u00ed foto: MorgueFile<\/strong><\/p>\n<p><strong>Marinela<\/strong>:<br \/>\nNemohu uv\u011b\u0159it, \u017ee jsem byla t\u0159ikr\u00e1t v\u011bzn\u011bna, kdy\u017e m\u011b n\u011bmeck\u00fd soud pro rodinu prohl\u00e1sil za zlo\u010dince a italsk\u00e1 justice s rozsudkem souhlasila. Dali m\u011b do v\u011bzen\u00ed a bylo to. Musela jsem si proj\u00edt psychologick\u00fdm n\u00e1sil\u00edm. Dvan\u00e1ct policist\u016f p\u0159i\u0161lo ke mn\u011b dom\u016f a vyhro\u017eovalo, \u017ee vylom\u00ed dve\u0159e, pokud neotev\u0159u. Ne\u0159ekli mi, pro\u010d p\u0159i\u0161li. To bylo n\u00e1sil\u00ed.<\/p>\n<p>moder\u00e1tor:<br \/>\nItalsk\u00e1 policie plnila \u00fakol z N\u011bmecka. Pak si policist\u00e9 p\u0159i\u0161li pro d\u011bti do \u0161koly a odvezli je do Mnichova. \u0160li jsme do \u0161koly a sna\u017eili se to pochopit. Pr\u00e1v\u011b zde 10let\u00fd Leonardo a 6let\u00fd Nicolo byli uneseni policisty za n\u011bm\u00e9ho \u00fa\u017easu u\u010ditelek.<\/p>\n<p>osoba:<br \/>\nTo se nem\u011blo st\u00e1t. Nemysl\u00edm si, \u017ee je lidsk\u00e9 odtrhnout d\u011bti od jejich matky. A mn\u011b ani nedovolili, abych j\u00ed to sd\u011blila a varovala ji. Bydl\u00ed jen 10 minut odtud.<\/p>\n<p><strong>Marinela<\/strong>:<br \/>\nByla to stra\u0161n\u00e1 zku\u0161enost, nic hor\u0161\u00edho jsem neza\u017eila. Pamatuju si ten 8. kv\u011bten, jako by to bylo v\u010dera. Byl p\u00e1tek. Nicola doprov\u00e1zela u\u010ditelka do m\u00edstnosti, kde byli policajti. \u00daporn\u011b se j\u00ed dr\u017eel za ruku a necht\u011bl j\u00edt. Chlapec byl v \u0161oku a Leonardo, ten st\u00e1l t\u011bch 10 minut a z\u00edral na m\u011b. Jakoby m\u011bl v o\u010d\u00edch napsanou ot\u00e1zku, vy s t\u00edm nic neud\u011bl\u00e1te? My jsme v\u0161ak nemohli nic ud\u011blat. Policie odvedla d\u011bti pry\u010d a my je od t\u00e9 doby nevid\u011bli.<\/p>\n<p>moder\u00e1tor:<br \/>\nRodi\u010de, d\u011bti a u\u010ditel\u00e9 protestovali p\u0159ed radnic\u00ed. Marinela n\u00e1s te\u010f vede k p\u0159\u00edtelkyni, kter\u00e1 tam protestovala i se sv\u00fdmi d\u011btmi. \u017dena si p\u0159eje z\u016fstat v anonymit\u011b. C\u00edt\u00ed se dosud ohro\u017een\u00e1, proto\u017ee podporovala Marinelu.<\/p>\n<p>osoba:<br \/>\nV\u0161ichni p\u0159\u00e1tel\u00e9 byli pod velk\u00fdm tlakem i n\u00e1tlakem. To m\u011b hrozb\u011b pobou\u0159ilo. Kdy\u017e hled\u00e1te ochranu u justice, p\u0159edpokl\u00e1d\u00e1te, \u017ee v\u00e1s n\u011bkdo aspo\u0148 vysly\u0161\u00ed, kdy\u017e jde nav\u00edc o d\u011bti, ov\u0161em oni se to sna\u017eili ututlat a pou\u017eili policii k zastra\u0161en\u00ed lid\u00ed. A zabr\u00e1nili, aby se pravda odhalila.<\/p>\n<p>moder\u00e1tor:<br \/>\nN\u011bmeck\u00e1 justice pova\u017euje za d\u016fle\u017eit\u00e9, aby d\u011bti vychov\u00e1van\u00e9 v N\u011bmecku tam i z\u016fstaly. Kdy\u017e se Marinela rozvedla, jej\u00ed n\u011bmeck\u00fd man\u017eel nesouhlasil se sv\u011b\u0159en\u00edm d\u011bt\u00ed do p\u00e9\u010de man\u017eelky. Kdy\u017e se o dva roky pozd\u011bji p\u0159est\u011bhovala zp\u011bt do Mil\u00e1na, bylo to podle pr\u00e1va a v po\u0159\u00e1dku.<\/p>\n<p><strong>Marinela<\/strong>:<br \/>\nNev\u011bd\u011bla jsem, \u017ee ve v\u011bt\u0161in\u011b p\u0159\u00edpad\u016f sv\u011b\u0159uj\u00ed n\u011bmeck\u00e9 soudy d\u011bti z rozveden\u00fdch man\u017eelstv\u00ed s cizinci N\u011bmc\u016fm. V\u011b\u0159ila jsem, \u017ee Italov\u00e9 p\u0159inejmen\u0161\u00edm p\u0159ihl\u00e9dnou ke skute\u010dnosti, \u017ee sem Italka a \u017ee d\u011bti byly sv\u011b\u0159eny mn\u011b. Tak to ale nebylo. Pouze plnili p\u0159\u00e1n\u00ed a p\u0159\u00edkazy n\u011bmeck\u00fdch \u00fa\u0159ad\u016f, to je v\u0161e.<\/p>\n<p>moder\u00e1tor:<br \/>\nDovolila n\u00e1m nat\u00e1\u010det ve sv\u00e9m byt\u011b jen kr\u00e1tce. Justice pohrozila, \u017ee na\u0161i report\u00e1\u017e zak\u00e1\u017ee. V byt\u011b \u017e\u00e1dn\u00e9 fotky syn\u016f, je to moc bolestiv\u00e9, jen transparent volaj\u00edc\u00ed po jejich osvobozen\u00ed, n\u00e1vratu a kniha, kterou napsala &#8211; Nenech\u00e1m v\u00e1s samotn\u00e9. Je to jej\u00ed terapie, pomoc, jak nepadnou a p\u0159e\u017e\u00edt.<\/p>\n<p><strong>Marinela<\/strong>:<br \/>\nNem\u00e1m v \u00famyslu d\u00e1t N\u011bmc\u016fm pocit uspokojen\u00ed. Nechci, aby m\u011b vid\u011bli zni\u010denou nebo uml\u010denou, jak se stalo jin\u00fdm. N\u011bkte\u0159\u00ed se z toho i zbl\u00e1znili, dal\u0161\u00ed sp\u00e1chali sebevra\u017edu, proto\u017ee nemohli tu bolest un\u00e9st. Nechci, aby si m\u00e9 d\u011bti t\u00edm v\u0161\u00edm proch\u00e1zely.<\/p>\n<p>moder\u00e1tor:<br \/>\nJej\u00ed p\u0159\u00edb\u011bh nen\u00ed zdaleka unik\u00e1tn\u00ed. Jej\u00ed pr\u00e1vn\u00edci z oblasti nejsou nijak p\u0159ekvapeni, \u017ee \u017ealobce v Mil\u00e1n\u011b n\u00e1m odm\u00edtl odpov\u011bd\u011bt na na\u0161e ot\u00e1zky. Tv\u00e1\u0159\u00ed v tv\u00e1\u0159 podivnosti italsk\u00e9 justice ztr\u00e1cej\u00ed pr\u00e1vn\u00edci d\u016fv\u011bru i p\u016fdu pod nohama.<\/p>\n<p>osoba:<br \/>\nJsem doslova zhnusen\u00e1 p\u0159\u00edstupem na\u0161ich \u00fa\u0159ad\u016f. Aby si zjednodu\u0161ily \u017eivot, prost\u011b rad\u011bji zav\u0159ou o\u010di. Necht\u011bj\u00ed se anga\u017eovat ve v\u011bcech, kter\u00e9 by mohly ohrozit jejich postaven\u00ed, funkce. Je to snaz\u0161\u00ed ne\u017e zkoumat, co se skute\u010dn\u011b stalo.<\/p>\n<p>osoba:<br \/>\nIt\u00e1lie se hrozn\u011b boj\u00ed konfrontace s N\u011bmeckem. N\u011bkdo \u0159ekl, \u017ee It\u00e1lie nem\u016f\u017ee riskovat ve vztahu k N\u011bmecku. To by se v p\u0159\u00edpad\u011b Marinely dostala do konfliktu mezi n\u011bmeck\u00fdm a italsk\u00fdm soudnictv\u00edm.<\/p>\n<p>moder\u00e1tor:<br \/>\nMarinela se nenech\u00e1 uml\u010det. Zv\u00fd\u0161ila v\u00fdzvy k ve\u0159ejnosti, aby varovala, aby se v\u011bd\u011blo o skand\u00e1lech, kter\u00e9 se dot\u00fdkaj\u00ed stovek evropsk\u00fdch rodin. Evrop\u0161t\u00ed l\u00edd\u0159i v\u0161ak z\u016fst\u00e1vaj\u00ed zoufale hlu\u0161\u00ed. Jsou jedin\u00ed, kte\u0159\u00ed stoj\u00ed p\u0159ed dve\u0159mi sn\u011bmovny a jsou si jisti, \u017ee dovnit\u0159 vstupuj\u00ed jen \u010dlenov\u00e9 Evropsk\u00e9ho parlamentu. P\u0159edsedu parlamentu doprov\u00e1zej\u00ed na jeho m\u00edsto. To jsou z\u0159\u00edzenci a je jich zde na 140. Hlavn\u00edm z\u0159\u00edzencem je Pascal Feyoy, kter\u00fd pe\u010dliv\u011b pl\u00e1nuje \u00fakoly pro ostatn\u00ed v souladu s harmonogramem parlamentn\u00edch zased\u00e1n\u00ed. Pot\u00e9, co se v\u0161ichni obezn\u00e1m\u00ed se sv\u00fdmi \u00fakoly, obl\u00e9kne si Pascal ofici\u00e1ln\u00ed frak a zam\u00ed\u0159\u00ed do sn\u011bmovny. Tam on a jeho kolegov\u00e9 d\u011blaj\u00ed, co je t\u0159eba.<\/p>\n<p>&nbsp;<\/p>\n","protected":false},"excerpt":{"rendered":"<div class=\"mh-excerpt\"><p>Mil\u00e1n, m\u011bsto ekonomiky, m\u00f3dy a v\u0161eho modern\u00edho. Kdo by tady \u010dekal doslova st\u0159edov\u011bk\u00e9 praktiky? Marinela byla potrest\u00e1na za l\u00e1sku ke sv\u00fdm d\u011btem. V N\u011bmecku byla <a class=\"mh-excerpt-more\" href=\"https:\/\/www.invarena.cz\/?p=21816\" title=\"Italka p\u0159i\u0161la v N\u011bmecku o d\u011bti. Pro\u0161la si peklem\">[&#8230;]<\/a><\/p>\n<\/div>","protected":false},"author":1,"featured_media":13998,"comment_status":"open","ping_status":"closed","sticky":false,"template":"","format":"standard","meta":{"footnotes":""},"categories":[7],"tags":[],"class_list":["post-21816","post","type-post","status-publish","format-standard","has-post-thumbnail","hentry","category-spolecnost"],"_links":{"self":[{"href":"https:\/\/www.invarena.cz\/index.php?rest_route=\/wp\/v2\/posts\/21816","targetHints":{"allow":["GET"]}}],"collection":[{"href":"https:\/\/www.invarena.cz\/index.php?rest_route=\/wp\/v2\/posts"}],"about":[{"href":"https:\/\/www.invarena.cz\/index.php?rest_route=\/wp\/v2\/types\/post"}],"author":[{"embeddable":true,"href":"https:\/\/www.invarena.cz\/index.php?rest_route=\/wp\/v2\/users\/1"}],"replies":[{"embeddable":true,"href":"https:\/\/www.invarena.cz\/index.php?rest_route=%2Fwp%2Fv2%2Fcomments&post=21816"}],"version-history":[{"count":0,"href":"https:\/\/www.invarena.cz\/index.php?rest_route=\/wp\/v2\/posts\/21816\/revisions"}],"wp:featuredmedia":[{"embeddable":true,"href":"https:\/\/www.invarena.cz\/index.php?rest_route=\/wp\/v2\/media\/13998"}],"wp:attachment":[{"href":"https:\/\/www.invarena.cz\/index.php?rest_route=%2Fwp%2Fv2%2Fmedia&parent=21816"}],"wp:term":[{"taxonomy":"category","embeddable":true,"href":"https:\/\/www.invarena.cz\/index.php?rest_route=%2Fwp%2Fv2%2Fcategories&post=21816"},{"taxonomy":"post_tag","embeddable":true,"href":"https:\/\/www.invarena.cz\/index.php?rest_route=%2Fwp%2Fv2%2Ftags&post=21816"}],"curies":[{"name":"wp","href":"https:\/\/api.w.org\/{rel}","templated":true}]}}