{"id":21826,"date":"2015-06-18T17:25:49","date_gmt":"2015-06-18T15:25:49","guid":{"rendered":"http:\/\/www.invarena.cz\/?p=21826"},"modified":"2015-06-18T19:48:30","modified_gmt":"2015-06-18T17:48:30","slug":"na-prazske-naplavce-se-strilelo-i-slapalo-pro-charitu","status":"publish","type":"post","link":"https:\/\/www.invarena.cz\/?p=21826","title":{"rendered":"Na pra\u017esk\u00e9 n\u00e1plavce se st\u0159\u00edlelo i \u0161lapalo pro charitu"},"content":{"rendered":"<p><strong>Sv\u011btov\u00e1 kajak\u00e1\u0159sk\u00e1 i kanoistick\u00e1 elita se v \u00fater\u00fd 16. \u010dervna sjela na pra\u017eskou n\u00e1plavku, kde pom\u011b\u0159ila nejen sv\u00e9 vod\u00e1ck\u00e9, ale i st\u0159eleck\u00e9 s\u00edly v r\u00e1mci druh\u00e9ho ro\u010dn\u00edku exhibi\u010dn\u00edho z\u00e1vodu Prague Riverside cross.<\/strong> <!--more--><\/p>\n<p>Vedle vrcholov\u00fdch sportovc\u016f v \u010dele s ambasadorem cel\u00e9 akce Vav\u0159incem Hradilkem nechyb\u011blo na akci ani charitativn\u00ed Oran\u017eov\u00e9 kolo Nadace \u010cEZ, na n\u011bm\u017e vy\u0161lapali div\u00e1ci pro neziskov\u00e9 organizace Zem\u011b lid\u00ed a Spole\u010dnost &#8222;E&#8220; celkovou \u010d\u00e1stku 101 677 korun.<\/p>\n<p>Sportovci na pra\u017esk\u00e9m Ra\u0161\u00ednov\u011b n\u00e1b\u0159e\u017e\u00ed kli\u010dkovali mezi p\u0159ek\u00e1\u017ekami ve vod\u011b a st\u0159\u00edleli laserovou pistol\u00ed z kajaku v div\u00e1cky atraktivn\u00edch duelov\u00fdch souboj\u00edch. Z\u00e1bavn\u00e9 exhibi\u010dn\u00ed sout\u011b\u017ee se krom\u011b Vav\u0159ince Hradilka \u00fa\u010dastnila i dal\u0161\u00ed zvu\u010dn\u00e1 vod\u00e1ck\u00e1 jm\u00e9na. Za kajak\u00e1\u0159e bojovali nap\u0159\u00edklad Ji\u0159\u00ed Prskavec nebo olympij\u0161t\u00ed v\u00edt\u011bzov\u00e9 Alexander Grimm a Jessica Fox. Zapojili se ale i sportovci z jin\u00fdch discipl\u00edn ne\u017e t\u011bch vodn\u00edch. Div\u00e1ci tak mohli obdivovat vod\u00e1ck\u00fd um modern\u00edho p\u011btiboja\u0159e Davida Svobody, skikrosa\u0159e Tom\u00e1\u0161e Krause a dal\u0161\u00edch.<\/p>\n<p>Sportovn\u00edch discipl\u00edn se mohli z\u00fa\u010dastnit i samotn\u00ed n\u00e1v\u0161t\u011bvn\u00edci pra\u017esk\u00e9ho Riverside Crossu. Sout\u011b\u017eili v j\u00edzd\u011b na paddleboardu a \u0161lapali na Oran\u017eov\u00e9m kole Nadace \u010cEZ. &#8222;Ka\u017ed\u00fd m\u011bl mo\u017enost str\u00e1vit na na\u0161em kole jednu minutu a sv\u00fdm v\u00fdkonem p\u0159isp\u011bt na dobrou v\u011bc. Na pra\u017eskou n\u00e1plavku p\u0159i\u0161lo mnoho nad\u0161en\u00fdch sportovc\u016f, kte\u0159\u00ed nelitovali n\u00e1mahy a Oran\u017eov\u00e9 kolo vyt\u011b\u017eili na maximum. Jsem r\u00e1da, \u017ee se poda\u0159ilo vy\u0161lapat tak vysokou \u010d\u00e1stku,&#8220; konstatovala \u0159editelka Nadace \u010cEZ Michaela \u017demli\u010dkov\u00e1.<\/p>\n<p>Zem\u011b lid\u00ed, o.p.s. je mlad\u00e1 energick\u00e1 organizace orientuj\u00edc\u00ed se na volno\u010dasov\u00e9 aktivity d\u011bt\u00ed a ml\u00e1de\u017ee s t\u011blesn\u00fdm a kombinovan\u00fdm posti\u017een\u00edm. Od sv\u00e9ho zalo\u017een\u00ed v roce 2010 se sna\u017e\u00ed zprost\u0159edkov\u00e1vat d\u011btem a ml\u00e1de\u017ei takov\u00fd zp\u016fsob tr\u00e1ven\u00ed voln\u00e9ho \u010dasu, jak\u00fd si sami vyberou. V\u0161ichni \u010dlenov\u00e9 organizace pracuj\u00ed na dobrovoln\u00e9 b\u00e1zi bez n\u00e1roku na honor\u00e1\u0159. &#8222;Organizujeme v\u00edkendov\u00e9 akce a z\u00e1jmov\u00e9 krou\u017eky pro d\u011bti s posti\u017een\u00edm i bez n\u011bj &#8211; ob\u011b skupiny d\u011bt\u00ed se tak p\u0159irozen\u011b setk\u00e1vaj\u00ed a u\u010d\u00ed vz\u00e1jemn\u00e9 spolupr\u00e1ci. V\u00fdt\u011b\u017eek z Oran\u017eov\u00e9ho kola v hodnot\u011b 51 143 korun pou\u017eijeme na financov\u00e1n\u00ed letn\u00edho t\u00e1bora, kter\u00fd pro d\u011bti s t\u011blesn\u00fdm a kombinovan\u00fdm posti\u017een\u00edm budeme po\u0159\u00e1dat te\u010f v \u010dervenci,&#8220; sd\u011blila \u010dlenka spr\u00e1vn\u00ed rady Zem\u011b lid\u00ed Krist\u00fdna \u0160taffov\u00e1.<\/p>\n<p>Spole\u010dnost &#8222;E&#8220; zalo\u017eili v roce 1990 rodi\u010de a p\u0159\u00e1tel\u00e9 osob posti\u017een\u00fdch epilepsi\u00ed. Jej\u00edm posl\u00e1n\u00edm je zlep\u0161en\u00ed postaven\u00ed osob s epilepsi\u00ed ve spole\u010dnosti, podpora jich samotn\u00fdch i cel\u00e9 jejich rodiny. Zam\u011b\u0159uje se na \u0161\u00ed\u0159en\u00ed informovanosti, odstra\u0148ov\u00e1n\u00ed strachu a z\u00e1bran u \u0161irok\u00e9ho okol\u00ed a rozvoj pov\u011bdom\u00ed o z\u00e1sad\u00e1ch prvn\u00ed pomoci p\u0159i epileptick\u00fdch z\u00e1chvatech. &#8222;Poskytujeme tak\u00e9 odborn\u00e9 soci\u00e1ln\u00ed poradenstv\u00ed, soci\u00e1ln\u011b aktiviza\u010dn\u00ed slu\u017eby spole\u010dn\u011b s navazuj\u00edc\u00edmi fakultativn\u00edmi \u010dinnostmi, jako jsou kurzy, pobyty, semin\u00e1\u0159e, kluby nebo sportovn\u00ed rehabilitace. V\u00fdt\u011b\u017eek z Oran\u017eov\u00e9ho kola ve v\u00fd\u0161i 50 534 korun pou\u017eijeme na provoz soci\u00e1ln\u00edho podniku Aran\u017e\u00e9rie &#8211; kv\u011btiny s p\u0159\u00edb\u011bhem, ve kter\u00e9m na\u0161e klienty s epilepsi\u00ed zam\u011bstn\u00e1v\u00e1me,&#8220; uvedla Alena \u010cervenkov\u00e1, p\u0159edsedkyn\u011b Spole\u010dnosti &#8222;E&#8220;.<\/p>\n<p>Parlamentn\u00ed listy<\/p>\n","protected":false},"excerpt":{"rendered":"<div class=\"mh-excerpt\"><p>Sv\u011btov\u00e1 kajak\u00e1\u0159sk\u00e1 i kanoistick\u00e1 elita se v \u00fater\u00fd 16. \u010dervna sjela na pra\u017eskou n\u00e1plavku, kde pom\u011b\u0159ila nejen sv\u00e9 vod\u00e1ck\u00e9, ale i st\u0159eleck\u00e9 s\u00edly v r\u00e1mci <a class=\"mh-excerpt-more\" href=\"https:\/\/www.invarena.cz\/?p=21826\" title=\"Na pra\u017esk\u00e9 n\u00e1plavce se st\u0159\u00edlelo i \u0161lapalo pro charitu\">[&#8230;]<\/a><\/p>\n<\/div>","protected":false},"author":1,"featured_media":0,"comment_status":"open","ping_status":"closed","sticky":false,"template":"","format":"standard","meta":{"footnotes":""},"categories":[9],"tags":[],"class_list":["post-21826","post","type-post","status-publish","format-standard","hentry","category-zpravy"],"_links":{"self":[{"href":"https:\/\/www.invarena.cz\/index.php?rest_route=\/wp\/v2\/posts\/21826","targetHints":{"allow":["GET"]}}],"collection":[{"href":"https:\/\/www.invarena.cz\/index.php?rest_route=\/wp\/v2\/posts"}],"about":[{"href":"https:\/\/www.invarena.cz\/index.php?rest_route=\/wp\/v2\/types\/post"}],"author":[{"embeddable":true,"href":"https:\/\/www.invarena.cz\/index.php?rest_route=\/wp\/v2\/users\/1"}],"replies":[{"embeddable":true,"href":"https:\/\/www.invarena.cz\/index.php?rest_route=%2Fwp%2Fv2%2Fcomments&post=21826"}],"version-history":[{"count":0,"href":"https:\/\/www.invarena.cz\/index.php?rest_route=\/wp\/v2\/posts\/21826\/revisions"}],"wp:attachment":[{"href":"https:\/\/www.invarena.cz\/index.php?rest_route=%2Fwp%2Fv2%2Fmedia&parent=21826"}],"wp:term":[{"taxonomy":"category","embeddable":true,"href":"https:\/\/www.invarena.cz\/index.php?rest_route=%2Fwp%2Fv2%2Fcategories&post=21826"},{"taxonomy":"post_tag","embeddable":true,"href":"https:\/\/www.invarena.cz\/index.php?rest_route=%2Fwp%2Fv2%2Ftags&post=21826"}],"curies":[{"name":"wp","href":"https:\/\/api.w.org\/{rel}","templated":true}]}}