{"id":21827,"date":"2015-06-18T17:28:51","date_gmt":"2015-06-18T15:28:51","guid":{"rendered":"http:\/\/www.invarena.cz\/?p=21827"},"modified":"2015-06-18T19:48:11","modified_gmt":"2015-06-18T17:48:11","slug":"rad-bych-maloval-v-hollywoodu-sni-vytvarnik-s-downovym-syndromem","status":"publish","type":"post","link":"https:\/\/www.invarena.cz\/?p=21827","title":{"rendered":"R\u00e1d bych maloval v Hollywoodu, sn\u00ed v\u00fdtvarn\u00edk s Downov\u00fdm syndromem"},"content":{"rendered":"<p><strong>V\u00fdtvarn\u00edk Kry\u0161tof Marschal je velk\u00fdm filmov\u00fdm fanou\u0161kem, jeho z\u00e1jem o filmy se odr\u00e1\u017e\u00ed i v jeho tvorb\u011b.<\/strong> <!--more--><\/p>\n<p>Sv\u00e9 obrazy \u010desk\u00fdch i zahrani\u010dn\u00edch filmov\u00fdch hv\u011bzd vystavuje aktu\u00e1ln\u011b v pra\u017esk\u00e9m ART + UM Gallery.<\/p>\n<p>Zat\u00edm portr\u00e9ty obl\u00edben\u00fdch herc\u016f a here\u010dek maluje podle fotografi\u00ed, jeho snem je ale vydat se do Hollywoodu a prorazit jako portr\u00e9tista hv\u011bzd st\u0159\u00edbrn\u00e9ho pl\u00e1tna. A to navzdory sv\u00e9mu handicapu &#8211; Downovu syndromu.<\/p>\n<p>Nebyl by prvn\u00edm ani jedin\u00fdm, komu se navzdory posti\u017een\u00ed poda\u0159ilo ve sv\u011bt\u011b \u0161oubyznysu usp\u011bt. Na leto\u0161n\u00ed sout\u011b\u017ei Eurovize zaujali nap\u0159\u00edklad handicapovan\u00ed hudebn\u00edci z Finska, kte\u0159\u00ed dali dohromady punkovou kapelu. A z nedalek\u00e9ho Norska poch\u00e1z\u00ed Svein Andr\u00e9 Hofs? Myhre, p\u0159edstavitel tituln\u00edho hrdiny ve filmu Detektiv Down, nato\u010den\u00e9ho v \u010desk\u00e9 koprodukci Bardem Breienem.<\/p>\n<p>\u010ct24<\/p>\n","protected":false},"excerpt":{"rendered":"<div class=\"mh-excerpt\"><p>V\u00fdtvarn\u00edk Kry\u0161tof Marschal je velk\u00fdm filmov\u00fdm fanou\u0161kem, jeho z\u00e1jem o filmy se odr\u00e1\u017e\u00ed i v jeho tvorb\u011b.<\/p>\n<\/div>","protected":false},"author":1,"featured_media":0,"comment_status":"open","ping_status":"closed","sticky":false,"template":"","format":"standard","meta":{"footnotes":""},"categories":[9],"tags":[],"class_list":["post-21827","post","type-post","status-publish","format-standard","hentry","category-zpravy"],"_links":{"self":[{"href":"https:\/\/www.invarena.cz\/index.php?rest_route=\/wp\/v2\/posts\/21827","targetHints":{"allow":["GET"]}}],"collection":[{"href":"https:\/\/www.invarena.cz\/index.php?rest_route=\/wp\/v2\/posts"}],"about":[{"href":"https:\/\/www.invarena.cz\/index.php?rest_route=\/wp\/v2\/types\/post"}],"author":[{"embeddable":true,"href":"https:\/\/www.invarena.cz\/index.php?rest_route=\/wp\/v2\/users\/1"}],"replies":[{"embeddable":true,"href":"https:\/\/www.invarena.cz\/index.php?rest_route=%2Fwp%2Fv2%2Fcomments&post=21827"}],"version-history":[{"count":0,"href":"https:\/\/www.invarena.cz\/index.php?rest_route=\/wp\/v2\/posts\/21827\/revisions"}],"wp:attachment":[{"href":"https:\/\/www.invarena.cz\/index.php?rest_route=%2Fwp%2Fv2%2Fmedia&parent=21827"}],"wp:term":[{"taxonomy":"category","embeddable":true,"href":"https:\/\/www.invarena.cz\/index.php?rest_route=%2Fwp%2Fv2%2Fcategories&post=21827"},{"taxonomy":"post_tag","embeddable":true,"href":"https:\/\/www.invarena.cz\/index.php?rest_route=%2Fwp%2Fv2%2Ftags&post=21827"}],"curies":[{"name":"wp","href":"https:\/\/api.w.org\/{rel}","templated":true}]}}