{"id":21830,"date":"2015-06-19T09:00:37","date_gmt":"2015-06-19T07:00:37","guid":{"rendered":"http:\/\/www.invarena.cz\/?p=21830"},"modified":"2015-06-19T09:24:25","modified_gmt":"2015-06-19T07:24:25","slug":"vodickova-v-klokancich-skoncila-novy-predseda-ma-krizovy-plan","status":"publish","type":"post","link":"https:\/\/www.invarena.cz\/?p=21830","title":{"rendered":"Vodi\u010dkov\u00e1 v Klok\u00e1nc\u00edch skon\u010dila, nov\u00fd p\u0159edseda m\u00e1 krizov\u00fd pl\u00e1n"},"content":{"rendered":"<p><strong>Na sobotn\u00edm shrom\u00e1\u017ed\u011bn\u00ed p\u0159edsednictva Fondu ohro\u017een\u00fdch d\u011bt\u00ed provozuj\u00edc\u00edho Klok\u00e1nky byla p\u0159ijata rozhodnut\u00ed, je\u017e maj\u00ed Klok\u00e1nky vyv\u00e9st z krize a odvr\u00e1tit hrozbu exekuce.<\/strong> <!--more--><\/p>\n<p>Dlouholet\u00e1 p\u0159edsedkyn\u011b Fondu ohro\u017een\u00fdch d\u011bt\u00ed <span class=\"highlight\">FOD<\/span> Marie Vodi\u010dkov\u00e1 (na sn\u00edmku) na z\u00e1klad\u011b rozhodnut\u00ed p\u0159edsednictva skon\u010dila ve funkci.<\/p>\n<p>Nov\u00fd \u0161\u00e9f Jan Van\u011bk mus\u00ed te\u010f zah\u00e1jit zachr\u00e1nn\u00e9 operace. Nejd\u0159\u00edve mus\u00ed odvr\u00e1tit exekuci za dvacetimili\u00f3nov\u00fd dluh na soci\u00e1ln\u00edm zabezpe\u010den\u00ed. Pak vy\u0159e\u0161it dluh osm mili\u00f3n\u016f na mzd\u00e1ch.<\/p>\n<p>&#8222;Jedn\u00e1me a hled\u00e1me \u0159e\u0161en\u00ed s Pra\u017eskou spr\u00e1vou soci\u00e1ln\u00edho zabezpe\u010den\u00ed. Nicm\u00e9n\u011b mus\u00ed se dr\u017eet z\u00e1kona a v r\u00e1mci n\u011bho hledat cestu. Je\u0161t\u011b n\u011bjak\u00e9 jsou, kter\u00e9 nebyly vyu\u017eity. Nicm\u00e9n\u011b zb\u00fdv\u00e1 n\u00e1m \u010dtrn\u00e1ct dn\u00ed, maxim\u00e1ln\u011b t\u0159i t\u00fddny. Pokud se to nepoda\u0159\u00ed, budeme muset p\u0159istoupit ke krizov\u00e9mu pl\u00e1nu,&#8220; vysv\u011btlil Jan Van\u011bk.<\/p>\n<p>&#8222;Krizov\u00fd pl\u00e1n je takov\u00fd, \u017ee bychom propustili zam\u011bstnance a p\u00e9\u010di o d\u011bti by musel p\u0159evz\u00edt n\u011bkdo jin\u00fd,&#8220; \u0159ekl Van\u011bk. Tak daleko to ale nechce nechat doj\u00edt.<\/p>\n<p>Na hled\u00e1n\u00ed pen\u011bz a z\u00e1chrann\u00fdch \u0159e\u0161en\u00ed u\u017e za\u010dal pracovat.<\/p>\n<p>V nov\u011b p\u0159ijat\u00fdch stanov\u00e1ch bylo schv\u00e1leno, \u017ee pobo\u010dky a azylov\u00e9 domy FOD budou pobo\u010dn\u00fdmi spolky. Nijak se jich tak nebude dot\u00fdkat dluh FODS, ale na druhou stranu budou dost\u00e1vat od FOD jen \u010d\u00e1ste\u010dnou pomoc.<\/p>\n<p>D\u00e1le je v pl\u00e1nu prodej domu pat\u0159\u00edc\u00edho FOD v Krom\u011b\u0159\u00ed\u017ei, kam u\u017e nep\u0159ij\u00edm\u00e1j\u00ed nov\u00e9 d\u011bti. Ty st\u00e1vaj\u00edc\u00ed tam prozat\u00edm z\u016fstanou do vy\u0159e\u0161en\u00ed situace.<\/p>\n<p>Proti Marii Vodi\u010dkov\u00e9, je\u017e jako jedin\u00e1 rozhodovala, se nyn\u00ed nad\u00e1le na rozhodnut\u00ed mus\u00ed shodnout p\u011bt \u010dlen\u016f p\u0159edsednictva.<\/p>\n<p>&#8222;Pan\u00ed Vodi\u010dkov\u00e9 vd\u011b\u010d\u00edme za to, co vybudovala a jak urputn\u011b o to bojovala. Nicm\u00e9n\u011b nyn\u00ed m\u00e1 ka\u017ed\u00fd v p\u0159edsednictvu jeden hlas. A zv\u00edt\u011bz\u00ed nadpolovi\u010dn\u00ed v\u011bt\u0161ina. To je z\u00e1sadn\u00ed zm\u011bna,&#8220; popsal zm\u011bny stanov fondu Van\u011bk. Potvrdil, \u017ee p\u0159i\u0161li o t\u0159icet a\u017e p\u011btat\u0159icet mili\u00f3n\u016f korun od st\u00e1tu.<\/p>\n<p>Van\u011bk po\u017e\u00e1dal rovn\u011b\u017e o sch\u016fzku premi\u00e9ra Bohuslava Sobotku, jestli by jim nepomohl. Ale v\u0161e je nyn\u00ed v rukou Pra\u017esk\u00e9 spr\u00e1vy soci\u00e1ln\u00edho zabezpe\u010den\u00ed.<\/p>\n<p>Nov\u00e9 veden\u00ed, kter\u00e9 \u010dlenov\u00e9 fondu zvolili v sobotu, se u\u017e podle Lidov\u00fdch novin se\u0161lo s \u010ceskou spr\u00e1vou soci\u00e1ln\u00edho zabezpe\u010den\u00ed a \u0159e\u0161ilo 22milionov\u00fd dluh na soci\u00e1ln\u00edch odvodech.<\/p>\n<p>Pr\u00e1v\u011b kv\u016fli n\u011bmu organizaci hroz\u00ed exekuce. &#8222;Dostali jsme z\u00e1kladn\u00ed informace. Kdy\u017e nyn\u00ed budeme v\u010das platit odvody, otev\u0159e n\u00e1m to mo\u017en\u00e1 cestu ke spl\u00e1tkov\u00e9mu kalend\u00e1\u0159i,&#8220; vysv\u011btlil \u0159editel Van\u011bk.<\/p>\n<p>\u010c\u00edm d\u0159\u00edv se organizaci poda\u0159\u00ed tento dluh umo\u0159it, t\u00edm d\u0159\u00edv bude m\u00edt \u0161anci dos\u00e1hnout statusu bezdlu\u017enosti a \u017e\u00e1dat kraje o dotace, kter\u00e9 nyn\u00ed nedostala.<\/p>\n<p>Pr\u00e1v\u011b kv\u016fli \u0161patn\u00e9mu hospoda\u0159en\u00ed v sobotu \u010dlenov\u00e9 fondu znovu nezvolili Vodi\u010dkovou jako p\u0159edsedkyni. Ta se sna\u017eila dostat alespo\u0148 do p\u0159edsednictva, hlasy ale nez\u00edskala ani pro tuto pozici. Stala se z n\u00ed neofici\u00e1ln\u00ed poradkyn\u011b.<\/p>\n<p>Ministryn\u011b pr\u00e1ce a soci\u00e1ln\u00edch v\u011bc\u00ed Michaela Marksov\u00e1 (\u010cSSD) dal\u0161\u00ed komunikaci s organizac\u00ed podle Lidov\u00fdch novin podmi\u0148ovala pr\u00e1v\u011b zm\u011bnou stanov. Nel\u00edbilo se j\u00ed, \u017ee pen\u00edze od st\u00e1tu chodily na pra\u017esk\u00fd centr\u00e1ln\u00ed \u00fa\u010det, a ne p\u0159\u00edmo do jednotliv\u00fdch za\u0159\u00edzen\u00ed.<\/p>\n<h2>Jind\u0159ichohradeck\u00fd Klok\u00e1nek skon\u010dil<\/h2>\n<p>\u0160est d\u011bt\u00ed z jind\u0159ichohradeck\u00e9ho Klok\u00e1nku si muselo sbalit v\u011bci a rozlou\u010dit se. Toto za\u0159\u00edzen\u00ed Fondu ohro\u017een\u00fdch d\u011bt\u00ed ve st\u0159edu skon\u010dilo kv\u016fli finan\u010dn\u00edm probl\u00e9m\u016fm. &#8222;P\u0159ipravovali jsme na to d\u011bti del\u0161\u00ed dobu. Nebyl to tedy pro n\u011b n\u00e1hl\u00fd \u0161ok. Vym\u011bnily si mezi sebou kontakty a \u0159ekly si, \u017ee si budou ps\u00e1t. Tety jim tak\u00e9 sl\u00edbily, \u017ee za nimi budou jezdit,&#8220; popsala situaci pro LN \u0159editelka Klok\u00e1nku Em\u00edlie Popelkov\u00e1.<br \/>\nSama si vzala jedno z d\u011bt\u00ed \u2013 \u0161estiletou hol\u010di\u010dku \u2013 do p\u011bstounsk\u00e9 p\u00e9\u010de. Dal\u0161\u00ed d\u00edvka zam\u00ed\u0159ila ke sv\u00e9mu str\u00fdci, t\u0159i sourozence a chlapce odvezli soci\u00e1ln\u00ed pracovn\u00edci do jin\u00fdch za\u0159\u00edzen\u00ed.<br \/>\nZam\u011bstnanci p\u0159ich\u00e1zej\u00ed do pr\u00e1ce tento t\u00fdden naposled. V\u0161ichni dali v\u00fdpov\u011b\u010f kv\u016fli tomu, \u017ee dlouhodob\u011b nedost\u00e1vali od Fondu ohro\u017een\u00fdch d\u011bt\u00ed, kter\u00fd Klok\u00e1nky spravuje, v\u00fdplatu.<\/p>\n<p>&nbsp;<\/p>\n<h2>Litom\u011b\u0159ick\u00e9mu Klok\u00e1nku svitla nad\u011bje<\/h2>\n<p>Litom\u011b\u0159ick\u00e1 pobo\u010dka Klok\u00e1nku m\u00e1 za sebou 8 let p\u00e9\u010de o celkem v\u00edce ne\u017e 100 d\u011bt\u00ed, kter\u00e9 mu p\u0159i\u0159kl soud nebo m\u011bstsk\u00e9 \u00fa\u0159ady. Kolektiv veden\u00fd Ivanou Prudi\u010dovou vydr\u017eel t\u00e9m\u011b\u0159 cel\u00fd pohromad\u011b. &#8222;Fungujeme v nezm\u011bn\u011bn\u00e9 podob\u011b. Tety pracuj\u00ed, a\u010d jsou nyn\u00ed dva m\u011bs\u00edce bez v\u00fdplat. D\u016fle\u017eit\u00e9 je, \u017ee jsou pen\u00edze pro d\u011bti. Vlivem zm\u011bn ve veden\u00ed fondu a zah\u00e1jen\u00ed jeho restrukturalizace se otev\u0159ely dve\u0159e k jedn\u00e1n\u00ed s vl\u00e1dou a svitla n\u00e1m nad\u011bje na vy\u0159e\u0161en\u00ed probl\u00e9m\u016f. \u0160et\u0159\u00edme, kde se d\u00e1, rozhodn\u011b to v\u0161ak nepoci\u0165uj\u00ed d\u011bti, i kdy\u017e k t\u011bm star\u0161\u00edm se informace a ot\u00e1zky, co s Klok\u00e1nkem bude, dostanou,&#8220; \u0159\u00edk\u00e1 Prudi\u010dov\u00e1, kter\u00e1 byla sou\u010dasn\u011b nov\u011b zvolena do p\u011bti\u010dlenn\u00e9ho p\u0159edsednictva <span class=\"highlight\">FOD<\/span>.<\/p>\n<p>Z Fondu ohro\u017een\u00fdch d\u011bt\u00ed se postupn\u011b stala velk\u00e1 organizace, kter\u00e1 nespravovala jen Klok\u00e1nek, ale i azylov\u00e9 domy, Domy na p\u016fl cesty, \u0161kolic\u00ed a media\u010dn\u00ed centra. Nakonec u\u017e se nesta\u010dila &#8222;sebefinancovat&#8220;. P\u0159ed nov\u00fdm p\u0159edsednictvem stoj\u00ed rozhodnut\u00ed ur\u010dit priority a zajistit restrukturalizaci, kter\u00e1 nebude ze dne na den a pro mnoh\u00e9 bude i bolestiv\u00e1. V\u00fdhodou pro litom\u011b\u0159ick\u00fd Klok\u00e1nek je podpora m\u011bsta. V\u00fdznamnou podporou jsou tak\u00e9 sponzo\u0159i a d\u00e1rci.<\/p>\n<p>&nbsp;<\/p>\n<div class=\"middle\">\n<div id=\"content\" class=\"conin\">\n<div class=\"main_content\">\n<div id=\"article\" class=\"\">\n<h2>Vyj\u00e1d\u0159en\u00ed \u010dlensk\u00e9ho shrom\u00e1\u017ed\u011bn\u00ed FOD<\/h2>\n<p class=\"article-perex\">Dne 13. 6. 2015 se konalo \u010dlensk\u00e9 shrom\u00e1\u017ed\u011bn\u00ed, na kter\u00e9m odstoupilo veden\u00ed Fondu ohro\u017een\u00fdch d\u011bt\u00ed v \u010dele s\u00a0Mari\u00ed Vodi\u010dkovou.<\/p>\n<div class=\"article-content\">\n<p>Na\u0161e pod\u011bkov\u00e1n\u00ed pat\u0159\u00ed JUDr. Marii Vodi\u010dkov\u00e9 za velk\u00fd p\u0159\u00ednos pro Fond ohro\u017een\u00fdch d\u011bt\u00ed a jsme r\u00e1di, \u017ee i nad\u00e1le z\u016fst\u00e1v\u00e1 v\u00a0na\u0161ich \u0159ad\u00e1ch jako odborn\u00edk na soci\u00e1ln\u011b pr\u00e1vn\u00ed ochranu d\u011bt\u00ed.<\/p>\n<p>Po schv\u00e1len\u00ed nov\u00fdch stanov FOD, kter\u00e9 \u0159e\u0161ily nov\u00e9 volby a vznik pobo\u010dn\u00fdch spolk\u016f bylo zvoleno nov\u00e9 p\u0159edsednictvo a nov\u00fd p\u0159edseda FOD. Fond ohro\u017een\u00fdch d\u011bt\u00ed nov\u011b povede Jan Van\u011bk, DiS a do p\u0159edsednictva s\u00a0kolektivn\u00edm rozhodov\u00e1n\u00edm byly zvoleny: Ing. Zde\u0148ka P\u00e1tkov\u00e1, PhDr. Zde\u0148ka Tesa\u0159ov\u00e1, Ivana Prudi\u010dov\u00e1 a Hanka Kupkov\u00e1. FOD sou\u010dasn\u011b schv\u00e1lilo nov\u00e9 sm\u011bry na p\u0159\u00ed\u0161t\u00ed obdob\u00ed, kter\u00e9 by m\u011bly napomoci vyv\u00e9st FOD ze sou\u010dasn\u00e9 krize. Jde zejm\u00e9na:<\/p>\n<p>1)\u00a0\u00a0\u00a0\u00a0\u00a0 Pobo\u010dky FOD a takt\u00e9\u017e azylov\u00e9 domy, kter\u00e9 se nep\u0159em\u011bn\u00ed na pobo\u010dn\u00e9 spolky (po dopln\u011bn\u00ed stanov) a nese\u017eenou si na svou \u010dinnost finan\u010dn\u00ed prost\u0159edky, budou muset ukon\u010dit svoji \u010dinnost v\u00a0term\u00ednech, kter\u00e9 je nutno dodr\u017eet z\u00a0hlediska \u010derp\u00e1n\u00ed dotac\u00ed, kter\u00e9 jim byly na rok 2015 p\u0159id\u011bleny tak, aby nebyl FOD pokutov\u00e1n za zru\u0161en\u00ed t\u00e9to slu\u017eby.<\/p>\n<p>2)\u00a0\u00a0\u00a0\u00a0\u00a0 V\u00a0azylov\u00fdch domech bude d\u00e1le provedena kontrola n\u00e1klad\u016f a budou provozov\u00e1ny jen v\u00a0po\u010dtu l\u016f\u017eek, na kter\u00e9 dost\u00e1v\u00e1me dotace. P\u0159ehodnot\u00ed se p\u0159\u00edsp\u011bvky ubytovan\u00fdch na bydlen\u00ed a tyto budou nav\u00fd\u0161eny podle p\u0159id\u011blovan\u00fdch soci\u00e1ln\u00edch d\u00e1vek. L\u016f\u017eka nepokryt\u00e1 dotacemi budou nab\u00eddnuta m\u011bstsk\u00fdm \u00fa\u0159ad\u016fm k vyu\u017eit\u00ed za finan\u010dn\u00ed \u00fahradu. Pokud se takto nepoda\u0159\u00ed zajistit zdroje na provoz azylov\u00fdch dom\u016f, bude jedn\u00e1no o jejich zru\u0161en\u00ed a objekt ve vlastnictv\u00ed FOD bude nab\u00eddnut k\u00a0prodeji.<\/p>\n<p>3)\u00a0\u00a0\u00a0\u00a0\u00a0 Komise rozhodla, \u017ee nov\u00fd Klok\u00e1nek v\u00a0Prost\u011bjov\u011b nebude provozov\u00e1n a bude nab\u00eddnut m\u011bstu Prost\u011bjovu k\u00a0vyu\u017eit\u00ed na byty a bude jedn\u00e1no s\u00a0jin\u00fdm subjektem k\u00a0vyu\u017eit\u00ed objektu pro provoz ZDVOP a to s\u00a0t\u00edm, \u017ee tyto subjekty uhrad\u00ed vynalo\u017een\u00e9 n\u00e1klady na rekonstrukci.<\/p>\n<p>4)\u00a0\u00a0\u00a0\u00a0\u00a0 P\u0159ipravit mo\u017enost odprodeje budovy Klok\u00e1nku v\u00a0Havl\u00ed\u010dkov\u011b ulici v\u00a0Krom\u011b\u0159\u00ed\u017ei s\u00a0t\u00edm, \u017ee je nutn\u00e9 nejprve vy\u0159e\u0161it z\u00e1stavu \u010ceskomoravsk\u00e9 stavebn\u00ed spo\u0159itelny, kter\u00e1 poskytla v\u00fdhodnou hypot\u00e9ku na nezbytn\u00fd n\u00e1kup objektu Klok\u00e1nek v\u00a0Hostivici a tak\u00e9 zajistit dokon\u010den\u00ed provozu v\u00a0n\u00e1vaznosti na poskytnutou dotaci 2015.<\/p>\n<p>5)\u00a0\u00a0\u00a0\u00a0\u00a0 Okam\u017eit\u011b za\u010d\u00edt jednat s\u00a0Ministerstvem \u0161kolstv\u00ed a jednotliv\u00fdmi krajsk\u00fdmi \u00fa\u0159ady o restrukturalizaci Klok\u00e1nk\u016f, kde jsou p\u0159espo\u010detn\u00e1 l\u016f\u017eka a to bu\u010f zm\u011bnou t\u00e9to kapacity na d\u011btsk\u00e9 domovy, vedle kter\u00fdch by nad\u00e1le fungoval Klok\u00e1nek jako ZDVOP, nebo na mo\u017enost vyu\u017eit\u00ed byt\u016f pro \u017eadatele o byty, kte\u0159\u00ed jsou m\u00edstn\u00edmi \u00fa\u0159ady prov\u011b\u0159eni jako spolehliv\u00ed, slu\u0161n\u00ed a nekonfliktn\u00ed. To v\u00a0p\u0159\u00edpad\u011b, \u017ee by restrukturalizace na d\u011btsk\u00e9 domovy nebyla mo\u017en\u00e1 a stavebn\u00ed charakter objektu toto umo\u017e\u0148uje.<\/p>\n<\/div>\n<\/div>\n<\/div>\n<\/div>\n<\/div>\n","protected":false},"excerpt":{"rendered":"<div class=\"mh-excerpt\"><p>Na sobotn\u00edm shrom\u00e1\u017ed\u011bn\u00ed p\u0159edsednictva Fondu ohro\u017een\u00fdch d\u011bt\u00ed provozuj\u00edc\u00edho Klok\u00e1nky byla p\u0159ijata rozhodnut\u00ed, je\u017e maj\u00ed Klok\u00e1nky vyv\u00e9st z krize a odvr\u00e1tit hrozbu exekuce.<\/p>\n<\/div>","protected":false},"author":1,"featured_media":21831,"comment_status":"open","ping_status":"closed","sticky":false,"template":"","format":"standard","meta":{"footnotes":""},"categories":[6],"tags":[],"class_list":["post-21830","post","type-post","status-publish","format-standard","has-post-thumbnail","hentry","category-politika"],"_links":{"self":[{"href":"https:\/\/www.invarena.cz\/index.php?rest_route=\/wp\/v2\/posts\/21830","targetHints":{"allow":["GET"]}}],"collection":[{"href":"https:\/\/www.invarena.cz\/index.php?rest_route=\/wp\/v2\/posts"}],"about":[{"href":"https:\/\/www.invarena.cz\/index.php?rest_route=\/wp\/v2\/types\/post"}],"author":[{"embeddable":true,"href":"https:\/\/www.invarena.cz\/index.php?rest_route=\/wp\/v2\/users\/1"}],"replies":[{"embeddable":true,"href":"https:\/\/www.invarena.cz\/index.php?rest_route=%2Fwp%2Fv2%2Fcomments&post=21830"}],"version-history":[{"count":0,"href":"https:\/\/www.invarena.cz\/index.php?rest_route=\/wp\/v2\/posts\/21830\/revisions"}],"wp:featuredmedia":[{"embeddable":true,"href":"https:\/\/www.invarena.cz\/index.php?rest_route=\/wp\/v2\/media\/21831"}],"wp:attachment":[{"href":"https:\/\/www.invarena.cz\/index.php?rest_route=%2Fwp%2Fv2%2Fmedia&parent=21830"}],"wp:term":[{"taxonomy":"category","embeddable":true,"href":"https:\/\/www.invarena.cz\/index.php?rest_route=%2Fwp%2Fv2%2Fcategories&post=21830"},{"taxonomy":"post_tag","embeddable":true,"href":"https:\/\/www.invarena.cz\/index.php?rest_route=%2Fwp%2Fv2%2Ftags&post=21830"}],"curies":[{"name":"wp","href":"https:\/\/api.w.org\/{rel}","templated":true}]}}