{"id":21833,"date":"2015-06-19T15:37:04","date_gmt":"2015-06-19T13:37:04","guid":{"rendered":"http:\/\/www.invarena.cz\/?p=21833"},"modified":"2015-06-19T15:37:12","modified_gmt":"2015-06-19T13:37:12","slug":"mpsv-ma-jako-hlavni-prioritu-vyrazne-snizit-pocty-deti-odebiranych-z-rodin","status":"publish","type":"post","link":"https:\/\/www.invarena.cz\/?p=21833","title":{"rendered":"MPSV m\u00e1 jako hlavn\u00ed prioritu &#8211; v\u00fdrazn\u011b sn\u00ed\u017eit po\u010dty d\u011bt\u00ed odeb\u00edran\u00fdch z rodin"},"content":{"rendered":"<p><strong>Ministerstvo pr\u00e1ce a soci\u00e1ln\u00edch v\u011bc\u00ed se ohrazuje proti informac\u00edm, kter\u00e9 se v uplynul\u00fdch dnech objevily v n\u011bkter\u00fdch m\u00e9di\u00edch a na soci\u00e1ln\u00edch s\u00edt\u00edch. Podle nich spolupracuje MPSV s norskou soci\u00e1ln\u00ed slu\u017ebou, co\u017e povede k hromadn\u00e9mu odeb\u00edr\u00e1n\u00ed d\u011bt\u00ed z rodin, kter\u00e9 se znel\u00edb\u00ed \u00fa\u0159edn\u00edk\u016fm.<\/strong><br \/>\n<!--more--><br \/>\nfoto: stock.xchng<\/p>\n<p>\u010cesk\u00e1 republika je ji\u017e v\u00edce ne\u017e 10 let kritizovan\u00e1 tuzemsk\u00fdmi i zahrani\u010dn\u00edmi organizacemi, kter\u00e9 se zab\u00fdvaj\u00ed pr\u00e1vy d\u011bt\u00ed, za rozt\u0159\u00ed\u0161t\u011bn\u00fd syst\u00e9m ochrany d\u011bt\u00ed, kter\u00fd v kone\u010dn\u00e9m d\u016fsledku vede ke st\u00e1le p\u0159etrv\u00e1vaj\u00edc\u00edm vysok\u00fdm po\u010dt\u016fm d\u011bt\u00ed v \u00fastavn\u00ed p\u00e9\u010di. Podle N\u00e1rodn\u00ed strategie ochrany pr\u00e1v d\u011bt\u00ed je proto \u00fakolem MPSV p\u0159ipravit zast\u0159e\u0161uj\u00edc\u00ed z\u00e1kon o podpo\u0159e ohro\u017een\u00fdch rodin. Obsahem by m\u011bla b\u00fdt komplexn\u00ed \u00faprava ochrany pr\u00e1v d\u011bt\u00ed, podpory rodin a tak\u00e9 optimalizace financov\u00e1n\u00ed a \u0159\u00edzen\u00ed syst\u00e9mu p\u00e9\u010de o ohro\u017een\u00e9 d\u011bti.<\/p>\n<p>Pr\u00e1ce na n\u00e1vrhu zm\u011bny syst\u00e9mu p\u00e9\u010de o ohro\u017een\u00e9 rodiny s d\u011btmi jsou realizov\u00e1ny v r\u00e1mci programu CZ04 \u201eOhro\u017een\u00e9 d\u011bti a ml\u00e1de\u017e\u201c, kter\u00fd je financov\u00e1n z tzv. \u201enorsk\u00fdch fond\u016f\u201c. Tyto EHP fondy poskytuj\u00ed \u010cesk\u00e9 republice od roku 2009 finan\u010dn\u00ed podporu p\u0159edev\u0161\u00edm v oblasti \u017eivotn\u00edho prost\u0159ed\u00ed, uchov\u00e1v\u00e1n\u00ed evropsk\u00e9ho kulturn\u00edho d\u011bdictv\u00ed, rozvoje lidsk\u00fdch zdroj\u016f, spolupr\u00e1ce \u0161kol a stipendi\u00ed a v neposledn\u00ed \u0159ad\u011b v rozvoji syst\u00e9mu ochrany ohro\u017een\u00fdch d\u011bt\u00ed.<\/p>\n<p>Ministerstvo pr\u00e1ce a soci\u00e1ln\u00edch v\u011bc\u00ed se inspiruje p\u0159i p\u0159\u00edprav\u011b nov\u00e9ho z\u00e1kona celou \u0159adou funguj\u00edc\u00edch syst\u00e9m\u016f p\u00e9\u010de o ohro\u017een\u00e9 d\u011bti, nap\u0159. slovensk\u00fdm, polsk\u00fdm, ma\u010farsk\u00fdm, nizozemsk\u00fdm a dal\u0161\u00edmi. Z toho d\u016fvodu se konaj\u00ed pracovn\u00ed v\u00fdjezdy \u010desk\u00fdch odborn\u00edk\u016f do t\u011bchto zem\u00ed a odborn\u00edci ze zahrani\u010d\u00ed se \u00fa\u010dastn\u00ed konferenc\u00ed a diskuz\u00ed u n\u00e1s. Norsk\u00e1 strana podpo\u0159ila mimo jin\u00e9 zpracov\u00e1n\u00ed komparativn\u00edch studi\u00ed, kter\u00e9 mapuj\u00ed \u010cesku bl\u00edzk\u00e9 syst\u00e9my p\u00e9\u010de o ohro\u017een\u00e9 d\u011bti a zahrnuj\u00ed n\u00e1hradn\u00ed rodinnou p\u00e9\u010di a pr\u00e1ci org\u00e1n\u016f na ochranu d\u011bt\u00ed \u2013 norsk\u00e1 praxe p\u0159itom ve studi\u00edch zahrnuta nen\u00ed.<\/p>\n<p>\u201eS norskou organizac\u00ed Barnevernet neprob\u00edh\u00e1 v\u016fbec \u017e\u00e1dn\u00e1 spolupr\u00e1ce a j\u00e1 \u017e\u00e1d\u00e1m p\u0159edev\u0161\u00edm pan\u00ed poslankyni Chal\u00e1nkovou, aby p\u0159estala tyto naprost\u00e9 nesmysly, kter\u00e9 se t\u00fdkaj\u00ed syst\u00e9mu p\u00e9\u010de o ohro\u017een\u00e9 d\u011bti a rodiny, opakovat na ve\u0159ejnosti,\u201c uvedla ministryn\u011b pr\u00e1ce a soci\u00e1ln\u00edch v\u011bc\u00ed Michaela Marksov\u00e1. \u201eV r\u00e1mci projektu se naopak nor\u0161t\u00ed odborn\u00edci p\u0159ijeli tak\u00e9 inspirovat \u010desk\u00fdm syst\u00e9mem, nav\u0161t\u00edvili i n\u011bkter\u00e9 slu\u017eby, l\u00edbil se jim nap\u0159\u00edklad domov pro osoby se zdravotn\u00edm posti\u017een\u00edm Zb\u016fch,\u201c dodala ministryn\u011b.<\/p>\n<p>MPSV rovn\u011b\u017e odm\u00edt\u00e1 spojitost s p\u0159\u00edpadem bratr\u016f Michal\u00e1kov\u00fdch, jak n\u011bkter\u00e1 m\u00e9dia nazna\u010dila. Program CZ04 \u201eOhro\u017een\u00e9 d\u011bti a ml\u00e1de\u017e\u201c za\u010dal p\u0159edt\u00edm, ne\u017e byla kauza medializov\u00e1na.<\/p>\n<p>Petr Hab\u00e1\u0148<br \/>\ntiskov\u00fd mluv\u010d\u00ed MPSV<\/p>\n","protected":false},"excerpt":{"rendered":"<div class=\"mh-excerpt\"><p>Ministerstvo pr\u00e1ce a soci\u00e1ln\u00edch v\u011bc\u00ed se ohrazuje proti informac\u00edm, kter\u00e9 se v uplynul\u00fdch dnech objevily v n\u011bkter\u00fdch m\u00e9di\u00edch a na soci\u00e1ln\u00edch s\u00edt\u00edch. Podle nich spolupracuje <a class=\"mh-excerpt-more\" href=\"https:\/\/www.invarena.cz\/?p=21833\" title=\"MPSV m\u00e1 jako hlavn\u00ed prioritu &#8211; v\u00fdrazn\u011b sn\u00ed\u017eit po\u010dty d\u011bt\u00ed odeb\u00edran\u00fdch z rodin\">[&#8230;]<\/a><\/p>\n<\/div>","protected":false},"author":1,"featured_media":21454,"comment_status":"open","ping_status":"closed","sticky":false,"template":"","format":"standard","meta":{"footnotes":""},"categories":[6],"tags":[],"class_list":["post-21833","post","type-post","status-publish","format-standard","has-post-thumbnail","hentry","category-politika"],"_links":{"self":[{"href":"https:\/\/www.invarena.cz\/index.php?rest_route=\/wp\/v2\/posts\/21833","targetHints":{"allow":["GET"]}}],"collection":[{"href":"https:\/\/www.invarena.cz\/index.php?rest_route=\/wp\/v2\/posts"}],"about":[{"href":"https:\/\/www.invarena.cz\/index.php?rest_route=\/wp\/v2\/types\/post"}],"author":[{"embeddable":true,"href":"https:\/\/www.invarena.cz\/index.php?rest_route=\/wp\/v2\/users\/1"}],"replies":[{"embeddable":true,"href":"https:\/\/www.invarena.cz\/index.php?rest_route=%2Fwp%2Fv2%2Fcomments&post=21833"}],"version-history":[{"count":0,"href":"https:\/\/www.invarena.cz\/index.php?rest_route=\/wp\/v2\/posts\/21833\/revisions"}],"wp:featuredmedia":[{"embeddable":true,"href":"https:\/\/www.invarena.cz\/index.php?rest_route=\/wp\/v2\/media\/21454"}],"wp:attachment":[{"href":"https:\/\/www.invarena.cz\/index.php?rest_route=%2Fwp%2Fv2%2Fmedia&parent=21833"}],"wp:term":[{"taxonomy":"category","embeddable":true,"href":"https:\/\/www.invarena.cz\/index.php?rest_route=%2Fwp%2Fv2%2Fcategories&post=21833"},{"taxonomy":"post_tag","embeddable":true,"href":"https:\/\/www.invarena.cz\/index.php?rest_route=%2Fwp%2Fv2%2Ftags&post=21833"}],"curies":[{"name":"wp","href":"https:\/\/api.w.org\/{rel}","templated":true}]}}