{"id":21835,"date":"2015-06-19T15:33:11","date_gmt":"2015-06-19T13:33:11","guid":{"rendered":"http:\/\/www.invarena.cz\/?p=21835"},"modified":"2015-06-19T15:33:11","modified_gmt":"2015-06-19T13:33:11","slug":"osmdesat-tisic-rodin-pecuje-nonstop-o-seniory-co-kdyz-potrebuji-vydechnout","status":"publish","type":"post","link":"https:\/\/www.invarena.cz\/?p=21835","title":{"rendered":"Osmdes\u00e1t tis\u00edc rodin pe\u010duje nonstop o seniory. Co kdy\u017e pot\u0159ebuj\u00ed vydechnout?"},"content":{"rendered":"<p><strong>Zhruba 120 tis\u00edc rodin v \u010cesku sv\u00fdm nemohouc\u00edm p\u0159\u00edbuzn\u00fdm pom\u00e1h\u00e1 ob\u010das, zbytek obstaraj\u00ed asistentky a najat\u00e9 pe\u010dovatelky. Dal\u0161\u00edch 80 tis\u00edc \u010cech\u016f o sv\u00e9 bl\u00edzk\u00e9 doma pe\u010duje ka\u017edodenn\u011b. Co kdy\u017e je ale p\u00e9\u010de nad jejich s\u00edly nebo jednodu\u0161e pot\u0159ebuj\u00ed na chv\u00edli pauzu?<\/strong><br \/>\n<!--more--><\/p>\n<p>&nbsp;<\/p>\n<p>V \u010cesku \u017eije kolem t\u0159\u00ed milion\u016f senior\u016f. T\u011bch, kte\u0159\u00ed jsou odk\u00e1z\u00e1ni na p\u00e9\u010di druh\u00fdch, je podle odhad\u016f kolem 300 tis\u00edc. V\u011bt\u0161ina z nich pot\u0159ebuje p\u00e9\u010di 24 hodin denn\u011b 365 dn\u00ed v roce. Slu\u017eby domov\u016f pro seniory vyu\u017e\u00edv\u00e1 ale asi jen sto tis\u00edc.<\/p>\n<p>\u201e\u0158ada domov\u016f pro seniory nab\u00edz\u00ed ob\u010dasnou p\u00e9\u010di o seniory, takzvanou odleh\u010dovac\u00ed slu\u017ebu. Ta funguje jako b\u011b\u017en\u00fd pobyt v domov\u011b pro seniory, pouze s t\u00edm, \u017ee v domov\u011b klient tr\u00e1v\u00ed omezenou dobu. Minim\u00e1ln\u00ed doba, po kterou lze slu\u017ebu vyu\u017e\u00edt, je jedna noc, maxim\u00e1ln\u00ed t\u0159i m\u011bs\u00edce s mo\u017enost\u00ed prodlou\u017een\u00ed. Klienty p\u0159ij\u00edm\u00e1me od 55 let v\u011bku nehled\u011b na m\u00edsto trval\u00e9ho bydli\u0161t\u011b, tak\u017ee slu\u017ebu mohou vyu\u017e\u00edt lid\u00e9 z cel\u00e9 republiky. Nejv\u011bt\u0161\u00ed z\u00e1jem je b\u011bhem letn\u00edch m\u011bs\u00edc\u016f, kdy rodiny odj\u00ed\u017ed\u011bj\u00ed na dovolenou. Nejfrekventovan\u011bj\u0161\u00ed je obdob\u00ed zhruba od \u010dervna do z\u00e1\u0159\u00ed,\u201c popsala Hana \u010cervenkov\u00e1, \u0159editelka domova pro seniory Centrum Na Verand\u011b Beroun.<\/p>\n<p>Podle pr\u016fzkum\u016f dev\u011bt z deseti senior\u016f do domova pro seniory nechce. Hlavn\u00edm d\u016fvodem je strach z ciz\u00edho prost\u0159ed\u00ed. \u201eKa\u017ed\u00fd vn\u00edm\u00e1 z\u00e1sadn\u00ed zm\u011bny v \u017eivot\u011b jinak, n\u011bkdo se p\u0159izp\u016fsob\u00ed rychle, jin\u00e9mu to trv\u00e1. Pr\u00e1v\u011b odleh\u010dovac\u00ed slu\u017eba je vhodn\u00fdm mezistupn\u011bm p\u0159i rozhodov\u00e1n\u00ed, zda nastoupit do domova pro seniory nebo ne. Pro seniory je daleko jednodu\u0161\u0161\u00ed b\u00fdt p\u00e1r dn\u00ed n\u011bkde na zkou\u0161ku s v\u011bdom\u00edm, \u017ee mohou kdykoliv odej\u00edt zp\u00e1tky dom\u016f. \u010casto se ale st\u00e1v\u00e1, \u017ee jsou se slu\u017ebami tak spokojen\u00ed, \u017ee u\u017e se dom\u016f vr\u00e1tit necht\u011bj\u00ed. M\u00e1me \u0159adu klient\u016f, kte\u0159\u00ed p\u0159e\u0161li z odleh\u010dovac\u00ed slu\u017eby rovnou na pobytovou,\u201c \u0159ekla Hana \u010cervenkov\u00e1.<\/p>\n<p>Vedle st\u00e1tn\u00edch domov\u016f pro seniory a stacion\u00e1\u0159\u016f, kter\u00e9 zejm\u00e9na b\u011bhem letn\u00edch m\u011bs\u00edc\u016f praskaj\u00ed ve \u0161vech, nab\u00edzej\u00ed slu\u017ebu i n\u011bkter\u00e1 soukrom\u00e1 za\u0159\u00edzen\u00ed. \u201eLid\u00e9 maj\u00ed ze soukrom\u00fdch domov\u016f pro seniory st\u00e1le obavy. Jednodu\u0161e se boj\u00ed, \u017ee budou nad jejich finan\u010dn\u00ed mo\u017enosti. P\u0159itom lid\u00e9 z\u00e1visl\u00ed na pomoci druh\u00fdch mohou \u017e\u00e1dat o st\u00e1tn\u00ed p\u0159\u00edsp\u011bvek na p\u00e9\u010di. Ten se vypl\u00e1c\u00ed tomu, kdo o doty\u010dn\u00e9ho trvale pe\u010duje. P\u0159\u00edsp\u011bvek se pohybuje od 800 do 12 tis\u00edc korun m\u011bs\u00ed\u010dn\u011b. Z\u00e1le\u017e\u00ed pouze na seniorech a jejich rodin\u00e1ch, jestli pen\u00edze vyu\u017eij\u00ed na asistenta, nav\u00fd\u0161en\u00ed rodinn\u00e9ho rozpo\u010dtu nebo na domov pro seniory,\u201c uvedla Hana \u010cervenkov\u00e1.<\/p>\n<p>Zhruba 24 procent rodin pe\u010duj\u00edc\u00edch o sv\u00e9 bl\u00edzk\u00e9 pot\u0159ebuje finan\u010dn\u00ed pomoc. Krom\u011b finan\u010dn\u00ed z\u00e1t\u011b\u017ee p\u0159edstavuje permanentn\u00ed p\u00e9\u010de o bl\u00edzk\u00e9 i obrovsk\u00fd psychick\u00fd tlak a \u010dasovou n\u00e1ro\u010dnost. \u201eJe tak\u0159ka pravidlem, \u017ee jeden \u010dlen pe\u010duj\u00edc\u00ed rodiny mus\u00ed opustit zam\u011bstn\u00e1n\u00ed, aby byl neust\u00e1le k dispozici. T\u00edm se samoz\u0159ejm\u011b sn\u00ed\u017e\u00ed rozpo\u010det rodiny. Za\u010d\u00edn\u00e1 tedy koloto\u010d n\u00e1ro\u010dn\u00e9 p\u00e9\u010de a strachu o rodinn\u00fd rozpo\u010det. Na rodin\u00e1ch, kter\u00e9 um\u00edst\u00ed sv\u00e9 bl\u00edzk\u00e9 do domova a jezd\u00ed je pak nav\u0161t\u011bvovat, je vid\u011bt velk\u00e1 \u00faleva. Po \u010dase t\u00e9m\u011b\u0159 v\u0161em dojde, \u017ee by stejn\u011b nebyli schopni poskytnout takovou p\u00e9\u010di jako odborn\u011b vy\u0161kolen\u00fd person\u00e1l. Nav\u00edc se zlep\u0161\u00ed i psychika seniora, nikdo nechce b\u00fdt na obt\u00ed\u017e,\u201c uzav\u0159ela Hana \u010cervenkov\u00e1.<\/p>\n<p>Tiskov\u00e1 zpr\u00e1va domova pro seniory CENTRUM NA VERAND\u011a BEROUN, z.\u00fa.<\/p>\n","protected":false},"excerpt":{"rendered":"<div class=\"mh-excerpt\"><p>Zhruba 120 tis\u00edc rodin v \u010cesku sv\u00fdm nemohouc\u00edm p\u0159\u00edbuzn\u00fdm pom\u00e1h\u00e1 ob\u010das, zbytek obstaraj\u00ed asistentky a najat\u00e9 pe\u010dovatelky. Dal\u0161\u00edch 80 tis\u00edc \u010cech\u016f o sv\u00e9 bl\u00edzk\u00e9 doma <a class=\"mh-excerpt-more\" href=\"https:\/\/www.invarena.cz\/?p=21835\" title=\"Osmdes\u00e1t tis\u00edc rodin pe\u010duje nonstop o seniory. Co kdy\u017e pot\u0159ebuj\u00ed vydechnout?\">[&#8230;]<\/a><\/p>\n<\/div>","protected":false},"author":1,"featured_media":14573,"comment_status":"open","ping_status":"closed","sticky":false,"template":"","format":"standard","meta":{"footnotes":""},"categories":[7],"tags":[],"class_list":["post-21835","post","type-post","status-publish","format-standard","has-post-thumbnail","hentry","category-spolecnost"],"_links":{"self":[{"href":"https:\/\/www.invarena.cz\/index.php?rest_route=\/wp\/v2\/posts\/21835","targetHints":{"allow":["GET"]}}],"collection":[{"href":"https:\/\/www.invarena.cz\/index.php?rest_route=\/wp\/v2\/posts"}],"about":[{"href":"https:\/\/www.invarena.cz\/index.php?rest_route=\/wp\/v2\/types\/post"}],"author":[{"embeddable":true,"href":"https:\/\/www.invarena.cz\/index.php?rest_route=\/wp\/v2\/users\/1"}],"replies":[{"embeddable":true,"href":"https:\/\/www.invarena.cz\/index.php?rest_route=%2Fwp%2Fv2%2Fcomments&post=21835"}],"version-history":[{"count":0,"href":"https:\/\/www.invarena.cz\/index.php?rest_route=\/wp\/v2\/posts\/21835\/revisions"}],"wp:featuredmedia":[{"embeddable":true,"href":"https:\/\/www.invarena.cz\/index.php?rest_route=\/wp\/v2\/media\/14573"}],"wp:attachment":[{"href":"https:\/\/www.invarena.cz\/index.php?rest_route=%2Fwp%2Fv2%2Fmedia&parent=21835"}],"wp:term":[{"taxonomy":"category","embeddable":true,"href":"https:\/\/www.invarena.cz\/index.php?rest_route=%2Fwp%2Fv2%2Fcategories&post=21835"},{"taxonomy":"post_tag","embeddable":true,"href":"https:\/\/www.invarena.cz\/index.php?rest_route=%2Fwp%2Fv2%2Ftags&post=21835"}],"curies":[{"name":"wp","href":"https:\/\/api.w.org\/{rel}","templated":true}]}}