{"id":21836,"date":"2015-06-19T01:57:45","date_gmt":"2015-06-18T23:57:45","guid":{"rendered":"http:\/\/www.invarena.cz\/?p=21836"},"modified":"2015-06-19T22:03:58","modified_gmt":"2015-06-19T20:03:58","slug":"kvuli-lekarskemu-posudku-jsem-prisel-o-prukaz-ztpp-co-mam-delat","status":"publish","type":"post","link":"https:\/\/www.invarena.cz\/?p=21836","title":{"rendered":"Kv\u016fli l\u00e9ka\u0159sk\u00e9mu posudku jsem p\u0159i\u0161el o pr\u016fkaz ZTP\/P. Co m\u00e1m d\u011blat?"},"content":{"rendered":"<p><strong>Dotaz:\u00a0 M\u011bl jsem cel\u00fd \u017eivot pr\u016fkaz ZTP\/P. V\u017edy mi l\u00e9ka\u0159 napsal l\u00e9ka\u0159sk\u00fd posudek, na z\u00e1klad\u011b kter\u00e9ho mi byl pr\u016fkaz p\u0159izn\u00e1n. Te\u010f mi ale l\u00e9ka\u0159skou zpr\u00e1vu psala jin\u00e1 l\u00e9ka\u0159ka a j\u00e1 dostal pouze pr\u016fkaz ZTP. Co m\u00e1m te\u010f d\u011blat?<\/strong><br \/>\n<!--more--><br \/>\n<strong>Cel\u00fd dotaz:<\/strong><br \/>\nJe mi 59let a jsem po d\u011btsk\u00e9 obrn\u011b od mali\u010dka &#8211; polyo. Chod\u00edm t\u011b\u017ece o dvou fr. hol\u00edch, nos\u00edm na P noze ort\u00e9zu. Bez ort\u00e9zy nemohu chodit. Od mali\u010dka m\u00e1m pr\u016fkaz ZTP\/P a v\u017edy po 5 letech jsem si jej musel nechat prodlou\u017eit. M\u011bl jsem l\u00e9ka\u0159e, kter\u00fd mi psal k tomuto l\u00e9ka\u0159sk\u00e9 posouzen\u00ed. V\u017edy mi byl pr\u016fkaz ZTP\/P prodlou\u017een. Nyn\u00ed l\u00e9ka\u0159 ode\u0161el na jinou pozici a j\u00e1 byl p\u0159id\u011blen k nov\u00e9 l\u00e9ka\u0159ce, kter\u00e1 vypracovala moje zdravotn\u00ed posouzen\u00ed pro pr\u016fkaz ZTP\/P, ale na z\u00e1klad\u011b jej\u00edho posudku p\u0159i\u0161lo mi sd\u011blen\u00ed, \u017ee mi bude p\u0159id\u011blen pr\u016fkaz ZTP.<br \/>\nTedy bez doprovodu, kter\u00fd pot\u0159ebuji, proto\u017ee nejsem s\u00e1m schopen si nic nosit. M\u016fj zdravotn\u00ed stav se nem\u011bn\u00ed, sp\u00ed\u0161e jsem na tom zdravotn\u011b h\u016f\u0159e. Chozen\u00ed mi d\u011bl\u00e1 velk\u00e9 obt\u00ed\u017ee, probl\u00e9my s p\u0159et\u00ed\u017een\u00edm ky\u010dl\u00ed, p\u00e1te\u0159e&#8230;<br \/>\nJak mohu z\u00edskat ZTP\/P, kdy\u017e m\u016fj zdravotn\u00ed stav se nezlep\u0161il ? M\u00e1m zaj\u00edt za b\u00fdval\u00fdm l\u00e9ka\u0159em nebo za sou\u010dasnou l\u00e9ka\u0159kou a \u0159\u00edci ji o tomto ?<\/p>\n<p><strong>Odpov\u011b\u010f:<\/strong><br \/>\nV prv\u00e9 \u0159ad\u011b je pot\u0159eba, abyste podal odvol\u00e1n\u00ed proti rozhodnut\u00ed, kter\u00e9 V\u00e1m p\u0159i\u0161lo. P\u0159i odvol\u00e1n\u00ed bude znovu posuzov\u00e1n V\u00e1\u0161 zdravotn\u00ed stav. Ur\u010dit\u011b je nezbytn\u00e9, abyste si zajistil l\u00e9ka\u0159skou zpr\u00e1vu, kter\u00e1 bude jin\u00e1 ne\u017e ta, na z\u00e1klad\u011b n\u00ed\u017e V\u00e1m byl pr\u016fkaz ZTP\/P odebr\u00e1n.<br \/>\nN\u011bkdy sta\u010d\u00ed v l\u00e9ka\u0159sk\u00e9 zpr\u00e1v\u011b zm\u011bnit p\u00e1r slov a u\u017e m\u016f\u017ee L\u00e9ka\u0159sk\u00e1 posudkov\u00e1 slu\u017eba \u010cSSZ posoudit, \u017ee n\u00e1rok na pr\u016fkaz ZTP\/P nem\u00e1te. Je proto dobr\u00e9, abyste za\u0161el za nyn\u011bj\u0161\u00ed l\u00e9ka\u0159kou a celou situaci s n\u00ed probral. Pokud m\u00e1te kopii l\u00e9ka\u0159sk\u00e9 zpr\u00e1vy, kterou V\u00e1m d\u0159\u00edve psal V\u00e1\u0161 l\u00e9ka\u0159, tak j\u00ed uka\u017ete sou\u010dasn\u00e9 l\u00e9ka\u0159ce, aby vid\u011bla, jak p\u0159esn\u011b m\u00e1 zpr\u00e1vu napsat, aby V\u00e1m byl pr\u016fkaz ZTP\/P p\u0159izn\u00e1n. M\u016f\u017ee se samoz\u0159ejm\u011b st\u00e1t, \u017ee Va\u0161e l\u00e9ka\u0159ka nebude m\u00edt z\u00e1jem nic na l\u00e9ka\u0159sk\u00e9 zpr\u00e1v\u011b m\u011bnit, v takov\u00e9m p\u0159\u00edpad\u011b se d\u00e1 doporu\u010dit n\u00e1vrat k p\u016fvodn\u00edmu l\u00e9ka\u0159i nebo si naj\u00edt n\u011bkoho jin\u00e9ho, kdo by V\u00e1m l\u00e9ka\u0159skou zpr\u00e1vu napsal l\u00e9pe.<br \/>\nJestli\u017ee m\u00e1te pr\u016fkaz ZTP\/P cel\u00fd \u017eivot, nen\u00ed \u017e\u00e1dn\u00fd d\u016fvod k tomu, aby V\u00e1m nyn\u00ed byl odebr\u00e1n, z toho d\u016fvodu je evidentn\u00ed, \u017ee cel\u00e1 situace se d\u00e1 vy\u0159e\u0161it lep\u0161\u00edm pops\u00e1n\u00edm Va\u0161eho zdravotn\u00edho stavu, aby to bylo pro LPS prokazateln\u00e9, co\u017e bohu\u017eel ne ka\u017ed\u00fd l\u00e9ka\u0159 um\u00ed.<\/p>\n<p>&nbsp;<\/p>\n<p>Ji\u0159\u00ed Marek<br \/>\ninvArena<\/p>\n","protected":false},"excerpt":{"rendered":"<div class=\"mh-excerpt\"><p>Dotaz:\u00a0 M\u011bl jsem cel\u00fd \u017eivot pr\u016fkaz ZTP\/P. V\u017edy mi l\u00e9ka\u0159 napsal l\u00e9ka\u0159sk\u00fd posudek, na z\u00e1klad\u011b kter\u00e9ho mi byl pr\u016fkaz p\u0159izn\u00e1n. Te\u010f mi ale l\u00e9ka\u0159skou zpr\u00e1vu <a class=\"mh-excerpt-more\" href=\"https:\/\/www.invarena.cz\/?p=21836\" title=\"Kv\u016fli l\u00e9ka\u0159sk\u00e9mu posudku jsem p\u0159i\u0161el o pr\u016fkaz ZTP\/P. Co m\u00e1m d\u011blat?\">[&#8230;]<\/a><\/p>\n<\/div>","protected":false},"author":3,"featured_media":13767,"comment_status":"open","ping_status":"closed","sticky":false,"template":"","format":"standard","meta":{"footnotes":""},"categories":[18],"tags":[],"class_list":["post-21836","post","type-post","status-publish","format-standard","has-post-thumbnail","hentry","category-poradna"],"_links":{"self":[{"href":"https:\/\/www.invarena.cz\/index.php?rest_route=\/wp\/v2\/posts\/21836","targetHints":{"allow":["GET"]}}],"collection":[{"href":"https:\/\/www.invarena.cz\/index.php?rest_route=\/wp\/v2\/posts"}],"about":[{"href":"https:\/\/www.invarena.cz\/index.php?rest_route=\/wp\/v2\/types\/post"}],"author":[{"embeddable":true,"href":"https:\/\/www.invarena.cz\/index.php?rest_route=\/wp\/v2\/users\/3"}],"replies":[{"embeddable":true,"href":"https:\/\/www.invarena.cz\/index.php?rest_route=%2Fwp%2Fv2%2Fcomments&post=21836"}],"version-history":[{"count":0,"href":"https:\/\/www.invarena.cz\/index.php?rest_route=\/wp\/v2\/posts\/21836\/revisions"}],"wp:featuredmedia":[{"embeddable":true,"href":"https:\/\/www.invarena.cz\/index.php?rest_route=\/wp\/v2\/media\/13767"}],"wp:attachment":[{"href":"https:\/\/www.invarena.cz\/index.php?rest_route=%2Fwp%2Fv2%2Fmedia&parent=21836"}],"wp:term":[{"taxonomy":"category","embeddable":true,"href":"https:\/\/www.invarena.cz\/index.php?rest_route=%2Fwp%2Fv2%2Fcategories&post=21836"},{"taxonomy":"post_tag","embeddable":true,"href":"https:\/\/www.invarena.cz\/index.php?rest_route=%2Fwp%2Fv2%2Ftags&post=21836"}],"curies":[{"name":"wp","href":"https:\/\/api.w.org\/{rel}","templated":true}]}}